{"id":15354,"date":"2022-09-14T11:27:46","date_gmt":"2022-09-14T09:27:46","guid":{"rendered":"https:\/\/serveiseducatius.xtec.cat\/garraf\/?p=15354"},"modified":"2022-09-14T11:34:35","modified_gmt":"2022-09-14T09:34:35","slug":"sensibilitzacio-i-labordatge-del-matrimoni-forcat-i-la-mutilacio-genital-femenina-des-de-lambit-educatiu","status":"publish","type":"post","link":"https:\/\/serveiseducatius.xtec.cat\/garraf\/general\/sensibilitzacio-i-labordatge-del-matrimoni-forcat-i-la-mutilacio-genital-femenina-des-de-lambit-educatiu\/","title":{"rendered":"Sensibilitzaci\u00f3 i l\u2019abordatge del matrimoni for\u00e7at i la mutilaci\u00f3 genital femenina des de l\u2019\u00e0mbit educatiu"},"content":{"rendered":"<p><span style=\"font-family: arial, sans-serif;\"><img loading=\"lazy\" decoding=\"async\" class=\" wp-image-15355 alignleft\" src=\"https:\/\/serveiseducatius.xtec.cat\/garraf\/wp-content\/uploads\/usu1185\/2022\/09\/escoles-lliures-violencies.png_471283447.png\" alt=\"\" width=\"277\" height=\"388\" \/>Des del<b>\u00a0<\/b><a href=\"https:\/\/xtec.gencat.cat\/ca\/centres\/projeducatiu\/pla-escoles-lliures-de-violencies\/\" target=\"_blank\" rel=\"noopener\" data-saferedirecturl=\"https:\/\/www.google.com\/url?q=https:\/\/xtec.gencat.cat\/ca\/centres\/projeducatiu\/pla-escoles-lliures-de-violencies\/&amp;source=gmail&amp;ust=1663229718251000&amp;usg=AOvVaw2OPgWPeCfb2QJrH8vFnmzu\"><b>Pla Les escoles lliures de viol\u00e8ncies<\/b><\/a>\u00a0s\u2019inicien les<b>\u00a0<\/b>formacions adre\u00e7ades als diferents perfils professionals en mat\u00e8ria de viol\u00e8ncies masclistes <\/span><span style=\"font-family: arial, sans-serif;\">destinades a treballar la <b>Sensibilitzaci\u00f3 i l\u2019abordatge del matrimoni for\u00e7at i la mutilaci\u00f3 genital femenina des de l\u2019\u00e0mbit educatiu<\/b>, impartides per especialistes del programa per a la prevenci\u00f3 i abordatge de la viol\u00e8ncia masclista del Departament d\u2019Igualtat i Feminismes de la Generalitat de Catalunya. L&#8217;activitat est\u00e0 adre\u00e7ada a:<\/span><\/p>\n<ul>\n<li><span style=\"font-family: arial, sans-serif;\">Direccions de centres<\/span><\/li>\n<li><span style=\"font-family: arial, sans-serif;\">Referent de perspectiva de g\u00e8nere del centre<\/span><\/li>\n<li><span style=\"font-family: arial, sans-serif;\">Persones tutores i perfil docent de les franges de 3r a 4t d&#8217;ESO<\/span><\/li>\n<\/ul>\n<p><span style=\"font-family: arial, sans-serif;\">El codi de la c\u00e0psula formativa que es dur\u00e0 a terme el\u00a0<b>18\/10\/2022<\/b>\u00a0\u00e9s el seg\u00fcent:<\/span><\/p>\n<p><a href=\"https:\/\/aplicacions.gestioeducativa.gencat.cat\/pls\/soloas\/pk_for_mod_ins.p_for_detall_activitat?p_header=Selecci%F3%5epk_for_mod_ins.p_for_form_cons_act?p_excloure_crp_rec=T*Llista%20d%27activitats%5epk_for_mod_ins.p_for_cons_activitats?p_entitat=0517%26p_entitat_txt=Unitat%20de%20Suport%20a%20l%27Alumnat%20en%20situaci%F3%20de%20Viol%E8ncia%20USAV%20(USAV)%26p_totes=N%26p_inici=21%26p_excloure_crp_rec=T&amp;p_codi=9000600517&amp;p_curs=2022-2023&amp;p_es_inscr=S\" target=\"_blank\" rel=\"noopener\" data-saferedirecturl=\"https:\/\/www.google.com\/url?q=https:\/\/aplicacions.gestioeducativa.gencat.cat\/pls\/soloas\/pk_for_mod_ins.p_for_detall_activitat?p_header%3DSelecci%25F3%255epk_for_mod_ins.p_for_form_cons_act?p_excloure_crp_rec%3DT*Llista%2520d%2527activitats%255epk_for_mod_ins.p_for_cons_activitats?p_entitat%3D0517%2526p_entitat_txt%3DUnitat%2520de%2520Suport%2520a%2520l%2527Alumnat%2520en%2520situaci%25F3%2520de%2520Viol%25E8ncia%2520USAV%2520(USAV)%2526p_totes%3DN%2526p_inici%3D21%2526p_excloure_crp_rec%3DT%26p_codi%3D9000600517%26p_curs%3D2022-2023%26p_es_inscr%3DS&amp;source=gmail&amp;ust=1663229718251000&amp;usg=AOvVaw1s1xWo83iratYcmBhQCXQn\"><span style=\"font-family: arial, sans-serif;\">9000600517 Sensibilitzaci\u00f3 i l\u2019abordatge del matrimoni for\u00e7at i la mutilaci\u00f3 genital femenina des de l\u2019\u00e0mbit educatiu<\/span><\/a><\/p>\n","protected":false},"excerpt":{"rendered":"<p>Des del\u00a0Pla Les escoles lliures de viol\u00e8ncies\u00a0s\u2019inicien les\u00a0formacions adre\u00e7ades als diferents perfils professionals en mat\u00e8ria de viol\u00e8ncies masclistes destinades a treballar la Sensibilitzaci\u00f3 i l\u2019abordatge del matrimoni for\u00e7at i la mutilaci\u00f3 genital femenina des de l\u2019\u00e0mbit educatiu, impartides per especialistes del programa per a la prevenci\u00f3 i abordatge de la viol\u00e8ncia masclista del Departament d\u2019Igualtat [&hellip;]<\/p>\n","protected":false},"author":10,"featured_media":15355,"comment_status":"closed","ping_status":"closed","sticky":true,"template":"","format":"standard","meta":{"_bbp_topic_count":0,"_bbp_reply_count":0,"_bbp_total_topic_count":0,"_bbp_total_reply_count":0,"_bbp_voice_count":0,"_bbp_anonymous_reply_count":0,"_bbp_topic_count_hidden":0,"_bbp_reply_count_hidden":0,"_bbp_forum_subforum_count":0,"site-sidebar-layout":"default","site-content-layout":"","ast-site-content-layout":"","site-content-style":"default","site-sidebar-style":"default","ast-global-header-display":"","ast-banner-title-visibility":"","ast-main-header-display":"","ast-hfb-above-header-display":"","ast-hfb-below-header-display":"","ast-hfb-mobile-header-display":"","site-post-title":"","ast-breadcrumbs-content":"","ast-featured-img":"","footer-sml-layout":"","theme-transparent-header-meta":"","adv-header-id-meta":"","stick-header-meta":"","header-above-stick-meta":"","header-main-stick-meta":"","header-below-stick-meta":"","astra-migrate-meta-layouts":"default","ast-page-background-enabled":"default","ast-page-background-meta":{"desktop":{"background-color":"var(--ast-global-color-4)","background-image":"","background-repeat":"repeat","background-position":"center center","background-size":"auto","background-attachment":"scroll","background-type":"","background-media":"","overlay-type":"","overlay-color":"","overlay-opacity":"","overlay-gradient":""},"tablet":{"background-color":"","background-image":"","background-repeat":"repeat","background-position":"center center","background-size":"auto","background-attachment":"scroll","background-type":"","background-media":"","overlay-type":"","overlay-color":"","overlay-opacity":"","overlay-gradient":""},"mobile":{"background-color":"","background-image":"","background-repeat":"repeat","background-position":"center center","background-size":"auto","background-attachment":"scroll","background-type":"","background-media":"","overlay-type":"","overlay-color":"","overlay-opacity":"","overlay-gradient":""}},"ast-content-background-meta":{"desktop":{"background-color":"var(--ast-global-color-5)","background-image":"","background-repeat":"repeat","background-position":"center center","background-size":"auto","background-attachment":"scroll","background-type":"","background-media":"","overlay-type":"","overlay-color":"","overlay-opacity":"","overlay-gradient":""},"tablet":{"background-color":"var(--ast-global-color-5)","background-image":"","background-repeat":"repeat","background-position":"center center","background-size":"auto","background-attachment":"scroll","background-type":"","background-media":"","overlay-type":"","overlay-color":"","overlay-opacity":"","overlay-gradient":""},"mobile":{"background-color":"var(--ast-global-color-5)","background-image":"","background-repeat":"repeat","background-position":"center center","background-size":"auto","background-attachment":"scroll","background-type":"","background-media":"","overlay-type":"","overlay-color":"","overlay-opacity":"","overlay-gradient":""}},"footnotes":""},"categories":[1,29],"tags":[356],"class_list":["post-15354","post","type-post","status-publish","format-standard","has-post-thumbnail","hentry","category-general","category-portada","tag-coeducacio"],"post_mailing_queue_ids":[],"_links":{"self":[{"href":"https:\/\/serveiseducatius.xtec.cat\/garraf\/wp-json\/wp\/v2\/posts\/15354","targetHints":{"allow":["GET"]}}],"collection":[{"href":"https:\/\/serveiseducatius.xtec.cat\/garraf\/wp-json\/wp\/v2\/posts"}],"about":[{"href":"https:\/\/serveiseducatius.xtec.cat\/garraf\/wp-json\/wp\/v2\/types\/post"}],"author":[{"embeddable":true,"href":"https:\/\/serveiseducatius.xtec.cat\/garraf\/wp-json\/wp\/v2\/users\/10"}],"replies":[{"embeddable":true,"href":"https:\/\/serveiseducatius.xtec.cat\/garraf\/wp-json\/wp\/v2\/comments?post=15354"}],"version-history":[{"count":3,"href":"https:\/\/serveiseducatius.xtec.cat\/garraf\/wp-json\/wp\/v2\/posts\/15354\/revisions"}],"predecessor-version":[{"id":15358,"href":"https:\/\/serveiseducatius.xtec.cat\/garraf\/wp-json\/wp\/v2\/posts\/15354\/revisions\/15358"}],"wp:featuredmedia":[{"embeddable":true,"href":"https:\/\/serveiseducatius.xtec.cat\/garraf\/wp-json\/wp\/v2\/media\/15355"}],"wp:attachment":[{"href":"https:\/\/serveiseducatius.xtec.cat\/garraf\/wp-json\/wp\/v2\/media?parent=15354"}],"wp:term":[{"taxonomy":"category","embeddable":true,"href":"https:\/\/serveiseducatius.xtec.cat\/garraf\/wp-json\/wp\/v2\/categories?post=15354"},{"taxonomy":"post_tag","embeddable":true,"href":"https:\/\/serveiseducatius.xtec.cat\/garraf\/wp-json\/wp\/v2\/tags?post=15354"}],"curies":[{"name":"wp","href":"https:\/\/api.w.org\/{rel}","templated":true}]}}