{"id":14780,"date":"2022-03-23T09:45:27","date_gmt":"2022-03-23T08:45:27","guid":{"rendered":"https:\/\/serveiseducatius.xtec.cat\/garraf\/?p=14780"},"modified":"2022-03-23T09:59:00","modified_gmt":"2022-03-23T08:59:00","slug":"mes-de-500-alumnes-de-la-xarxa-descoles-verdes-del-garraf-netegen-les-rieres-de-ribes-i-begues","status":"publish","type":"post","link":"https:\/\/serveiseducatius.xtec.cat\/garraf\/portada\/mes-de-500-alumnes-de-la-xarxa-descoles-verdes-del-garraf-netegen-les-rieres-de-ribes-i-begues\/","title":{"rendered":"M\u00e9s de 500 alumnes de la Xarxa d\u2019Escoles Verdes del Garraf netegen les rieres de Ribes i Begues"},"content":{"rendered":"<blockquote><p>558 alumnes de set centres educatius de la comarca del Garraf, que formen part de la Xarxa d\u2019Escoles Verdes, han participat en una acci\u00f3 de neteja conjunta a la riera de Ribes i la riera de Begues per a commemorar el Dia Mundial de l\u2019Aigua que se celebra el 22 de mar\u00e7.<\/p>\n<p>L\u2019acci\u00f3 s&#8217;ha desenvolupat en tres punts diferents de la riera de Ribes. L\u2019Escola Pia de Sitges, l\u2019Institut Joan Ramon Benapr\u00e8s i l\u2019Escola Roquetes s&#8217;han encarregat del tram des del Terramar fins a l\u2019aut\u00f2drom. L\u2019Institut Montgr\u00f2s ha fet els diferents trams de la riera, en 4 grups, fins al pont de Les Parellades, juntament amb el grup de la Llar d\u2019Infants El Cargol. L\u2019Escola el Morsell i La Llar d\u2019infants El Castellot d\u2019Olivella han neteja el tram de la riera de Begues.<\/p>\n<p>Durant els diferents recorreguts s&#8217;ha fer servir l\u2019aplicaci\u00f3 Litterati, que permetr\u00e0 con\u00e8ixer la quantitat i les tipologies dels residus recollits, aix\u00ed com la seva geolocalitzaci\u00f3, a partir de les fotos que faran i penjaran els grups participants amb les etiquetes #EscVerdes #Garraf #CatalunyaCleanUpChallenge. El total s&#8217;han recollit en tots els trams uns 1220 Kg de residus de diverses tipologies, (pl\u00e0stics, llaunes, mobles &#8230;).<\/p>\n<p>Els ajuntaments de Sitges, Sant Pere de Ribes i Olivella, i les Agrupacions de Defensa Forestal\u00a0 de Ribes i d\u2019Olivella col\u00b7laboraran en l\u2019organitzaci\u00f3 log\u00edstica de l\u2019activitat i en la recollida dels residus.<\/p>\n<p>Aquesta proposta, que ha coordinat el Servei del Medi Natural i Litoral del Garraf del Consell Comarcal del Garraf, ha comptat tamb\u00e9 amb el suport de l\u2019Ag\u00e8ncia de Residus de Catalunya, Fundesplai, el Servei Educatiu del Garraf i Cavall de Cartr\u00f3.<\/p>\n<p>Les Escoles Verdes s\u00f3n centres educatius que incorporen l\u2019educaci\u00f3 per a la sostenibilitat en el seu projecte educatiu i s\u2019impliquen de forma activa en la millora del seu entorn, promovent-hi la participaci\u00f3 activa de tota la comunitat educativa.<\/p>\n<p>Us passem l&#8217;enlla\u00e7 a la not\u00edcia que ha informat al <a href=\"https:\/\/canalblau.alacarta.cat\/garraf-noticies\/noticia\/mes-de-500-alumnes-de-la-xarxa-d-escoles-verdes-del-garraf-netegen-les-rieres-de-ribes-i-begues\">Canal Blau de TV.<\/a><\/p>\n<p>Tamb\u00e9 us passem l&#8217;enlla\u00e7 del reportatge que s&#8217;ha em\u00e8s a trav\u00e9s del programa Connecti.cat de la <a href=\"https:\/\/www.alacarta.cat\/connecticat\/capitol\/connecticat_22032022\">Xarxa Local de Televisions<\/a>.<\/p>\n<p>Aqu\u00ed teniu algunes imatges d&#8217;aquesta actuaci\u00f3 de recollida de residus celebrada amb motiu del Dia Mundial de l&#8217;Aigua a la comarca del Garraf.<\/p>\n<p><strong><em>Enhorabona per la iniciativa.<\/em><\/strong><\/p>\n<table style=\"width: 95.2548%; border-collapse: collapse; border-color: #2e4bdb; height: 345px;\">\n<tbody>\n<tr>\n<td style=\"width: 34.8%; border-color: #2755d6; text-align: center; border-style: none;\"><span style=\"color: #2795b6;\"><img loading=\"lazy\" decoding=\"async\" class=\"wp-image-14781 size-full aligncenter\" src=\"https:\/\/serveiseducatius.xtec.cat\/garraf\/wp-content\/uploads\/usu1185\/2022\/03\/IMG-20220322-WA0015-1-e1648025700415.jpg\" alt=\"\" width=\"269\" height=\"250\" \/><\/span><\/td>\n<td style=\"width: 25.6%; border-color: #2755d6; border-style: none;\"><img loading=\"lazy\" decoding=\"async\" class=\"wp-image-14782 aligncenter\" src=\"https:\/\/serveiseducatius.xtec.cat\/garraf\/wp-content\/uploads\/usu1185\/2022\/03\/IMG-20220322-WA0016-225x300.jpg\" alt=\"\" width=\"188\" height=\"250\" \/><\/td>\n<td style=\"width: 19.2%; border-color: #2755d6; border-style: none;\"><img loading=\"lazy\" decoding=\"async\" class=\"aligncenter wp-image-14783 size-full\" src=\"https:\/\/serveiseducatius.xtec.cat\/garraf\/wp-content\/uploads\/usu1185\/2022\/03\/IMG-20220322-WA0009-e1648025562886.jpg\" alt=\"\" width=\"141\" height=\"250\" \/><\/td>\n<td style=\"width: 27.0667%; border-color: #263cd1; border-style: none;\"><img loading=\"lazy\" decoding=\"async\" class=\"aligncenter wp-image-14784\" src=\"https:\/\/serveiseducatius.xtec.cat\/garraf\/wp-content\/uploads\/usu1185\/2022\/03\/IMG-20220322-WA0007-169x300.jpg\" alt=\"\" width=\"141\" height=\"250\" srcset=\"https:\/\/serveiseducatius.xtec.cat\/garraf\/wp-content\/uploads\/usu1185\/2022\/03\/IMG-20220322-WA0007-169x300.jpg 169w, https:\/\/serveiseducatius.xtec.cat\/garraf\/wp-content\/uploads\/usu1185\/2022\/03\/IMG-20220322-WA0007-577x1024.jpg 577w, https:\/\/serveiseducatius.xtec.cat\/garraf\/wp-content\/uploads\/usu1185\/2022\/03\/IMG-20220322-WA0007-768x1364.jpg 768w, https:\/\/serveiseducatius.xtec.cat\/garraf\/wp-content\/uploads\/usu1185\/2022\/03\/IMG-20220322-WA0007-865x1536.jpg 865w, https:\/\/serveiseducatius.xtec.cat\/garraf\/wp-content\/uploads\/usu1185\/2022\/03\/IMG-20220322-WA0007.jpg 1153w\" sizes=\"auto, (max-width: 141px) 100vw, 141px\" \/><\/td>\n<\/tr>\n<\/tbody>\n<\/table>\n<p>&nbsp;<\/p><\/blockquote>\n","protected":false},"excerpt":{"rendered":"<p>558 alumnes de set centres educatius de la comarca del Garraf, que formen part de la Xarxa d\u2019Escoles Verdes, han participat en una acci\u00f3 de neteja conjunta a la riera de Ribes i la riera de Begues per a commemorar el Dia Mundial de l\u2019Aigua que se celebra el 22 de mar\u00e7.<\/p>\n","protected":false},"author":10,"featured_media":14785,"comment_status":"closed","ping_status":"closed","sticky":true,"template":"","format":"standard","meta":{"_bbp_topic_count":0,"_bbp_reply_count":0,"_bbp_total_topic_count":0,"_bbp_total_reply_count":0,"_bbp_voice_count":0,"_bbp_anonymous_reply_count":0,"_bbp_topic_count_hidden":0,"_bbp_reply_count_hidden":0,"_bbp_forum_subforum_count":0,"site-sidebar-layout":"default","site-content-layout":"","ast-site-content-layout":"","site-content-style":"default","site-sidebar-style":"default","ast-global-header-display":"","ast-banner-title-visibility":"","ast-main-header-display":"","ast-hfb-above-header-display":"","ast-hfb-below-header-display":"","ast-hfb-mobile-header-display":"","site-post-title":"","ast-breadcrumbs-content":"","ast-featured-img":"","footer-sml-layout":"","theme-transparent-header-meta":"","adv-header-id-meta":"","stick-header-meta":"","header-above-stick-meta":"","header-main-stick-meta":"","header-below-stick-meta":"","astra-migrate-meta-layouts":"default","ast-page-background-enabled":"default","ast-page-background-meta":{"desktop":{"background-color":"var(--ast-global-color-4)","background-image":"","background-repeat":"repeat","background-position":"center center","background-size":"auto","background-attachment":"scroll","background-type":"","background-media":"","overlay-type":"","overlay-color":"","overlay-opacity":"","overlay-gradient":""},"tablet":{"background-color":"","background-image":"","background-repeat":"repeat","background-position":"center center","background-size":"auto","background-attachment":"scroll","background-type":"","background-media":"","overlay-type":"","overlay-color":"","overlay-opacity":"","overlay-gradient":""},"mobile":{"background-color":"","background-image":"","background-repeat":"repeat","background-position":"center center","background-size":"auto","background-attachment":"scroll","background-type":"","background-media":"","overlay-type":"","overlay-color":"","overlay-opacity":"","overlay-gradient":""}},"ast-content-background-meta":{"desktop":{"background-color":"var(--ast-global-color-5)","background-image":"","background-repeat":"repeat","background-position":"center center","background-size":"auto","background-attachment":"scroll","background-type":"","background-media":"","overlay-type":"","overlay-color":"","overlay-opacity":"","overlay-gradient":""},"tablet":{"background-color":"var(--ast-global-color-5)","background-image":"","background-repeat":"repeat","background-position":"center center","background-size":"auto","background-attachment":"scroll","background-type":"","background-media":"","overlay-type":"","overlay-color":"","overlay-opacity":"","overlay-gradient":""},"mobile":{"background-color":"var(--ast-global-color-5)","background-image":"","background-repeat":"repeat","background-position":"center center","background-size":"auto","background-attachment":"scroll","background-type":"","background-media":"","overlay-type":"","overlay-color":"","overlay-opacity":"","overlay-gradient":""}},"footnotes":""},"categories":[29],"tags":[],"class_list":["post-14780","post","type-post","status-publish","format-standard","has-post-thumbnail","hentry","category-portada"],"post_mailing_queue_ids":[],"_links":{"self":[{"href":"https:\/\/serveiseducatius.xtec.cat\/garraf\/wp-json\/wp\/v2\/posts\/14780","targetHints":{"allow":["GET"]}}],"collection":[{"href":"https:\/\/serveiseducatius.xtec.cat\/garraf\/wp-json\/wp\/v2\/posts"}],"about":[{"href":"https:\/\/serveiseducatius.xtec.cat\/garraf\/wp-json\/wp\/v2\/types\/post"}],"author":[{"embeddable":true,"href":"https:\/\/serveiseducatius.xtec.cat\/garraf\/wp-json\/wp\/v2\/users\/10"}],"replies":[{"embeddable":true,"href":"https:\/\/serveiseducatius.xtec.cat\/garraf\/wp-json\/wp\/v2\/comments?post=14780"}],"version-history":[{"count":4,"href":"https:\/\/serveiseducatius.xtec.cat\/garraf\/wp-json\/wp\/v2\/posts\/14780\/revisions"}],"predecessor-version":[{"id":14800,"href":"https:\/\/serveiseducatius.xtec.cat\/garraf\/wp-json\/wp\/v2\/posts\/14780\/revisions\/14800"}],"wp:featuredmedia":[{"embeddable":true,"href":"https:\/\/serveiseducatius.xtec.cat\/garraf\/wp-json\/wp\/v2\/media\/14785"}],"wp:attachment":[{"href":"https:\/\/serveiseducatius.xtec.cat\/garraf\/wp-json\/wp\/v2\/media?parent=14780"}],"wp:term":[{"taxonomy":"category","embeddable":true,"href":"https:\/\/serveiseducatius.xtec.cat\/garraf\/wp-json\/wp\/v2\/categories?post=14780"},{"taxonomy":"post_tag","embeddable":true,"href":"https:\/\/serveiseducatius.xtec.cat\/garraf\/wp-json\/wp\/v2\/tags?post=14780"}],"curies":[{"name":"wp","href":"https:\/\/api.w.org\/{rel}","templated":true}]}}