{"id":14765,"date":"2022-03-16T10:21:45","date_gmt":"2022-03-16T09:21:45","guid":{"rendered":"https:\/\/serveiseducatius.xtec.cat\/garraf\/?p=14765"},"modified":"2022-03-16T12:36:51","modified_gmt":"2022-03-16T11:36:51","slug":"conferencia-la-biblioteca-escolar-del-segle-xxi-a-carrec-de-la-monica-badia","status":"publish","type":"post","link":"https:\/\/serveiseducatius.xtec.cat\/garraf\/portada\/conferencia-la-biblioteca-escolar-del-segle-xxi-a-carrec-de-la-monica-badia\/","title":{"rendered":"Confer\u00e8ncia: &#8220;La biblioteca escolar del segle XXI&#8221; a c\u00e0rrec de la M\u00f2nica Badia"},"content":{"rendered":"<p style=\"text-align: justify;\"><a href=\"https:\/\/drive.google.com\/file\/d\/1SrxcrMY_NtiD5tSP_EkvgIYjB7Tcoap9\/view\" rel=\"attachment wp-att-14766\"><img loading=\"lazy\" decoding=\"async\" class=\"alignright wp-image-14766\" src=\"https:\/\/serveiseducatius.xtec.cat\/garraf\/wp-content\/uploads\/usu1185\/2022\/03\/monica-badia-300x140.png\" alt=\"\" width=\"369\" height=\"172\" \/><\/a>El passat dijous, 10 de mar\u00e7, dins de les activitats del Seminari de coordinaci\u00f3 de Biblioteques Escolars del Garraf vam comptar amb la presencia de la <strong>M\u00f2nica Badia<\/strong> i la <strong>Mar Font<\/strong> del Programa de Biblioteques Escolars Puntedu del Departament d&#8217;Educaci\u00f3 que ens van fer una interessant xerrada sobre <strong><em>Les Biblioteques escolars del segle XXI<\/em><\/strong>, on van exposar de manera exhaustiva quins s\u00f3n els aspectes primordials a tenir en compte a la biblioteca de centre per tal d&#8217;afavorir la innovaci\u00f3 educativa i donar resposta adequada a les necessitats d&#8217;alumnat, professorat i fam\u00edlies.<\/p>\n<p style=\"text-align: justify;\"><span style=\"font-family: inherit; font-size: 1em;\">Entre altres q\u00fcestions rellevants que van sorgir van ser:\u00a0 el per qu\u00e8 de la necessitat de la biblioteca escolar hores d&#8217;ara, la biblioteca escolar com a motor de canvi del centre, el rol del professorat bibliotecari, l&#8217;impuls,de la seva dimensi\u00f3 digital, el treball de la compet\u00e8ncia informacional de l&#8217;alumnat , el suport al treball de la compet\u00e8ncia lectora i liter\u00e0ria &#8230;. .<\/span><\/p>\n<p><a href=\"https:\/\/serveiseducatius.xtec.cat\/garraf\/portada\/conferencia-la-biblioteca-escolar-del-segle-xxi-a-carrec-de-la-monica-badia\/attachment\/bibliotecari\/\" rel=\"attachment wp-att-14771\"><img loading=\"lazy\" decoding=\"async\" class=\" wp-image-14771 alignright\" src=\"https:\/\/serveiseducatius.xtec.cat\/garraf\/wp-content\/uploads\/usu1185\/2022\/03\/bibliotecari-300x170.png\" alt=\"\" width=\"356\" height=\"202\" srcset=\"https:\/\/serveiseducatius.xtec.cat\/garraf\/wp-content\/uploads\/usu1185\/2022\/03\/bibliotecari-300x170.png 300w, https:\/\/serveiseducatius.xtec.cat\/garraf\/wp-content\/uploads\/usu1185\/2022\/03\/bibliotecari-1024x581.png 1024w, https:\/\/serveiseducatius.xtec.cat\/garraf\/wp-content\/uploads\/usu1185\/2022\/03\/bibliotecari-768x436.png 768w, https:\/\/serveiseducatius.xtec.cat\/garraf\/wp-content\/uploads\/usu1185\/2022\/03\/bibliotecari.png 1295w\" sizes=\"auto, (max-width: 356px) 100vw, 356px\" \/><\/a>Us convidem a veure la gravaci\u00f3 d&#8217;aquesta interessant xerrada clicant <a href=\"https:\/\/drive.google.com\/file\/d\/1SrxcrMY_NtiD5tSP_EkvgIYjB7Tcoap9\/view?usp=sharing\">aqu\u00ed<\/a>.<\/p>\n<p>Tamb\u00e9 us adjuntem l&#8217;enlla\u00e7 a la<a href=\"https:\/\/docs.google.com\/presentation\/d\/1TKAHHbzT-EgdNyldj9AeHEZ-dqN_WBrW\/edit?usp=sharing&amp;ouid=118109558527819785754&amp;rtpof=true&amp;sd=true\"> presentaci\u00f3<\/a> que va emprar per si \u00e9s el vostre inter\u00e8s i a on podreu trobar tamb\u00e9 altres enlla\u00e7os a documents que van esmentar.<\/p>\n<p>&nbsp;<\/p>\n<p>&nbsp;<\/p>\n","protected":false},"excerpt":{"rendered":"<p>El passat dijous, 10 de mar\u00e7, dins de les activitats del Seminari de coordinaci\u00f3 de Biblioteques Escolars del Garraf vam comptar amb la presencia de la M\u00f2nica Badia i la Mar Font del Programa de Biblioteques Escolars Puntedu del Departament d&#8217;Educaci\u00f3 que ens van fer una interessant xerrada sobre Les Biblioteques escolars del segle XXI.<\/p>\n","protected":false},"author":10,"featured_media":14766,"comment_status":"closed","ping_status":"closed","sticky":true,"template":"","format":"standard","meta":{"_bbp_topic_count":0,"_bbp_reply_count":0,"_bbp_total_topic_count":0,"_bbp_total_reply_count":0,"_bbp_voice_count":0,"_bbp_anonymous_reply_count":0,"_bbp_topic_count_hidden":0,"_bbp_reply_count_hidden":0,"_bbp_forum_subforum_count":0,"site-sidebar-layout":"default","site-content-layout":"","ast-site-content-layout":"","site-content-style":"default","site-sidebar-style":"default","ast-global-header-display":"","ast-banner-title-visibility":"","ast-main-header-display":"","ast-hfb-above-header-display":"","ast-hfb-below-header-display":"","ast-hfb-mobile-header-display":"","site-post-title":"","ast-breadcrumbs-content":"","ast-featured-img":"","footer-sml-layout":"","theme-transparent-header-meta":"","adv-header-id-meta":"","stick-header-meta":"","header-above-stick-meta":"","header-main-stick-meta":"","header-below-stick-meta":"","astra-migrate-meta-layouts":"default","ast-page-background-enabled":"default","ast-page-background-meta":{"desktop":{"background-color":"var(--ast-global-color-4)","background-image":"","background-repeat":"repeat","background-position":"center center","background-size":"auto","background-attachment":"scroll","background-type":"","background-media":"","overlay-type":"","overlay-color":"","overlay-opacity":"","overlay-gradient":""},"tablet":{"background-color":"","background-image":"","background-repeat":"repeat","background-position":"center center","background-size":"auto","background-attachment":"scroll","background-type":"","background-media":"","overlay-type":"","overlay-color":"","overlay-opacity":"","overlay-gradient":""},"mobile":{"background-color":"","background-image":"","background-repeat":"repeat","background-position":"center center","background-size":"auto","background-attachment":"scroll","background-type":"","background-media":"","overlay-type":"","overlay-color":"","overlay-opacity":"","overlay-gradient":""}},"ast-content-background-meta":{"desktop":{"background-color":"var(--ast-global-color-5)","background-image":"","background-repeat":"repeat","background-position":"center center","background-size":"auto","background-attachment":"scroll","background-type":"","background-media":"","overlay-type":"","overlay-color":"","overlay-opacity":"","overlay-gradient":""},"tablet":{"background-color":"var(--ast-global-color-5)","background-image":"","background-repeat":"repeat","background-position":"center center","background-size":"auto","background-attachment":"scroll","background-type":"","background-media":"","overlay-type":"","overlay-color":"","overlay-opacity":"","overlay-gradient":""},"mobile":{"background-color":"var(--ast-global-color-5)","background-image":"","background-repeat":"repeat","background-position":"center center","background-size":"auto","background-attachment":"scroll","background-type":"","background-media":"","overlay-type":"","overlay-color":"","overlay-opacity":"","overlay-gradient":""}},"footnotes":""},"categories":[29],"tags":[],"class_list":["post-14765","post","type-post","status-publish","format-standard","has-post-thumbnail","hentry","category-portada"],"post_mailing_queue_ids":[],"_links":{"self":[{"href":"https:\/\/serveiseducatius.xtec.cat\/garraf\/wp-json\/wp\/v2\/posts\/14765","targetHints":{"allow":["GET"]}}],"collection":[{"href":"https:\/\/serveiseducatius.xtec.cat\/garraf\/wp-json\/wp\/v2\/posts"}],"about":[{"href":"https:\/\/serveiseducatius.xtec.cat\/garraf\/wp-json\/wp\/v2\/types\/post"}],"author":[{"embeddable":true,"href":"https:\/\/serveiseducatius.xtec.cat\/garraf\/wp-json\/wp\/v2\/users\/10"}],"replies":[{"embeddable":true,"href":"https:\/\/serveiseducatius.xtec.cat\/garraf\/wp-json\/wp\/v2\/comments?post=14765"}],"version-history":[{"count":3,"href":"https:\/\/serveiseducatius.xtec.cat\/garraf\/wp-json\/wp\/v2\/posts\/14765\/revisions"}],"predecessor-version":[{"id":14773,"href":"https:\/\/serveiseducatius.xtec.cat\/garraf\/wp-json\/wp\/v2\/posts\/14765\/revisions\/14773"}],"wp:featuredmedia":[{"embeddable":true,"href":"https:\/\/serveiseducatius.xtec.cat\/garraf\/wp-json\/wp\/v2\/media\/14766"}],"wp:attachment":[{"href":"https:\/\/serveiseducatius.xtec.cat\/garraf\/wp-json\/wp\/v2\/media?parent=14765"}],"wp:term":[{"taxonomy":"category","embeddable":true,"href":"https:\/\/serveiseducatius.xtec.cat\/garraf\/wp-json\/wp\/v2\/categories?post=14765"},{"taxonomy":"post_tag","embeddable":true,"href":"https:\/\/serveiseducatius.xtec.cat\/garraf\/wp-json\/wp\/v2\/tags?post=14765"}],"curies":[{"name":"wp","href":"https:\/\/api.w.org\/{rel}","templated":true}]}}