{"id":14462,"date":"2022-01-21T08:42:24","date_gmt":"2022-01-21T07:42:24","guid":{"rendered":"https:\/\/serveiseducatius.xtec.cat\/garraf\/?p=14462"},"modified":"2022-01-21T08:44:06","modified_gmt":"2022-01-21T07:44:06","slug":"oralitat-nou-recurs-educatiu-per-al-foment-de-les-habilitats-orals","status":"publish","type":"post","link":"https:\/\/serveiseducatius.xtec.cat\/garraf\/general\/oralitat-nou-recurs-educatiu-per-al-foment-de-les-habilitats-orals\/","title":{"rendered":"ORALITAT: nou recurs educatiu per al foment de les habilitats orals."},"content":{"rendered":"<p><b>ORALITAT<\/b>\u00a0\u00e9s un\u00a0nou recurs educatiu per al foment de les habilitats orals<b>:<\/b>\u00a0<b><a href=\"http:\/\/oralitat.upf.edu\/\" target=\"_blank\" rel=\"noopener\" data-saferedirecturl=\"https:\/\/www.google.com\/url?q=http:\/\/oralitat.upf.edu\/&amp;source=gmail&amp;ust=1642589073204000&amp;usg=AOvVaw3yBx2IHxzcVedjJPPixYhN\">oralitat.upf.edu<\/a>.<\/b><\/p>\n<p style=\"text-align: justify;\">Es tracta d\u2019un projecte de RecerCaixa fruit de la col\u00b7laboraci\u00f3 i el treball del Departament d\u2019Educaci\u00f3, la Universitat Pompeu Fabra (UPF i la Universitat de Barcelona (UB). Els continguts es podran consultar en\u00a0 catal\u00e0, castella i angl\u00e8s.<\/p>\n<p><img loading=\"lazy\" decoding=\"async\" class=\"size-large wp-image-17363 aligncenter\" src=\"https:\/\/serveiseducatius.xtec.cat\/hospitalet\/wp-content\/uploads\/usu542\/2022\/01\/Imatge-cares-web-ORALITAT-1024x235.png\" sizes=\"auto, (max-width: 1024px) 100vw, 1024px\" srcset=\"https:\/\/serveiseducatius.xtec.cat\/hospitalet\/wp-content\/uploads\/usu542\/2022\/01\/Imatge-cares-web-ORALITAT-1024x235.png 1024w, https:\/\/serveiseducatius.xtec.cat\/hospitalet\/wp-content\/uploads\/usu542\/2022\/01\/Imatge-cares-web-ORALITAT-300x69.png 300w, https:\/\/serveiseducatius.xtec.cat\/hospitalet\/wp-content\/uploads\/usu542\/2022\/01\/Imatge-cares-web-ORALITAT-768x176.png 768w, https:\/\/serveiseducatius.xtec.cat\/hospitalet\/wp-content\/uploads\/usu542\/2022\/01\/Imatge-cares-web-ORALITAT.png 1349w\" alt=\"\" width=\"1024\" height=\"235\" \/><\/p>\n<p style=\"text-align: justify;\">Es un espai que vol potenciar les compet\u00e8ncies orals de docents i estudiants a les aules de secund\u00e0ria i universitat. Hi trobareu cursos en l\u00ednia per refor\u00e7ar les habilitats orals pr\u00f2pies, experi\u00e8ncies diverses, consells d\u2019experts per aplicar-los a la doc\u00e8ncia i altres recursos interessants. El\u00a0<strong>Cesire<\/strong>\u00a0hi ha participat dins l\u2019apartat \u201cCaixa d\u2019eines docents\u201d on presenta propostes de llengua oral de l\u2019<a href=\"https:\/\/apliense.xtec.cat\/arc\/\" data-saferedirecturl=\"https:\/\/www.google.com\/url?q=https:\/\/apliense.xtec.cat\/arc\/&amp;source=gmail&amp;ust=1639726811354000&amp;usg=AOvVaw1e6wQC9svRvMl0HO8AQGNz\">ARC<\/a>\u00a0(Aplicatiu de Recursos al Curr\u00edculum)<\/p>\n<p>La\u00a0<a href=\"https:\/\/oralitat.upf.edu\/\">web<\/a>\u00a0disposa de dues seccions dedicades exclusivament a la doc\u00e8ncia:\u00a0<strong>La Caixa d\u2019Eines Docents<\/strong>\u00a0i la\u00a0<strong>Maleta d\u2019Experi\u00e8ncies<\/strong>. A la primera hi ha m\u00e9s v\u00eddeos relacionats amb la doc\u00e8ncia i l\u2019oralitat (llegir en veu alta, preparar un debat a l\u2019aula, l\u2019entrevista amb les fam\u00edlies\u2026), mentre que a la segona s\u00f3n els docents els qui expliquen a altres docents diverses t\u00e8cniques i activitats orals que duen a terme amb els seus alumnes i que els funcionen. Entre les que hi ha penjades s\u00f3n majoria les activitats proposades per docents de l\u2019\u00e0mbit de llengua i literatura, per\u00f2 tamb\u00e9 n\u2019hi ha algunes de l\u2019\u00e0mbit cient\u00edfic i matem\u00e0tic.<\/p>\n<p>&nbsp;<\/p>\n<div dir=\"ltr\">\n<div dir=\"ltr\">\n<p><iframe loading=\"lazy\" title=\"YouTube video player\" src=\"https:\/\/www.youtube.com\/embed\/MUWqC_HQvBI\" width=\"560\" height=\"315\" frameborder=\"0\" allowfullscreen=\"allowfullscreen\" data-mce-fragment=\"1\"><\/iframe><\/p>\n<\/div>\n<\/div>\n","protected":false},"excerpt":{"rendered":"<p>Es tracta d\u2019un projecte de RecerCaixa fruit de la col\u00b7laboraci\u00f3 i el treball del Departament d\u2019Educaci\u00f3, la Universitat Pompeu Fabra (UPF i la Universitat de Barcelona (UB). Els continguts es podran consultar en  catal\u00e0, castella i angl\u00e8s.<\/p>\n","protected":false},"author":10,"featured_media":14464,"comment_status":"closed","ping_status":"closed","sticky":true,"template":"","format":"standard","meta":{"_bbp_topic_count":0,"_bbp_reply_count":0,"_bbp_total_topic_count":0,"_bbp_total_reply_count":0,"_bbp_voice_count":0,"_bbp_anonymous_reply_count":0,"_bbp_topic_count_hidden":0,"_bbp_reply_count_hidden":0,"_bbp_forum_subforum_count":0,"site-sidebar-layout":"default","site-content-layout":"","ast-site-content-layout":"","site-content-style":"default","site-sidebar-style":"default","ast-global-header-display":"","ast-banner-title-visibility":"","ast-main-header-display":"","ast-hfb-above-header-display":"","ast-hfb-below-header-display":"","ast-hfb-mobile-header-display":"","site-post-title":"","ast-breadcrumbs-content":"","ast-featured-img":"","footer-sml-layout":"","theme-transparent-header-meta":"","adv-header-id-meta":"","stick-header-meta":"","header-above-stick-meta":"","header-main-stick-meta":"","header-below-stick-meta":"","astra-migrate-meta-layouts":"default","ast-page-background-enabled":"default","ast-page-background-meta":{"desktop":{"background-color":"var(--ast-global-color-4)","background-image":"","background-repeat":"repeat","background-position":"center center","background-size":"auto","background-attachment":"scroll","background-type":"","background-media":"","overlay-type":"","overlay-color":"","overlay-opacity":"","overlay-gradient":""},"tablet":{"background-color":"","background-image":"","background-repeat":"repeat","background-position":"center center","background-size":"auto","background-attachment":"scroll","background-type":"","background-media":"","overlay-type":"","overlay-color":"","overlay-opacity":"","overlay-gradient":""},"mobile":{"background-color":"","background-image":"","background-repeat":"repeat","background-position":"center center","background-size":"auto","background-attachment":"scroll","background-type":"","background-media":"","overlay-type":"","overlay-color":"","overlay-opacity":"","overlay-gradient":""}},"ast-content-background-meta":{"desktop":{"background-color":"var(--ast-global-color-5)","background-image":"","background-repeat":"repeat","background-position":"center center","background-size":"auto","background-attachment":"scroll","background-type":"","background-media":"","overlay-type":"","overlay-color":"","overlay-opacity":"","overlay-gradient":""},"tablet":{"background-color":"var(--ast-global-color-5)","background-image":"","background-repeat":"repeat","background-position":"center center","background-size":"auto","background-attachment":"scroll","background-type":"","background-media":"","overlay-type":"","overlay-color":"","overlay-opacity":"","overlay-gradient":""},"mobile":{"background-color":"var(--ast-global-color-5)","background-image":"","background-repeat":"repeat","background-position":"center center","background-size":"auto","background-attachment":"scroll","background-type":"","background-media":"","overlay-type":"","overlay-color":"","overlay-opacity":"","overlay-gradient":""}},"footnotes":""},"categories":[1,29],"tags":[],"class_list":["post-14462","post","type-post","status-publish","format-standard","has-post-thumbnail","hentry","category-general","category-portada"],"post_mailing_queue_ids":[],"_links":{"self":[{"href":"https:\/\/serveiseducatius.xtec.cat\/garraf\/wp-json\/wp\/v2\/posts\/14462","targetHints":{"allow":["GET"]}}],"collection":[{"href":"https:\/\/serveiseducatius.xtec.cat\/garraf\/wp-json\/wp\/v2\/posts"}],"about":[{"href":"https:\/\/serveiseducatius.xtec.cat\/garraf\/wp-json\/wp\/v2\/types\/post"}],"author":[{"embeddable":true,"href":"https:\/\/serveiseducatius.xtec.cat\/garraf\/wp-json\/wp\/v2\/users\/10"}],"replies":[{"embeddable":true,"href":"https:\/\/serveiseducatius.xtec.cat\/garraf\/wp-json\/wp\/v2\/comments?post=14462"}],"version-history":[{"count":2,"href":"https:\/\/serveiseducatius.xtec.cat\/garraf\/wp-json\/wp\/v2\/posts\/14462\/revisions"}],"predecessor-version":[{"id":14465,"href":"https:\/\/serveiseducatius.xtec.cat\/garraf\/wp-json\/wp\/v2\/posts\/14462\/revisions\/14465"}],"wp:featuredmedia":[{"embeddable":true,"href":"https:\/\/serveiseducatius.xtec.cat\/garraf\/wp-json\/wp\/v2\/media\/14464"}],"wp:attachment":[{"href":"https:\/\/serveiseducatius.xtec.cat\/garraf\/wp-json\/wp\/v2\/media?parent=14462"}],"wp:term":[{"taxonomy":"category","embeddable":true,"href":"https:\/\/serveiseducatius.xtec.cat\/garraf\/wp-json\/wp\/v2\/categories?post=14462"},{"taxonomy":"post_tag","embeddable":true,"href":"https:\/\/serveiseducatius.xtec.cat\/garraf\/wp-json\/wp\/v2\/tags?post=14462"}],"curies":[{"name":"wp","href":"https:\/\/api.w.org\/{rel}","templated":true}]}}