{"id":13729,"date":"2021-09-10T09:50:31","date_gmt":"2021-09-10T07:50:31","guid":{"rendered":"https:\/\/serveiseducatius.xtec.cat\/garraf\/?p=13729"},"modified":"2021-09-12T08:55:03","modified_gmt":"2021-09-12T06:55:03","slug":"presentacio-de-candidatures-ala-premis-nacionals-recerca-2021-fins-28-setembre","status":"publish","type":"post","link":"https:\/\/serveiseducatius.xtec.cat\/garraf\/portada\/presentacio-de-candidatures-ala-premis-nacionals-recerca-2021-fins-28-setembre\/","title":{"rendered":"Presentaci\u00f3 de candidatures als Premis Nacionals Recerca 2021 fins 28 setembre"},"content":{"rendered":"<p style=\"text-align: justify;\"><a href=\"https:\/\/serveiseducatius.xtec.cat\/garraf\/portada\/presentacio-de-candidatures-ala-premis-nacionals-recerca-2021-fins-28-setembre\/attachment\/fcri\/\" rel=\"attachment wp-att-13730\"><img loading=\"lazy\" decoding=\"async\" class=\"size-medium wp-image-13730 alignright\" src=\"https:\/\/serveiseducatius.xtec.cat\/garraf\/wp-content\/uploads\/usu1185\/2021\/09\/fcri-300x300.jpeg\" alt=\"\" width=\"300\" height=\"300\" srcset=\"https:\/\/serveiseducatius.xtec.cat\/garraf\/wp-content\/uploads\/usu1185\/2021\/09\/fcri-300x300.jpeg 300w, https:\/\/serveiseducatius.xtec.cat\/garraf\/wp-content\/uploads\/usu1185\/2021\/09\/fcri-150x150.jpeg 150w, https:\/\/serveiseducatius.xtec.cat\/garraf\/wp-content\/uploads\/usu1185\/2021\/09\/fcri.jpeg 400w\" sizes=\"auto, (max-width: 300px) 100vw, 300px\" \/><\/a>Us informem que\u00a0<strong>el termini de presentaci\u00f3 de candidatures a la 32a edici\u00f3 dels Premis Nacionals de Recerca (PNR) finalitza el proper 28 de setembre de 2021, a les 14.00 hores.\u00a0<\/strong>La Fundaci\u00f3 Catalana per a la Recerca i la Innovaci\u00f3, amb el suport del Govern de la Generalitat de Catalunya, va convocar aquesta edici\u00f3 dels guardons el proppassat juny.<\/p>\n<p style=\"text-align: justify;\">Els PNR tenen com a finalitat fomentar el reconeixement social de la ci\u00e8ncia i l\u2019activitat dels investigadors, mecenes, empresaris, emprenedors i comunicadors cient\u00edfics vinculats al nostre pa\u00eds.<\/p>\n<p>Els guardons consten dels 6 premis seg\u00fcents:<\/p>\n<ul>\n<li><strong>Premi Nacional de Recerca<\/strong>\u00a0(investigadors o investigadores s\u00e8nior).<\/li>\n<li><strong>Premi Nacional de Recerca al Talent Jove<\/strong>\u00a0(investigadors o investigadores de fins a 40 anys)<\/li>\n<li><strong>Premi Nacional de Comunicaci\u00f3 Cient\u00edfica<\/strong>.<\/li>\n<li><strong>Premi Nacional de Mecenatge Cient\u00edfic<\/strong>.<\/li>\n<li><strong>Premi Nacional al Partenariat Publicoprivat en R+I<\/strong>.<\/li>\n<li><strong>Premi Nacional d\u2019Innovaci\u00f3 a la Creaci\u00f3 d\u2019una Empresa de Base Cient\u00edfica.<\/strong><\/li>\n<\/ul>\n<p style=\"text-align: justify;\">El Premi Nacional de Recerca consisteix en una figura acreditativa del ceramista i escultor Jordi Serra i la quantitat de 40.000 euros. El Premi Nacional de Recerca al Talent Jove consisteix en l\u2019esmentada figura i la quantitat de 10.000 euros. La resta de guardons, sense dotaci\u00f3 econ\u00f2mica, inclouen sengles figures del mateix autor.<\/p>\n<p style=\"text-align: justify;\">Segons les bases dels premis, les universitats (\u00f2rgans de govern, facultats, escoles, departaments), els centres de recerca, instituts universitaris de recerca, les acad\u00e8mies, les empreses i fundacions i, en general, tots els agents del sistema catal\u00e0 de recerca, desenvolupament i innovaci\u00f3, poden presentar candidatures a totes les categories.<\/p>\n<p>La presentaci\u00f3 de candidatures caldr\u00e0 fer-la a trav\u00e9s del web\u00a0<a href=\"https:\/\/fundaciorecerca.us14.list-manage.com\/track\/click?u=8fb8b3cd79187d3ca4dc95ac0&amp;id=d47a12f8ee&amp;e=a5e90f3d7e\" target=\"_blank\" rel=\"noopener\" data-saferedirecturl=\"https:\/\/www.google.com\/url?q=https:\/\/fundaciorecerca.us14.list-manage.com\/track\/click?u%3D8fb8b3cd79187d3ca4dc95ac0%26id%3Dd47a12f8ee%26e%3Da5e90f3d7e&amp;source=gmail&amp;ust=1631260345532000&amp;usg=AFQjCNHX_co6hHdT8YsJF0UBi8xZsHZ8IQ\">www.fundaciorecerca.cat\/premi<\/a>, on trobareu tota la informaci\u00f3 necess\u00e0ria i les bases per a presentar la candidatura en qualsevol de les modalitats dels Premis Nacionals de Recerca.<\/p>\n","protected":false},"excerpt":{"rendered":"<p>Us informem que\u00a0el termini de presentaci\u00f3 de candidatures a la 32a edici\u00f3 dels Premis Nacionals de Recerca (PNR) finalitza el proper 28 de setembre de 2021, a les 14.00 hores.\u00a0La Fundaci\u00f3 Catalana per a la Recerca i la Innovaci\u00f3, amb el suport del Govern de la Generalitat de Catalunya, va convocar aquesta edici\u00f3 dels guardons el proppassat juny.<\/p>\n","protected":false},"author":10,"featured_media":13730,"comment_status":"closed","ping_status":"closed","sticky":true,"template":"","format":"standard","meta":{"_bbp_topic_count":0,"_bbp_reply_count":0,"_bbp_total_topic_count":0,"_bbp_total_reply_count":0,"_bbp_voice_count":0,"_bbp_anonymous_reply_count":0,"_bbp_topic_count_hidden":0,"_bbp_reply_count_hidden":0,"_bbp_forum_subforum_count":0,"site-sidebar-layout":"default","site-content-layout":"","ast-site-content-layout":"","site-content-style":"default","site-sidebar-style":"default","ast-global-header-display":"","ast-banner-title-visibility":"","ast-main-header-display":"","ast-hfb-above-header-display":"","ast-hfb-below-header-display":"","ast-hfb-mobile-header-display":"","site-post-title":"","ast-breadcrumbs-content":"","ast-featured-img":"","footer-sml-layout":"","theme-transparent-header-meta":"","adv-header-id-meta":"","stick-header-meta":"","header-above-stick-meta":"","header-main-stick-meta":"","header-below-stick-meta":"","astra-migrate-meta-layouts":"default","ast-page-background-enabled":"default","ast-page-background-meta":{"desktop":{"background-color":"var(--ast-global-color-4)","background-image":"","background-repeat":"repeat","background-position":"center center","background-size":"auto","background-attachment":"scroll","background-type":"","background-media":"","overlay-type":"","overlay-color":"","overlay-opacity":"","overlay-gradient":""},"tablet":{"background-color":"","background-image":"","background-repeat":"repeat","background-position":"center center","background-size":"auto","background-attachment":"scroll","background-type":"","background-media":"","overlay-type":"","overlay-color":"","overlay-opacity":"","overlay-gradient":""},"mobile":{"background-color":"","background-image":"","background-repeat":"repeat","background-position":"center center","background-size":"auto","background-attachment":"scroll","background-type":"","background-media":"","overlay-type":"","overlay-color":"","overlay-opacity":"","overlay-gradient":""}},"ast-content-background-meta":{"desktop":{"background-color":"var(--ast-global-color-5)","background-image":"","background-repeat":"repeat","background-position":"center center","background-size":"auto","background-attachment":"scroll","background-type":"","background-media":"","overlay-type":"","overlay-color":"","overlay-opacity":"","overlay-gradient":""},"tablet":{"background-color":"var(--ast-global-color-5)","background-image":"","background-repeat":"repeat","background-position":"center center","background-size":"auto","background-attachment":"scroll","background-type":"","background-media":"","overlay-type":"","overlay-color":"","overlay-opacity":"","overlay-gradient":""},"mobile":{"background-color":"var(--ast-global-color-5)","background-image":"","background-repeat":"repeat","background-position":"center center","background-size":"auto","background-attachment":"scroll","background-type":"","background-media":"","overlay-type":"","overlay-color":"","overlay-opacity":"","overlay-gradient":""}},"footnotes":""},"categories":[65,29],"tags":[],"class_list":["post-13729","post","type-post","status-publish","format-standard","has-post-thumbnail","hentry","category-crp","category-portada"],"post_mailing_queue_ids":[],"_links":{"self":[{"href":"https:\/\/serveiseducatius.xtec.cat\/garraf\/wp-json\/wp\/v2\/posts\/13729","targetHints":{"allow":["GET"]}}],"collection":[{"href":"https:\/\/serveiseducatius.xtec.cat\/garraf\/wp-json\/wp\/v2\/posts"}],"about":[{"href":"https:\/\/serveiseducatius.xtec.cat\/garraf\/wp-json\/wp\/v2\/types\/post"}],"author":[{"embeddable":true,"href":"https:\/\/serveiseducatius.xtec.cat\/garraf\/wp-json\/wp\/v2\/users\/10"}],"replies":[{"embeddable":true,"href":"https:\/\/serveiseducatius.xtec.cat\/garraf\/wp-json\/wp\/v2\/comments?post=13729"}],"version-history":[{"count":3,"href":"https:\/\/serveiseducatius.xtec.cat\/garraf\/wp-json\/wp\/v2\/posts\/13729\/revisions"}],"predecessor-version":[{"id":13757,"href":"https:\/\/serveiseducatius.xtec.cat\/garraf\/wp-json\/wp\/v2\/posts\/13729\/revisions\/13757"}],"wp:featuredmedia":[{"embeddable":true,"href":"https:\/\/serveiseducatius.xtec.cat\/garraf\/wp-json\/wp\/v2\/media\/13730"}],"wp:attachment":[{"href":"https:\/\/serveiseducatius.xtec.cat\/garraf\/wp-json\/wp\/v2\/media?parent=13729"}],"wp:term":[{"taxonomy":"category","embeddable":true,"href":"https:\/\/serveiseducatius.xtec.cat\/garraf\/wp-json\/wp\/v2\/categories?post=13729"},{"taxonomy":"post_tag","embeddable":true,"href":"https:\/\/serveiseducatius.xtec.cat\/garraf\/wp-json\/wp\/v2\/tags?post=13729"}],"curies":[{"name":"wp","href":"https:\/\/api.w.org\/{rel}","templated":true}]}}