{"id":13561,"date":"2021-08-07T11:43:42","date_gmt":"2021-08-07T09:43:42","guid":{"rendered":"https:\/\/serveiseducatius.xtec.cat\/garraf\/?p=13561"},"modified":"2021-08-07T11:46:57","modified_gmt":"2021-08-07T09:46:57","slug":"conferencia-dinici-de-curs-2021-22-amb-la-gemma-lienas-literatura-i-coeducacio","status":"publish","type":"post","link":"https:\/\/serveiseducatius.xtec.cat\/garraf\/portada\/conferencia-dinici-de-curs-2021-22-amb-la-gemma-lienas-literatura-i-coeducacio\/","title":{"rendered":"Confer\u00e8ncia d&#8217;inici de curs 2021-22 amb la Gemma Lienas: &#8220;Literatura i coeducaci\u00f3&#8221;"},"content":{"rendered":"<p style=\"text-align: justify;\"><span style=\"color: #000080;\">El <strong>dijous 9 de setembre<\/strong>, a les 11,30h. es far\u00e0 l&#8217;acte d&#8217;inauguraci\u00f3 del curs 2021-22, en format virtual, adre\u00e7at al professorat i equips directius de centres de tots els nivells educatius de la comarca del Garraf.<\/span><\/p>\n<p style=\"text-align: justify;\"><span style=\"color: #000080;\"><img loading=\"lazy\" decoding=\"async\" class=\"wp-image-13562 alignright\" src=\"https:\/\/serveiseducatius.xtec.cat\/garraf\/wp-content\/uploads\/usu1185\/2021\/08\/Inici-curs.jpg\" alt=\"\" width=\"351\" height=\"237\" srcset=\"https:\/\/serveiseducatius.xtec.cat\/garraf\/wp-content\/uploads\/usu1185\/2021\/08\/Inici-curs.jpg 876w, https:\/\/serveiseducatius.xtec.cat\/garraf\/wp-content\/uploads\/usu1185\/2021\/08\/Inici-curs-300x202.jpg 300w, https:\/\/serveiseducatius.xtec.cat\/garraf\/wp-content\/uploads\/usu1185\/2021\/08\/Inici-curs-768x518.jpg 768w\" sizes=\"auto, (max-width: 351px) 100vw, 351px\" \/><\/span><\/p>\n<p style=\"text-align: justify;\"><span style=\"color: #000080;\">Durant l&#8217;acte la <strong>Gemma Lienas<\/strong>, professora, parlament\u00e0ria, feminista i autora d\u2019un bon grapat de novel\u00b7les i llibres de literatura infantil i juvenil (<em>Els\u00a0 diaris de la Carlota, El llibre de les emocions &#8230;)\u00a0<\/em>pronunciar\u00e0 una confer\u00e8ncia amb el t\u00edtol de <strong><em>Literatura i coeducaci\u00f3<\/em><\/strong>.<\/span><\/p>\n<p style=\"text-align: justify;\"><span style=\"color: #000080;\">En xerrada la conferenciant ens parlar\u00e0 de com la literatura infantil i juvenil pot contribuir a construir en l\u2019imaginari d\u2019infants i joves unes relacions no discriminat\u00f2ries per ra\u00f3 de g\u00e8nere \u00a0i respectuoses amb l\u2019orientaci\u00f3 afectivosexual de cadasc\u00fa.<\/span><\/p>\n<p><span style=\"color: #000080;\">Properament us farem arribar l&#8217;enlla\u00e7 per fer-ne la inscripci\u00f3.<\/span><\/p>\n<p><strong><em><span style=\"color: #000080;\">Reserveu-vos ja la data: dijous 9 de setembre de 2021 des de les 11,30 a 13h.<\/span><\/em><\/strong><\/p>\n<p>&nbsp;<\/p>\n","protected":false},"excerpt":{"rendered":"<p>El dijous 9 de setembre, a les 11,30h. es far\u00e0 l&#8217;acte d&#8217;inauguraci\u00f3 del curs 2021-22, en format virtual, adre\u00e7at al professorat i equips directius de centres de tots els nivells educatius de la comarca del Garraf.<\/p>\n","protected":false},"author":10,"featured_media":13562,"comment_status":"closed","ping_status":"closed","sticky":true,"template":"","format":"standard","meta":{"_bbp_topic_count":0,"_bbp_reply_count":0,"_bbp_total_topic_count":0,"_bbp_total_reply_count":0,"_bbp_voice_count":0,"_bbp_anonymous_reply_count":0,"_bbp_topic_count_hidden":0,"_bbp_reply_count_hidden":0,"_bbp_forum_subforum_count":0,"site-sidebar-layout":"default","site-content-layout":"","ast-site-content-layout":"","site-content-style":"default","site-sidebar-style":"default","ast-global-header-display":"","ast-banner-title-visibility":"","ast-main-header-display":"","ast-hfb-above-header-display":"","ast-hfb-below-header-display":"","ast-hfb-mobile-header-display":"","site-post-title":"","ast-breadcrumbs-content":"","ast-featured-img":"","footer-sml-layout":"","theme-transparent-header-meta":"","adv-header-id-meta":"","stick-header-meta":"","header-above-stick-meta":"","header-main-stick-meta":"","header-below-stick-meta":"","astra-migrate-meta-layouts":"default","ast-page-background-enabled":"default","ast-page-background-meta":{"desktop":{"background-color":"var(--ast-global-color-4)","background-image":"","background-repeat":"repeat","background-position":"center center","background-size":"auto","background-attachment":"scroll","background-type":"","background-media":"","overlay-type":"","overlay-color":"","overlay-opacity":"","overlay-gradient":""},"tablet":{"background-color":"","background-image":"","background-repeat":"repeat","background-position":"center center","background-size":"auto","background-attachment":"scroll","background-type":"","background-media":"","overlay-type":"","overlay-color":"","overlay-opacity":"","overlay-gradient":""},"mobile":{"background-color":"","background-image":"","background-repeat":"repeat","background-position":"center center","background-size":"auto","background-attachment":"scroll","background-type":"","background-media":"","overlay-type":"","overlay-color":"","overlay-opacity":"","overlay-gradient":""}},"ast-content-background-meta":{"desktop":{"background-color":"var(--ast-global-color-5)","background-image":"","background-repeat":"repeat","background-position":"center center","background-size":"auto","background-attachment":"scroll","background-type":"","background-media":"","overlay-type":"","overlay-color":"","overlay-opacity":"","overlay-gradient":""},"tablet":{"background-color":"var(--ast-global-color-5)","background-image":"","background-repeat":"repeat","background-position":"center center","background-size":"auto","background-attachment":"scroll","background-type":"","background-media":"","overlay-type":"","overlay-color":"","overlay-opacity":"","overlay-gradient":""},"mobile":{"background-color":"var(--ast-global-color-5)","background-image":"","background-repeat":"repeat","background-position":"center center","background-size":"auto","background-attachment":"scroll","background-type":"","background-media":"","overlay-type":"","overlay-color":"","overlay-opacity":"","overlay-gradient":""}},"footnotes":""},"categories":[29],"tags":[],"class_list":["post-13561","post","type-post","status-publish","format-standard","has-post-thumbnail","hentry","category-portada"],"post_mailing_queue_ids":[],"_links":{"self":[{"href":"https:\/\/serveiseducatius.xtec.cat\/garraf\/wp-json\/wp\/v2\/posts\/13561","targetHints":{"allow":["GET"]}}],"collection":[{"href":"https:\/\/serveiseducatius.xtec.cat\/garraf\/wp-json\/wp\/v2\/posts"}],"about":[{"href":"https:\/\/serveiseducatius.xtec.cat\/garraf\/wp-json\/wp\/v2\/types\/post"}],"author":[{"embeddable":true,"href":"https:\/\/serveiseducatius.xtec.cat\/garraf\/wp-json\/wp\/v2\/users\/10"}],"replies":[{"embeddable":true,"href":"https:\/\/serveiseducatius.xtec.cat\/garraf\/wp-json\/wp\/v2\/comments?post=13561"}],"version-history":[{"count":3,"href":"https:\/\/serveiseducatius.xtec.cat\/garraf\/wp-json\/wp\/v2\/posts\/13561\/revisions"}],"predecessor-version":[{"id":13566,"href":"https:\/\/serveiseducatius.xtec.cat\/garraf\/wp-json\/wp\/v2\/posts\/13561\/revisions\/13566"}],"wp:featuredmedia":[{"embeddable":true,"href":"https:\/\/serveiseducatius.xtec.cat\/garraf\/wp-json\/wp\/v2\/media\/13562"}],"wp:attachment":[{"href":"https:\/\/serveiseducatius.xtec.cat\/garraf\/wp-json\/wp\/v2\/media?parent=13561"}],"wp:term":[{"taxonomy":"category","embeddable":true,"href":"https:\/\/serveiseducatius.xtec.cat\/garraf\/wp-json\/wp\/v2\/categories?post=13561"},{"taxonomy":"post_tag","embeddable":true,"href":"https:\/\/serveiseducatius.xtec.cat\/garraf\/wp-json\/wp\/v2\/tags?post=13561"}],"curies":[{"name":"wp","href":"https:\/\/api.w.org\/{rel}","templated":true}]}}