{"id":13410,"date":"2021-06-06T09:43:33","date_gmt":"2021-06-06T07:43:33","guid":{"rendered":"http:\/\/serveiseducatius.xtec.cat\/garraf\/?p=13410"},"modified":"2021-06-06T10:05:18","modified_gmt":"2021-06-06T08:05:18","slug":"capturem-crancs-blaus-nou-projecte-dapsc-dels-alumnes-del-divina-providencia","status":"publish","type":"post","link":"https:\/\/serveiseducatius.xtec.cat\/garraf\/general\/capturem-crancs-blaus-nou-projecte-dapsc-dels-alumnes-del-divina-providencia\/","title":{"rendered":"A la &#8220;ca\u00e7a&#8221; de crancs blaus, nou projecte d&#8217;ApSC dels alumnes del Divina Provid\u00e8ncia"},"content":{"rendered":"<p>\u200b<\/p>\n<table style=\"height: 380px;\" width=\"744\">\n<tbody>\n<tr style=\"height: 86px;\">\n<td style=\"width: 528px; height: 380px; border-style: none;\" rowspan=\"4\">\n<p style=\"text-align: justify;\">L\u2019alumnat de tercer i quart de l\u2019ESO del Col\u00b7legi Divina Provid\u00e8ncia de Vilanova i la Geltr\u00fa han desenvolupat al llarg d\u2019aquest curs 2020-21 un projecte de Servei Comunitari dirigit a minimitzar l\u2019impacte i la proliferaci\u00f3 del cranc blau de la zona natural de la desembocadura del torrent de Sant Joan de la ciutat.<\/p>\n<p style=\"text-align: justify;\">El cranc blau \u00e9s una esp\u00e8cie invasora ex\u00f2tica que posa en perill a tot l\u2019ecosistema aqu\u00e0tic aut\u00f2cton i que es va detectar la seva pres\u00e8ncia a l\u2019estiu passat mentre es realitzaven tasques de renaturalitzaci\u00f3 en aquesta zona.<\/p>\n<p style=\"text-align: justify;\">Durant l\u2019actuaci\u00f3 d\u2019aprenentatge servei, realitzada amb la col.laboraci\u00f3 dels t\u00e8cnics del Servei de Medi Ambient de l\u2019Ajuntament de Vilanova i la Geltr\u00fa, s\u2019han sensibilitzat als alumnes\u00a0 envers a la problem\u00e0tica comporta la pres\u00e8ncia d\u2019aquestes esp\u00e8cies estrangeres en la flora i la fauna pr\u00f2pia del territori, realitzant-se \u00a0dues accions directes de captura de crancs blaus, una el passat mes de desembre i una altra a finals de maig.<\/p>\n<p>D\u2019aquestes dues accions de captura de crancs blaus us enllacem dos v\u00eddeos, un elaborat pel Canal Blau TV de l\u2019actuaci\u00f3 del mes de desembre i l\u2019altre fet el maig durant la segona captura.<\/p>\n<ul>\n<li style=\"list-style-type: none;\">\n<ul>\n<li style=\"list-style-type: none;\">\n<ul>\n<li><a href=\"https:\/\/sr-rs.facebook.com\/CanalBlau\/videos\/prova-pilot-per-capturar-crancs-blaus-a-vilanova\/244297407034217\/\">V\u00eddeo del Canal Blau TV<\/a> (1 de desembre de 2020)<\/li>\n<\/ul>\n<\/li>\n<\/ul>\n<\/li>\n<\/ul>\n<ul>\n<li style=\"list-style-type: none;\">\n<ul>\n<li style=\"list-style-type: none;\">\n<ul>\n<li><a href=\"https:\/\/drive.google.com\/file\/d\/1DMa5qQcZ6EJWKp77li5SI28XVnmPDV45\/view?usp=sharing\">V\u00eddeo de la captura de crancs blaus<\/a> del 31 de maig de 2021<\/li>\n<\/ul>\n<\/li>\n<\/ul>\n<\/li>\n<\/ul>\n<\/td>\n<td style=\"width: 208px; height: 65px; background-color: #faf2f2; border-style: none;\"><a href=\"http:\/\/serveiseducatius.xtec.cat\/garraf\/general\/capturem-crancs-blaus-nou-projecte-dapsc-dels-alumnes-del-divina-providencia\/attachment\/photo-2021-06-02-08-44-06-5-2\/\" rel=\"attachment wp-att-13420\"><img loading=\"lazy\" decoding=\"async\" class=\"wp-image-13420 aligncenter\" src=\"https:\/\/serveiseducatius.xtec.cat\/garraf\/wp-content\/uploads\/usu1185\/2021\/06\/PHOTO-2021-06-02-08-44-06-5-1-300x225.jpg\" alt=\"\" width=\"150\" height=\"113\" srcset=\"https:\/\/serveiseducatius.xtec.cat\/garraf\/wp-content\/uploads\/usu1185\/2021\/06\/PHOTO-2021-06-02-08-44-06-5-1-300x225.jpg 300w, https:\/\/serveiseducatius.xtec.cat\/garraf\/wp-content\/uploads\/usu1185\/2021\/06\/PHOTO-2021-06-02-08-44-06-5-1-768x576.jpg 768w, https:\/\/serveiseducatius.xtec.cat\/garraf\/wp-content\/uploads\/usu1185\/2021\/06\/PHOTO-2021-06-02-08-44-06-5-1.jpg 1024w, https:\/\/serveiseducatius.xtec.cat\/garraf\/wp-content\/uploads\/usu1185\/2021\/06\/PHOTO-2021-06-02-08-44-06-5-1-200x150.jpg 200w\" sizes=\"auto, (max-width: 150px) 100vw, 150px\" \/><\/a><\/td>\n<\/tr>\n<tr style=\"height: 153px;\">\n<td style=\"width: 208px; height: 153px; background-color: #faf2f2; border-style: none;\"><a href=\"http:\/\/serveiseducatius.xtec.cat\/garraf\/general\/capturem-crancs-blaus-nou-projecte-dapsc-dels-alumnes-del-divina-providencia\/attachment\/photo-2021-06-02-08-44-06-2\/\" rel=\"attachment wp-att-13412\"><img loading=\"lazy\" decoding=\"async\" class=\"aligncenter wp-image-13412\" src=\"https:\/\/serveiseducatius.xtec.cat\/garraf\/wp-content\/uploads\/usu1185\/2021\/06\/PHOTO-2021-06-02-08-44-06-2-300x225.jpg\" alt=\"\" width=\"150\" height=\"113\" srcset=\"https:\/\/serveiseducatius.xtec.cat\/garraf\/wp-content\/uploads\/usu1185\/2021\/06\/PHOTO-2021-06-02-08-44-06-2-300x225.jpg 300w, https:\/\/serveiseducatius.xtec.cat\/garraf\/wp-content\/uploads\/usu1185\/2021\/06\/PHOTO-2021-06-02-08-44-06-2-768x576.jpg 768w, https:\/\/serveiseducatius.xtec.cat\/garraf\/wp-content\/uploads\/usu1185\/2021\/06\/PHOTO-2021-06-02-08-44-06-2.jpg 1024w, https:\/\/serveiseducatius.xtec.cat\/garraf\/wp-content\/uploads\/usu1185\/2021\/06\/PHOTO-2021-06-02-08-44-06-2-200x150.jpg 200w\" sizes=\"auto, (max-width: 150px) 100vw, 150px\" \/><\/a><\/td>\n<\/tr>\n<tr style=\"height: 152px;\">\n<td style=\"width: 208px; height: 152px; background-color: #faf2f2; border-style: none;\"><a href=\"http:\/\/serveiseducatius.xtec.cat\/garraf\/general\/capturem-crancs-blaus-nou-projecte-dapsc-dels-alumnes-del-divina-providencia\/attachment\/photo-2021-06-02-08-44-06-1\/\" rel=\"attachment wp-att-13411\"><img loading=\"lazy\" decoding=\"async\" class=\"wp-image-13411 aligncenter\" src=\"https:\/\/serveiseducatius.xtec.cat\/garraf\/wp-content\/uploads\/usu1185\/2021\/06\/PHOTO-2021-06-02-08-44-06-1-300x225.jpg\" alt=\"\" width=\"150\" height=\"113\" srcset=\"https:\/\/serveiseducatius.xtec.cat\/garraf\/wp-content\/uploads\/usu1185\/2021\/06\/PHOTO-2021-06-02-08-44-06-1-300x225.jpg 300w, https:\/\/serveiseducatius.xtec.cat\/garraf\/wp-content\/uploads\/usu1185\/2021\/06\/PHOTO-2021-06-02-08-44-06-1-768x576.jpg 768w, https:\/\/serveiseducatius.xtec.cat\/garraf\/wp-content\/uploads\/usu1185\/2021\/06\/PHOTO-2021-06-02-08-44-06-1.jpg 1024w, https:\/\/serveiseducatius.xtec.cat\/garraf\/wp-content\/uploads\/usu1185\/2021\/06\/PHOTO-2021-06-02-08-44-06-1-200x150.jpg 200w\" sizes=\"auto, (max-width: 150px) 100vw, 150px\" \/><\/a><\/td>\n<\/tr>\n<tr style=\"height: 10px;\">\n<td style=\"width: 208px; height: 10px; background-color: #faf2f2; border-style: none;\"><a href=\"http:\/\/serveiseducatius.xtec.cat\/garraf\/general\/capturem-crancs-blaus-nou-projecte-dapsc-dels-alumnes-del-divina-providencia\/attachment\/photo-2021-06-02-08-44-06\/\" rel=\"attachment wp-att-13427\"><img loading=\"lazy\" decoding=\"async\" class=\"wp-image-13427 aligncenter\" src=\"https:\/\/serveiseducatius.xtec.cat\/garraf\/wp-content\/uploads\/usu1185\/2021\/06\/PHOTO-2021-06-02-08-44-06-300x225.jpg\" alt=\"\" width=\"150\" height=\"113\" srcset=\"https:\/\/serveiseducatius.xtec.cat\/garraf\/wp-content\/uploads\/usu1185\/2021\/06\/PHOTO-2021-06-02-08-44-06-300x225.jpg 300w, https:\/\/serveiseducatius.xtec.cat\/garraf\/wp-content\/uploads\/usu1185\/2021\/06\/PHOTO-2021-06-02-08-44-06-768x576.jpg 768w, https:\/\/serveiseducatius.xtec.cat\/garraf\/wp-content\/uploads\/usu1185\/2021\/06\/PHOTO-2021-06-02-08-44-06.jpg 1024w, https:\/\/serveiseducatius.xtec.cat\/garraf\/wp-content\/uploads\/usu1185\/2021\/06\/PHOTO-2021-06-02-08-44-06-200x150.jpg 200w\" sizes=\"auto, (max-width: 150px) 100vw, 150px\" \/><\/a><\/td>\n<\/tr>\n<\/tbody>\n<\/table>\n","protected":false},"excerpt":{"rendered":"<p>L\u2019alumnat de tercer i quart de l\u2019ESO del Col\u00b7legi Divina Provid\u00e8ncia de Vilanova i la Geltr\u00fa han desenvolupat al llarg d\u2019aquest curs 2020-21 un projecte de Servei Comunitari dirigit a minimitzar l\u2019impacte i la proliferaci\u00f3 del cranc blau de la zona natural de la desembocadura del torrent de Sant Joan de la ciutat.<\/p>\n","protected":false},"author":10,"featured_media":13416,"comment_status":"closed","ping_status":"closed","sticky":true,"template":"","format":"standard","meta":{"_bbp_topic_count":0,"_bbp_reply_count":0,"_bbp_total_topic_count":0,"_bbp_total_reply_count":0,"_bbp_voice_count":0,"_bbp_anonymous_reply_count":0,"_bbp_topic_count_hidden":0,"_bbp_reply_count_hidden":0,"_bbp_forum_subforum_count":0,"site-sidebar-layout":"default","site-content-layout":"","ast-site-content-layout":"","site-content-style":"default","site-sidebar-style":"default","ast-global-header-display":"","ast-banner-title-visibility":"","ast-main-header-display":"","ast-hfb-above-header-display":"","ast-hfb-below-header-display":"","ast-hfb-mobile-header-display":"","site-post-title":"","ast-breadcrumbs-content":"","ast-featured-img":"","footer-sml-layout":"","theme-transparent-header-meta":"","adv-header-id-meta":"","stick-header-meta":"","header-above-stick-meta":"","header-main-stick-meta":"","header-below-stick-meta":"","astra-migrate-meta-layouts":"default","ast-page-background-enabled":"default","ast-page-background-meta":{"desktop":{"background-color":"var(--ast-global-color-4)","background-image":"","background-repeat":"repeat","background-position":"center center","background-size":"auto","background-attachment":"scroll","background-type":"","background-media":"","overlay-type":"","overlay-color":"","overlay-opacity":"","overlay-gradient":""},"tablet":{"background-color":"","background-image":"","background-repeat":"repeat","background-position":"center center","background-size":"auto","background-attachment":"scroll","background-type":"","background-media":"","overlay-type":"","overlay-color":"","overlay-opacity":"","overlay-gradient":""},"mobile":{"background-color":"","background-image":"","background-repeat":"repeat","background-position":"center center","background-size":"auto","background-attachment":"scroll","background-type":"","background-media":"","overlay-type":"","overlay-color":"","overlay-opacity":"","overlay-gradient":""}},"ast-content-background-meta":{"desktop":{"background-color":"var(--ast-global-color-5)","background-image":"","background-repeat":"repeat","background-position":"center center","background-size":"auto","background-attachment":"scroll","background-type":"","background-media":"","overlay-type":"","overlay-color":"","overlay-opacity":"","overlay-gradient":""},"tablet":{"background-color":"var(--ast-global-color-5)","background-image":"","background-repeat":"repeat","background-position":"center center","background-size":"auto","background-attachment":"scroll","background-type":"","background-media":"","overlay-type":"","overlay-color":"","overlay-opacity":"","overlay-gradient":""},"mobile":{"background-color":"var(--ast-global-color-5)","background-image":"","background-repeat":"repeat","background-position":"center center","background-size":"auto","background-attachment":"scroll","background-type":"","background-media":"","overlay-type":"","overlay-color":"","overlay-opacity":"","overlay-gradient":""}},"footnotes":""},"categories":[1,29],"tags":[],"class_list":["post-13410","post","type-post","status-publish","format-standard","has-post-thumbnail","hentry","category-general","category-portada"],"post_mailing_queue_ids":[],"_links":{"self":[{"href":"https:\/\/serveiseducatius.xtec.cat\/garraf\/wp-json\/wp\/v2\/posts\/13410","targetHints":{"allow":["GET"]}}],"collection":[{"href":"https:\/\/serveiseducatius.xtec.cat\/garraf\/wp-json\/wp\/v2\/posts"}],"about":[{"href":"https:\/\/serveiseducatius.xtec.cat\/garraf\/wp-json\/wp\/v2\/types\/post"}],"author":[{"embeddable":true,"href":"https:\/\/serveiseducatius.xtec.cat\/garraf\/wp-json\/wp\/v2\/users\/10"}],"replies":[{"embeddable":true,"href":"https:\/\/serveiseducatius.xtec.cat\/garraf\/wp-json\/wp\/v2\/comments?post=13410"}],"version-history":[{"count":4,"href":"https:\/\/serveiseducatius.xtec.cat\/garraf\/wp-json\/wp\/v2\/posts\/13410\/revisions"}],"predecessor-version":[{"id":13431,"href":"https:\/\/serveiseducatius.xtec.cat\/garraf\/wp-json\/wp\/v2\/posts\/13410\/revisions\/13431"}],"wp:featuredmedia":[{"embeddable":true,"href":"https:\/\/serveiseducatius.xtec.cat\/garraf\/wp-json\/wp\/v2\/media\/13416"}],"wp:attachment":[{"href":"https:\/\/serveiseducatius.xtec.cat\/garraf\/wp-json\/wp\/v2\/media?parent=13410"}],"wp:term":[{"taxonomy":"category","embeddable":true,"href":"https:\/\/serveiseducatius.xtec.cat\/garraf\/wp-json\/wp\/v2\/categories?post=13410"},{"taxonomy":"post_tag","embeddable":true,"href":"https:\/\/serveiseducatius.xtec.cat\/garraf\/wp-json\/wp\/v2\/tags?post=13410"}],"curies":[{"name":"wp","href":"https:\/\/api.w.org\/{rel}","templated":true}]}}