{"id":12802,"date":"2021-03-16T17:50:29","date_gmt":"2021-03-16T16:50:29","guid":{"rendered":"http:\/\/serveiseducatius.xtec.cat\/garraf\/?p=12802"},"modified":"2021-03-17T12:23:29","modified_gmt":"2021-03-17T11:23:29","slug":"videoconferencia-de-lenric-queralt-sobre-oralitat-reflexio-sobre-les-actituds-i-els-usos-linguistics-a-lescola","status":"publish","type":"post","link":"https:\/\/serveiseducatius.xtec.cat\/garraf\/general\/videoconferencia-de-lenric-queralt-sobre-oralitat-reflexio-sobre-les-actituds-i-els-usos-linguistics-a-lescola\/","title":{"rendered":"Videoconfer\u00e8ncia de l&#8217;Enric Queralt sobre Oralitat. Reflexi\u00f3 sobre les actituds i els usos ling\u00fc\u00edstics a l&#8217;escola."},"content":{"rendered":"<table class=\" alignright\" style=\"height: 254px;\" width=\"327\">\n<tbody>\n<tr>\n<td style=\"width: 156px;\"><a href=\"http:\/\/serveiseducatius.xtec.cat\/garraf\/general\/videoconferencia-de-lenric-queralt-sobre-oralitat-reflexio-sobre-les-actituds-i-els-usos-linguistics-a-lescola\/attachment\/img9\/\" rel=\"attachment wp-att-12809\"><img loading=\"lazy\" decoding=\"async\" class=\"wp-image-12809 aligncenter\" src=\"https:\/\/serveiseducatius.xtec.cat\/garraf\/wp-content\/uploads\/usu1185\/2021\/03\/img9.jpg\" alt=\"\" width=\"279\" height=\"205\" srcset=\"https:\/\/serveiseducatius.xtec.cat\/garraf\/wp-content\/uploads\/usu1185\/2021\/03\/img9.jpg 760w, https:\/\/serveiseducatius.xtec.cat\/garraf\/wp-content\/uploads\/usu1185\/2021\/03\/img9-300x220.jpg 300w\" sizes=\"auto, (max-width: 279px) 100vw, 279px\" \/><\/a><\/td>\n<td style=\"width: 164px;\"><a href=\"http:\/\/serveiseducatius.xtec.cat\/garraf\/general\/videoconferencia-de-lenric-queralt-sobre-oralitat-reflexio-sobre-les-actituds-i-els-usos-linguistics-a-lescola\/attachment\/img17\/\" rel=\"attachment wp-att-12807\"><img loading=\"lazy\" decoding=\"async\" class=\"alignnone size-full wp-image-12807\" src=\"https:\/\/serveiseducatius.xtec.cat\/garraf\/wp-content\/uploads\/usu1185\/2021\/03\/img17.jpg\" alt=\"\" width=\"818\" height=\"619\" srcset=\"https:\/\/serveiseducatius.xtec.cat\/garraf\/wp-content\/uploads\/usu1185\/2021\/03\/img17.jpg 818w, https:\/\/serveiseducatius.xtec.cat\/garraf\/wp-content\/uploads\/usu1185\/2021\/03\/img17-300x227.jpg 300w, https:\/\/serveiseducatius.xtec.cat\/garraf\/wp-content\/uploads\/usu1185\/2021\/03\/img17-768x581.jpg 768w, https:\/\/serveiseducatius.xtec.cat\/garraf\/wp-content\/uploads\/usu1185\/2021\/03\/img17-200x150.jpg 200w\" sizes=\"auto, (max-width: 818px) 100vw, 818px\" \/><\/a><\/td>\n<\/tr>\n<tr>\n<td style=\"width: 156px;\"><a href=\"http:\/\/serveiseducatius.xtec.cat\/garraf\/general\/videoconferencia-de-lenric-queralt-sobre-oralitat-reflexio-sobre-les-actituds-i-els-usos-linguistics-a-lescola\/attachment\/img20\/\" rel=\"attachment wp-att-12808\"><img loading=\"lazy\" decoding=\"async\" class=\"alignnone size-full wp-image-12808\" src=\"https:\/\/serveiseducatius.xtec.cat\/garraf\/wp-content\/uploads\/usu1185\/2021\/03\/img20.jpg\" alt=\"\" width=\"807\" height=\"572\" srcset=\"https:\/\/serveiseducatius.xtec.cat\/garraf\/wp-content\/uploads\/usu1185\/2021\/03\/img20.jpg 807w, https:\/\/serveiseducatius.xtec.cat\/garraf\/wp-content\/uploads\/usu1185\/2021\/03\/img20-300x213.jpg 300w, https:\/\/serveiseducatius.xtec.cat\/garraf\/wp-content\/uploads\/usu1185\/2021\/03\/img20-768x544.jpg 768w\" sizes=\"auto, (max-width: 807px) 100vw, 807px\" \/><\/a><\/td>\n<td style=\"width: 164px;\"><a href=\"http:\/\/serveiseducatius.xtec.cat\/garraf\/general\/videoconferencia-de-lenric-queralt-sobre-oralitat-reflexio-sobre-les-actituds-i-els-usos-linguistics-a-lescola\/attachment\/img13\/\" rel=\"attachment wp-att-12806\"><img loading=\"lazy\" decoding=\"async\" class=\"alignnone size-full wp-image-12806\" src=\"https:\/\/serveiseducatius.xtec.cat\/garraf\/wp-content\/uploads\/usu1185\/2021\/03\/img13.jpg\" alt=\"\" width=\"890\" height=\"581\" srcset=\"https:\/\/serveiseducatius.xtec.cat\/garraf\/wp-content\/uploads\/usu1185\/2021\/03\/img13.jpg 890w, https:\/\/serveiseducatius.xtec.cat\/garraf\/wp-content\/uploads\/usu1185\/2021\/03\/img13-300x196.jpg 300w, https:\/\/serveiseducatius.xtec.cat\/garraf\/wp-content\/uploads\/usu1185\/2021\/03\/img13-768x501.jpg 768w\" sizes=\"auto, (max-width: 890px) 100vw, 890px\" \/><\/a><\/td>\n<\/tr>\n<\/tbody>\n<\/table>\n<p><span style=\"font-size: 16px;\">L&#8217;Enric Queralt ens va oferir la videoconfer\u00e8ncia <\/span><a style=\"font-family: inherit; font-size: 1em;\" href=\"https:\/\/drive.google.com\/file\/d\/1s2r_5iDP0EZXJKR32TFGCi-UaWAvKi3h\/view?usp=sharing\"><strong>La comunicaci\u00f3 oral en temps de pand\u00e8mies i digitalitzacions<\/strong><\/a><span style=\"font-size: 16px;\">.<\/span><\/p>\n<p>L&#8217;orador va reflexionar sobre el model oral del professorat, la necessitat de crear espais de comunicaci\u00f3 efectius i de facilitar la reflexi\u00f3 de l&#8217;alumnat sobre el propi \u00fas ling\u00fc\u00edstic i tamb\u00e9 sobre la import\u00e0ncia d&#8217;incorporar estrat\u00e8gies did\u00e0ctiques per l&#8217;ensenyament de la llengua oral.<\/p>\n<p><span style=\"font-size: 16px;\">Com diu el propi Enric Queralt, venim d&#8217;una escola que venera el silenci per\u00f2 la parla \u00e9s l&#8217;eina educativa m\u00e9s potent que tenim: som el que sabem dir.<\/span><\/p>\n<p><a href=\"https:\/\/drive.google.com\/file\/d\/1NcwpRL02srw7BczgkmyymYkjrPMlmQHt\/view?usp=sharing\">Acc\u00e9s a la presentaci\u00f3<\/a><\/p>\n","protected":false},"excerpt":{"rendered":"<p>L&#8217;Enric Queralt ens va oferir la videoconfer\u00e8ncia La comunicaci\u00f3 oral en temps de pand\u00e8mies i digitalitzacions. L&#8217;orador va reflexionar sobre el model oral del professorat, la necessitat de crear espais de comunicaci\u00f3 efectius i de facilitar la reflexi\u00f3 de l&#8217;alumnat sobre el propi \u00fas ling\u00fc\u00edstic i tamb\u00e9 sobre la import\u00e0ncia d&#8217;incorporar estrat\u00e8gies did\u00e0ctiques per l&#8217;ensenyament [&hellip;]<\/p>\n","protected":false},"author":43,"featured_media":12817,"comment_status":"closed","ping_status":"closed","sticky":true,"template":"","format":"standard","meta":{"_bbp_topic_count":0,"_bbp_reply_count":0,"_bbp_total_topic_count":0,"_bbp_total_reply_count":0,"_bbp_voice_count":0,"_bbp_anonymous_reply_count":0,"_bbp_topic_count_hidden":0,"_bbp_reply_count_hidden":0,"_bbp_forum_subforum_count":0,"site-sidebar-layout":"default","site-content-layout":"","ast-site-content-layout":"","site-content-style":"default","site-sidebar-style":"default","ast-global-header-display":"","ast-banner-title-visibility":"","ast-main-header-display":"","ast-hfb-above-header-display":"","ast-hfb-below-header-display":"","ast-hfb-mobile-header-display":"","site-post-title":"","ast-breadcrumbs-content":"","ast-featured-img":"","footer-sml-layout":"","theme-transparent-header-meta":"","adv-header-id-meta":"","stick-header-meta":"","header-above-stick-meta":"","header-main-stick-meta":"","header-below-stick-meta":"","astra-migrate-meta-layouts":"default","ast-page-background-enabled":"default","ast-page-background-meta":{"desktop":{"background-color":"var(--ast-global-color-4)","background-image":"","background-repeat":"repeat","background-position":"center center","background-size":"auto","background-attachment":"scroll","background-type":"","background-media":"","overlay-type":"","overlay-color":"","overlay-opacity":"","overlay-gradient":""},"tablet":{"background-color":"","background-image":"","background-repeat":"repeat","background-position":"center center","background-size":"auto","background-attachment":"scroll","background-type":"","background-media":"","overlay-type":"","overlay-color":"","overlay-opacity":"","overlay-gradient":""},"mobile":{"background-color":"","background-image":"","background-repeat":"repeat","background-position":"center center","background-size":"auto","background-attachment":"scroll","background-type":"","background-media":"","overlay-type":"","overlay-color":"","overlay-opacity":"","overlay-gradient":""}},"ast-content-background-meta":{"desktop":{"background-color":"var(--ast-global-color-5)","background-image":"","background-repeat":"repeat","background-position":"center center","background-size":"auto","background-attachment":"scroll","background-type":"","background-media":"","overlay-type":"","overlay-color":"","overlay-opacity":"","overlay-gradient":""},"tablet":{"background-color":"var(--ast-global-color-5)","background-image":"","background-repeat":"repeat","background-position":"center center","background-size":"auto","background-attachment":"scroll","background-type":"","background-media":"","overlay-type":"","overlay-color":"","overlay-opacity":"","overlay-gradient":""},"mobile":{"background-color":"var(--ast-global-color-5)","background-image":"","background-repeat":"repeat","background-position":"center center","background-size":"auto","background-attachment":"scroll","background-type":"","background-media":"","overlay-type":"","overlay-color":"","overlay-opacity":"","overlay-gradient":""}},"footnotes":""},"categories":[68,1],"tags":[337],"class_list":["post-12802","post","type-post","status-publish","format-standard","has-post-thumbnail","hentry","category-elic","category-general","tag-aula-acollida"],"post_mailing_queue_ids":[],"_links":{"self":[{"href":"https:\/\/serveiseducatius.xtec.cat\/garraf\/wp-json\/wp\/v2\/posts\/12802","targetHints":{"allow":["GET"]}}],"collection":[{"href":"https:\/\/serveiseducatius.xtec.cat\/garraf\/wp-json\/wp\/v2\/posts"}],"about":[{"href":"https:\/\/serveiseducatius.xtec.cat\/garraf\/wp-json\/wp\/v2\/types\/post"}],"author":[{"embeddable":true,"href":"https:\/\/serveiseducatius.xtec.cat\/garraf\/wp-json\/wp\/v2\/users\/43"}],"replies":[{"embeddable":true,"href":"https:\/\/serveiseducatius.xtec.cat\/garraf\/wp-json\/wp\/v2\/comments?post=12802"}],"version-history":[{"count":3,"href":"https:\/\/serveiseducatius.xtec.cat\/garraf\/wp-json\/wp\/v2\/posts\/12802\/revisions"}],"predecessor-version":[{"id":12814,"href":"https:\/\/serveiseducatius.xtec.cat\/garraf\/wp-json\/wp\/v2\/posts\/12802\/revisions\/12814"}],"wp:featuredmedia":[{"embeddable":true,"href":"https:\/\/serveiseducatius.xtec.cat\/garraf\/wp-json\/wp\/v2\/media\/12817"}],"wp:attachment":[{"href":"https:\/\/serveiseducatius.xtec.cat\/garraf\/wp-json\/wp\/v2\/media?parent=12802"}],"wp:term":[{"taxonomy":"category","embeddable":true,"href":"https:\/\/serveiseducatius.xtec.cat\/garraf\/wp-json\/wp\/v2\/categories?post=12802"},{"taxonomy":"post_tag","embeddable":true,"href":"https:\/\/serveiseducatius.xtec.cat\/garraf\/wp-json\/wp\/v2\/tags?post=12802"}],"curies":[{"name":"wp","href":"https:\/\/api.w.org\/{rel}","templated":true}]}}