{"id":12764,"date":"2021-03-15T11:00:38","date_gmt":"2021-03-15T10:00:38","guid":{"rendered":"http:\/\/serveiseducatius.xtec.cat\/garraf\/?p=12764"},"modified":"2021-03-15T11:00:41","modified_gmt":"2021-03-15T10:00:41","slug":"novetats-del-mes-de-marc-a-la-biblioteca-manuel-de-pedrolo-de-ribes","status":"publish","type":"post","link":"https:\/\/serveiseducatius.xtec.cat\/garraf\/general\/novetats-del-mes-de-marc-a-la-biblioteca-manuel-de-pedrolo-de-ribes\/","title":{"rendered":"Novetats del mes de mar\u00e7 a la Biblioteca Manuel de Pedrolo de Ribes"},"content":{"rendered":"<h6 style=\"text-align: justify;\"><a href=\"http:\/\/serveiseducatius.xtec.cat\/garraf\/logobibliotequessantperederibes-2\/\"><img loading=\"lazy\" decoding=\"async\" class=\"size-full wp-image-12572 alignright\" src=\"https:\/\/serveiseducatius.xtec.cat\/garraf\/wp-content\/uploads\/usu1185\/2021\/02\/LogobibliotequesSantPeredeRibes.jpg\" alt=\"\" width=\"195\" height=\"76\" \/><\/a>Aqu\u00ed <span style=\"font-family: inherit; font-size: 1em;\">teniu les novetats rellevants en l\u2019\u00e0mbit de l\u2019ensenyament que s\u2019han incorporat durant aquest mes de <strong>mar\u00e7 del 2021<\/strong> al fons bibliogr\u00e0fic de la Biblioteca P\u00fablica Manuel de Pedrolo de Sant Pere de Ribes.<\/span><\/h6>\n<p><em>Esperem que sigui del vostre inter\u00e8s.<\/em><\/p>\n<table style=\"height: 184px; width: 633px;\">\n<tbody>\n<tr style=\"height: 78px;\">\n<td style=\"height: 60px; width: 135px; border-style: dashed; border-color: #095ded; background-color: #ebe7da;\"><a href=\"http:\/\/serveiseducatius.xtec.cat\/garraf\/general\/novetats-del-mes-de-marc-a-la-biblioteca-manuel-de-pedrolo-de-ribes\/attachment\/img\/\" rel=\"attachment wp-att-12766\"><img loading=\"lazy\" decoding=\"async\" class=\"wp-image-12766 aligncenter\" src=\"https:\/\/serveiseducatius.xtec.cat\/garraf\/wp-content\/uploads\/usu1185\/2021\/03\/img-192x300.jpg\" alt=\"\" width=\"114\" height=\"179\" srcset=\"https:\/\/serveiseducatius.xtec.cat\/garraf\/wp-content\/uploads\/usu1185\/2021\/03\/img-192x300.jpg 192w, https:\/\/serveiseducatius.xtec.cat\/garraf\/wp-content\/uploads\/usu1185\/2021\/03\/img.jpg 200w\" sizes=\"auto, (max-width: 114px) 100vw, 114px\" \/><\/a><\/td>\n<td style=\"height: 60px; width: 199px; border-style: dashed; border-color: #095ded; background-color: #ebe7da;\"><em><strong>Sense paraules : sis tallers de lectura d&#8217;\u00e0lbums sense mots per a totes les edats.\u00a0 <\/strong><\/em><br \/>\nEmma Bosch<br \/>\nBarcelona: Rosa Sensat (abril 20209<br \/>\nISBN: 9788412009682<br \/>\nSignatura: 087.1 Bos<\/td>\n<td style=\"height: 60px; width: 289px; border-style: dashed; border-color: #095ded; background-color: #ebe7da; text-align: justify;\">Sense paraules \u00e9s una guia pr\u00e0ctica que ajuda a trencar el mite que les narracions gr\u00e0fiques sense paraules s\u00f3n nom\u00e9s per a prelectors. Aquests tallers que podreu replicar f\u00e0cilment perqu\u00e8 estan descrits amb molt de detall us descobriran la gran varietat d&#8217;\u00e0lbums sense paraules existents i podreu constatar que les imatges parlen.\u00a0 Gr\u00e0cies a la lectura detinguda, la relectura, la lectura compartida i la creaci\u00f3 d&#8217;imatges podrem entendre i estimar les narratives gr\u00e0fiques sense paraules.<\/td>\n<\/tr>\n<tr style=\"height: 31px;\">\n<td style=\"height: 31px; width: 135px; border-style: dashed; border-color: #095ded; background-color: #ebe7da;\"><a href=\"http:\/\/serveiseducatius.xtec.cat\/garraf\/general\/novetats-del-mes-de-marc-a-la-biblioteca-manuel-de-pedrolo-de-ribes\/attachment\/img-1\/\" rel=\"attachment wp-att-12767\"><img loading=\"lazy\" decoding=\"async\" class=\"wp-image-12767 aligncenter\" src=\"https:\/\/serveiseducatius.xtec.cat\/garraf\/wp-content\/uploads\/usu1185\/2021\/03\/img-1-190x300.jpg\" alt=\"\" width=\"124\" height=\"195\" data-wp-editing=\"1\" srcset=\"https:\/\/serveiseducatius.xtec.cat\/garraf\/wp-content\/uploads\/usu1185\/2021\/03\/img-1-190x300.jpg 190w, https:\/\/serveiseducatius.xtec.cat\/garraf\/wp-content\/uploads\/usu1185\/2021\/03\/img-1.jpg 200w\" sizes=\"auto, (max-width: 124px) 100vw, 124px\" \/><\/a><\/td>\n<td style=\"height: 31px; width: 199px; border-style: dashed; border-color: #095ded; background-color: #ebe7da;\"><em><strong>Des de la graderia : el llibre per als que tenen nens i nenes que fan esport<\/strong><\/em><br \/>\nJ. Arum\u00ed; A. Junc\u00e0 i G. Pla<br \/>\nVic : Eumo Editorial, setembre de 2020<br \/>\nISBN: 9788497667012<br \/>\nSignatura: 155.4 Aru<\/td>\n<td style=\"height: 31px; width: 200px; border-style: dashed; border-color: #095ded; background-color: #ebe7da; text-align: justify;\">&#8220;El joc \u00e9s intens i res no la distreu. La jugadora est\u00e0 atenta a traject\u00f2ries, a dist\u00e0ncies, a moviments&#8230; De tant en tant sent alguna indicaci\u00f3 de l&#8217;entrenador, assenteix amb el cap i torna a fer all\u00f2 que m\u00e9s li agrada: jugar. De sobte, en un moment de pausa, aixeca el cap, busca entre les graderies i veu els seus pares.&#8221; Qu\u00e8 se suposa que hem de fer els pares a les graderies? A quin esport hem d&#8217;apuntar els nostres fills? Seran bons? Aquest llibre ofereix criteris per orientar la relaci\u00f3 i les decisions que pares i fills establim al voltant de l&#8217;esport. Amb un llenguatge planer, bastit d&#8217;an\u00e8cdotes i refor\u00e7at amb pinzellades de pedagogia, psicologia i sociologia, parlem del paper de les fam\u00edlies en l&#8217;esport.<\/td>\n<\/tr>\n<tr style=\"height: 31px;\">\n<td style=\"height: 31px; width: 135px; border-style: dashed; border-color: #095ded; background-color: #ebe7da;\"><a href=\"http:\/\/serveiseducatius.xtec.cat\/garraf\/general\/novetats-del-mes-de-marc-a-la-biblioteca-manuel-de-pedrolo-de-ribes\/attachment\/img-2\/\" rel=\"attachment wp-att-12768\"><img loading=\"lazy\" decoding=\"async\" class=\"wp-image-12768 aligncenter\" src=\"https:\/\/serveiseducatius.xtec.cat\/garraf\/wp-content\/uploads\/usu1185\/2021\/03\/img-2.jpg\" alt=\"\" width=\"107\" height=\"153\" \/><\/a><\/td>\n<td style=\"height: 31px; width: 199px; border-style: dashed; border-color: #095ded; background-color: #ebe7da;\"><strong><em>El Peque\u00f1o Montessori en casa: c\u00f3mo criar ni\u00f1os y ni\u00f1as responsables y curiosos<\/em><\/strong><br \/>\nSimone Davies.<br \/>\nBarcelona. Editorial Ariel, setembre 2020<br \/>\nISBN: 9788434432895<br \/>\nSignatura: 371.4 Sim<\/td>\n<td style=\"height: 31px; width: 200px; border-style: dashed; border-color: #095ded; background-color: #ebe7da; text-align: justify;\">L&#8217;autora recull en aquest llibre la seva exper\u00ec\u00e8ncia com a mare i guia Montessori. En les seves p\u00e0gines ens mostra com aconseguir un ambient propici a casa per a fomentar de manera exitosa la construcci\u00f3 d&#8217;un \u00e9sser hum\u00e0 felic i responsable.<\/td>\n<\/tr>\n<tr style=\"height: 31px;\">\n<td style=\"height: 31px; width: 135px; border-style: dashed; border-color: #095ded; background-color: #ebe7da;\"><em><strong><img loading=\"lazy\" decoding=\"async\" class=\"aligncenter\" src=\"https:\/\/portadesbd.diba.cat\/img.php?i=b19559549&amp;isbn=9788413520520&amp;log=0&amp;m=g\" width=\"96\" height=\"151\" \/><\/strong><\/em><\/td>\n<td style=\"height: 31px; width: 199px; border-style: dashed; border-color: #095ded; background-color: #ebe7da;\"><em><strong>Aprender y ense\u00f1ar en tiempos de confinamiento : gu\u00eda b\u00e1sica<\/strong><\/em><br \/>\n<em><strong>Fernando Trujillo [i 6 m\u00e9s]<\/strong><\/em><br \/>\n<em><strong>Madrid: Los Libros de la Catarat, 2020<\/strong><\/em><br \/>\n<em><strong>ISBN: 9788413520520<\/strong><\/em><br \/>\n<em><strong>Signatura: 371.3 Apr<\/strong><\/em><\/td>\n<td style=\"height: 31px; width: 289px; border-style: dashed; border-color: #095ded; background-color: #ebe7da; text-align: justify;\">La transici\u00f3n de un sistema educativo presencial a un modelo de educaci\u00f3n a distancia ha sido, probablemente, el mayor sobresalto que ha recibido la educaci\u00f3n en Espa\u00f1a y en muchos otros pa\u00edses en el \u00faltimo tercio del siglo XX y este comienzo de siglo XXI.<\/td>\n<\/tr>\n<tr style=\"height: 31px;\">\n<td style=\"height: 31px; width: 135px; border-style: dashed; border-color: #095ded; background-color: #ebe7da;\"><em><strong><img loading=\"lazy\" decoding=\"async\" class=\"aligncenter\" src=\"https:\/\/portadesbd.diba.cat\/img.php?i=b19496783&amp;isbn=9788417858896&amp;log=0&amp;m=g\" width=\"108\" height=\"152\" \/><\/strong><\/em><\/td>\n<td style=\"height: 31px; width: 199px; border-style: dashed; border-color: #095ded; background-color: #ebe7da;\"><em><strong>Escape room : educaci\u00f3n<\/strong><\/em><br \/>\nIvan Tapia i Jordi Lorente<br \/>\nBarcelona: Lunwerg Editores, juny de 2020<br \/>\nISBN: 9788417858896<br \/>\nSignatura: 793.4 Tap<\/p>\n<p style=\"font-weight: 400;\">\n<\/td>\n<td style=\"height: 31px; width: 289px; border-style: dashed; border-color: #095ded; background-color: #ebe7da; text-align: justify;\">Este libro presenta experiencias de tipo\u00a0<em>escape room<\/em>\u00a0port\u00e1tiles, ideales para montar en el colegio o en casa, para que los chicos y chicas de entre 10 y 16 a\u00f1os puedan trabajar las competencias curriculares propias de esta etapa. Para ello, cada juego viene acompa\u00f1ado de una ficha educativa donde se desarrolla su aplicaci\u00f3n por competencias, as\u00ed como la evaluaci\u00f3n de estas. Un recurso muy valioso porque a\u00fana diversi\u00f3n y aprendizaje.<\/td>\n<\/tr>\n<\/tbody>\n<\/table>\n","protected":false},"excerpt":{"rendered":"<p>Aqu\u00ed teniu les novetats rellevants en l\u2019\u00e0mbit de l\u2019ensenyament que s\u2019han incorporat durant aquest mes de mar\u00e7 del 2021 al fons bibliogr\u00e0fic de la Biblioteca P\u00fablica Manuel de Pedrolo de Sant Pere de Ribes. Esperem que sigui del vostre inter\u00e8s. Sense paraules : sis tallers de lectura d&#8217;\u00e0lbums sense mots per a totes les edats.\u00a0 [&hellip;]<\/p>\n","protected":false},"author":10,"featured_media":12782,"comment_status":"closed","ping_status":"closed","sticky":true,"template":"","format":"standard","meta":{"_bbp_topic_count":0,"_bbp_reply_count":0,"_bbp_total_topic_count":0,"_bbp_total_reply_count":0,"_bbp_voice_count":0,"_bbp_anonymous_reply_count":0,"_bbp_topic_count_hidden":0,"_bbp_reply_count_hidden":0,"_bbp_forum_subforum_count":0,"site-sidebar-layout":"default","site-content-layout":"","ast-site-content-layout":"","site-content-style":"default","site-sidebar-style":"default","ast-global-header-display":"","ast-banner-title-visibility":"","ast-main-header-display":"","ast-hfb-above-header-display":"","ast-hfb-below-header-display":"","ast-hfb-mobile-header-display":"","site-post-title":"","ast-breadcrumbs-content":"","ast-featured-img":"","footer-sml-layout":"","theme-transparent-header-meta":"","adv-header-id-meta":"","stick-header-meta":"","header-above-stick-meta":"","header-main-stick-meta":"","header-below-stick-meta":"","astra-migrate-meta-layouts":"default","ast-page-background-enabled":"default","ast-page-background-meta":{"desktop":{"background-color":"var(--ast-global-color-4)","background-image":"","background-repeat":"repeat","background-position":"center center","background-size":"auto","background-attachment":"scroll","background-type":"","background-media":"","overlay-type":"","overlay-color":"","overlay-opacity":"","overlay-gradient":""},"tablet":{"background-color":"","background-image":"","background-repeat":"repeat","background-position":"center center","background-size":"auto","background-attachment":"scroll","background-type":"","background-media":"","overlay-type":"","overlay-color":"","overlay-opacity":"","overlay-gradient":""},"mobile":{"background-color":"","background-image":"","background-repeat":"repeat","background-position":"center center","background-size":"auto","background-attachment":"scroll","background-type":"","background-media":"","overlay-type":"","overlay-color":"","overlay-opacity":"","overlay-gradient":""}},"ast-content-background-meta":{"desktop":{"background-color":"var(--ast-global-color-5)","background-image":"","background-repeat":"repeat","background-position":"center center","background-size":"auto","background-attachment":"scroll","background-type":"","background-media":"","overlay-type":"","overlay-color":"","overlay-opacity":"","overlay-gradient":""},"tablet":{"background-color":"var(--ast-global-color-5)","background-image":"","background-repeat":"repeat","background-position":"center center","background-size":"auto","background-attachment":"scroll","background-type":"","background-media":"","overlay-type":"","overlay-color":"","overlay-opacity":"","overlay-gradient":""},"mobile":{"background-color":"var(--ast-global-color-5)","background-image":"","background-repeat":"repeat","background-position":"center center","background-size":"auto","background-attachment":"scroll","background-type":"","background-media":"","overlay-type":"","overlay-color":"","overlay-opacity":"","overlay-gradient":""}},"footnotes":""},"categories":[1,29],"tags":[],"class_list":["post-12764","post","type-post","status-publish","format-standard","has-post-thumbnail","hentry","category-general","category-portada"],"post_mailing_queue_ids":[],"_links":{"self":[{"href":"https:\/\/serveiseducatius.xtec.cat\/garraf\/wp-json\/wp\/v2\/posts\/12764","targetHints":{"allow":["GET"]}}],"collection":[{"href":"https:\/\/serveiseducatius.xtec.cat\/garraf\/wp-json\/wp\/v2\/posts"}],"about":[{"href":"https:\/\/serveiseducatius.xtec.cat\/garraf\/wp-json\/wp\/v2\/types\/post"}],"author":[{"embeddable":true,"href":"https:\/\/serveiseducatius.xtec.cat\/garraf\/wp-json\/wp\/v2\/users\/10"}],"replies":[{"embeddable":true,"href":"https:\/\/serveiseducatius.xtec.cat\/garraf\/wp-json\/wp\/v2\/comments?post=12764"}],"version-history":[{"count":3,"href":"https:\/\/serveiseducatius.xtec.cat\/garraf\/wp-json\/wp\/v2\/posts\/12764\/revisions"}],"predecessor-version":[{"id":12784,"href":"https:\/\/serveiseducatius.xtec.cat\/garraf\/wp-json\/wp\/v2\/posts\/12764\/revisions\/12784"}],"wp:featuredmedia":[{"embeddable":true,"href":"https:\/\/serveiseducatius.xtec.cat\/garraf\/wp-json\/wp\/v2\/media\/12782"}],"wp:attachment":[{"href":"https:\/\/serveiseducatius.xtec.cat\/garraf\/wp-json\/wp\/v2\/media?parent=12764"}],"wp:term":[{"taxonomy":"category","embeddable":true,"href":"https:\/\/serveiseducatius.xtec.cat\/garraf\/wp-json\/wp\/v2\/categories?post=12764"},{"taxonomy":"post_tag","embeddable":true,"href":"https:\/\/serveiseducatius.xtec.cat\/garraf\/wp-json\/wp\/v2\/tags?post=12764"}],"curies":[{"name":"wp","href":"https:\/\/api.w.org\/{rel}","templated":true}]}}