{"id":12638,"date":"2021-03-02T09:31:22","date_gmt":"2021-03-02T08:31:22","guid":{"rendered":"http:\/\/serveiseducatius.xtec.cat\/garraf\/?p=12638"},"modified":"2021-03-02T11:59:14","modified_gmt":"2021-03-02T10:59:14","slug":"convocatoria-oberta-efim-el-concurs-de-fotografia-i-patrimoni-per-a-joves","status":"publish","type":"post","link":"https:\/\/serveiseducatius.xtec.cat\/garraf\/general\/convocatoria-oberta-efim-el-concurs-de-fotografia-i-patrimoni-per-a-joves\/","title":{"rendered":"Convocat\u00f2ria oberta: EFIM, el concurs de fotografia i patrimoni per a joves"},"content":{"rendered":"<p><a href=\"http:\/\/serveiseducatius.xtec.cat\/garraf\/general\/convocatoria-oberta-efim-el-concurs-de-fotografia-i-patrimoni-per-a-joves\/attachment\/convo_efim21-1900x550\/\" rel=\"attachment wp-att-12640\"><img loading=\"lazy\" decoding=\"async\" class=\"alignleft wp-image-12640 size-large\" src=\"https:\/\/serveiseducatius.xtec.cat\/garraf\/wp-content\/uploads\/usu1185\/2021\/03\/convo_efim21-1900x550-1024x297.jpg\" alt=\"\" width=\"1024\" height=\"297\" srcset=\"https:\/\/serveiseducatius.xtec.cat\/garraf\/wp-content\/uploads\/usu1185\/2021\/03\/convo_efim21-1900x550-1024x297.jpg 1024w, https:\/\/serveiseducatius.xtec.cat\/garraf\/wp-content\/uploads\/usu1185\/2021\/03\/convo_efim21-1900x550-300x87.jpg 300w, https:\/\/serveiseducatius.xtec.cat\/garraf\/wp-content\/uploads\/usu1185\/2021\/03\/convo_efim21-1900x550-768x223.jpg 768w, https:\/\/serveiseducatius.xtec.cat\/garraf\/wp-content\/uploads\/usu1185\/2021\/03\/convo_efim21-1900x550.jpg 2000w\" sizes=\"auto, (max-width: 1024px) 100vw, 1024px\" \/><\/a><\/p>\n<p><strong>L\u2019EFIM \u00e9s un concurs de fotografia i patrimoni per a joves, que t\u00e9 per objectiu apropar-los al patrimoni cultural i monumental perqu\u00e8 el coneguin, el valorin i el gaudeixin.<\/strong><\/p>\n<div>\n<p style=\"text-align: justify;\">Amb la complicitat dels centres docents, l\u2019<strong>Experi\u00e8ncia Fotogr\u00e0fica Internacional dels Monuments<\/strong>\u00a0(EFIM) anima als i les alumnes de secund\u00e0ria,\u00a0batxillerat i cicles formatius\u00a0dels centres educatius de Catalunya a mirar el\u00a0<strong>patrimoni cultural monumental<\/strong>\u00a0i construir el seu propi relat a trav\u00e9s del\u00a0<strong>llenguatge fotogr\u00e0fic<\/strong>.<\/p>\n<p style=\"text-align: justify;\">Els\u00a0<strong>museus i monuments<\/strong>\u00a0segueixen oberts al p\u00fablic, complint amb totes les\u00a0<strong>mesures de seguretat sanit\u00e0ries<\/strong>. Tanmateix, amb l\u2019objectiu de\u00a0donar m\u00e9s opcions a la participaci\u00f3, hi ha\u00a0<strong>dues modalitats<\/strong>\u00a0diferents per a participar:\u00a0la\u00a0<strong>cl\u00e0ssica<\/strong>, que proposa fer\u00a0fotografies<em><strong>\u00a0in situ\u00a0<\/strong><\/em>al\u00a0patrimoni,\u00a0i la\u00a0<strong>nova<\/strong>, que proposa fer\u00a0<strong>fotomuntatges<\/strong>\u00a0amb fotografies del patrimoni cultural catal\u00e0 com a idea central.<\/p>\n<p style=\"text-align: justify;\">L\u2019alumnat que vulgui\u00a0participar s\u2019ha\u00a0d\u2019inscriure mitjan\u00e7ant el seu<strong>\u00a0centre educatiu<\/strong>. Les\u00a0<strong>fotografies,<\/strong>\u00a0que poden capturar-se amb el tel\u00e8fon m\u00f2bil o una c\u00e0mera de fotos, es compartiran a trav\u00e9s del perfil d\u2019<strong>Instagram<\/strong>\u00a0<a href=\"https:\/\/www.instagram.com\/efim.cat\/\" target=\"_blank\" rel=\"noopener noreferrer\">@efim.cat<\/a>.<\/p>\n<\/div>\n<div style=\"text-align: justify;\">Quin \u00e9s el premi? Entre altres, els autors i les autores de les 10 millors fotografies\u00a0guanyaran un\u00a0<strong>viatge cultural\u00a0<\/strong>que tindr\u00e0 lloc al mes de desembre, acompanyats de responsables de l\u2019Ag\u00e8ncia Catalana del Patrimoni Cultural, a una\u00a0<strong>ciutat europea\u00a0<\/strong>per descobrir el seu\u00a0<strong>patrimoni cultural<\/strong>.<\/div>\n<div><\/div>\n<div>Per a m\u00e9s informaci\u00f3 cliqueu <a href=\"http:\/\/patrimoni.gencat.cat\/ca\/article\/torna-lefim-el-concurs-de-fotografia-i-patrimoni-cultural-joves\">aqu\u00ed<\/a>.<\/div>\n","protected":false},"excerpt":{"rendered":"<p>L\u2019EFIM \u00e9s un concurs de fotografia i patrimoni per a joves, que t\u00e9 per objectiu apropar-los al patrimoni cultural i monumental perqu\u00e8 el coneguin, el valorin i el gaudeixin.<\/p>\n","protected":false},"author":10,"featured_media":12643,"comment_status":"closed","ping_status":"closed","sticky":true,"template":"","format":"standard","meta":{"_bbp_topic_count":0,"_bbp_reply_count":0,"_bbp_total_topic_count":0,"_bbp_total_reply_count":0,"_bbp_voice_count":0,"_bbp_anonymous_reply_count":0,"_bbp_topic_count_hidden":0,"_bbp_reply_count_hidden":0,"_bbp_forum_subforum_count":0,"site-sidebar-layout":"default","site-content-layout":"","ast-site-content-layout":"","site-content-style":"default","site-sidebar-style":"default","ast-global-header-display":"","ast-banner-title-visibility":"","ast-main-header-display":"","ast-hfb-above-header-display":"","ast-hfb-below-header-display":"","ast-hfb-mobile-header-display":"","site-post-title":"","ast-breadcrumbs-content":"","ast-featured-img":"","footer-sml-layout":"","theme-transparent-header-meta":"","adv-header-id-meta":"","stick-header-meta":"","header-above-stick-meta":"","header-main-stick-meta":"","header-below-stick-meta":"","astra-migrate-meta-layouts":"default","ast-page-background-enabled":"default","ast-page-background-meta":{"desktop":{"background-color":"var(--ast-global-color-4)","background-image":"","background-repeat":"repeat","background-position":"center center","background-size":"auto","background-attachment":"scroll","background-type":"","background-media":"","overlay-type":"","overlay-color":"","overlay-opacity":"","overlay-gradient":""},"tablet":{"background-color":"","background-image":"","background-repeat":"repeat","background-position":"center center","background-size":"auto","background-attachment":"scroll","background-type":"","background-media":"","overlay-type":"","overlay-color":"","overlay-opacity":"","overlay-gradient":""},"mobile":{"background-color":"","background-image":"","background-repeat":"repeat","background-position":"center center","background-size":"auto","background-attachment":"scroll","background-type":"","background-media":"","overlay-type":"","overlay-color":"","overlay-opacity":"","overlay-gradient":""}},"ast-content-background-meta":{"desktop":{"background-color":"var(--ast-global-color-5)","background-image":"","background-repeat":"repeat","background-position":"center center","background-size":"auto","background-attachment":"scroll","background-type":"","background-media":"","overlay-type":"","overlay-color":"","overlay-opacity":"","overlay-gradient":""},"tablet":{"background-color":"var(--ast-global-color-5)","background-image":"","background-repeat":"repeat","background-position":"center center","background-size":"auto","background-attachment":"scroll","background-type":"","background-media":"","overlay-type":"","overlay-color":"","overlay-opacity":"","overlay-gradient":""},"mobile":{"background-color":"var(--ast-global-color-5)","background-image":"","background-repeat":"repeat","background-position":"center center","background-size":"auto","background-attachment":"scroll","background-type":"","background-media":"","overlay-type":"","overlay-color":"","overlay-opacity":"","overlay-gradient":""}},"footnotes":""},"categories":[65,1,29],"tags":[],"class_list":["post-12638","post","type-post","status-publish","format-standard","has-post-thumbnail","hentry","category-crp","category-general","category-portada"],"post_mailing_queue_ids":[],"_links":{"self":[{"href":"https:\/\/serveiseducatius.xtec.cat\/garraf\/wp-json\/wp\/v2\/posts\/12638","targetHints":{"allow":["GET"]}}],"collection":[{"href":"https:\/\/serveiseducatius.xtec.cat\/garraf\/wp-json\/wp\/v2\/posts"}],"about":[{"href":"https:\/\/serveiseducatius.xtec.cat\/garraf\/wp-json\/wp\/v2\/types\/post"}],"author":[{"embeddable":true,"href":"https:\/\/serveiseducatius.xtec.cat\/garraf\/wp-json\/wp\/v2\/users\/10"}],"replies":[{"embeddable":true,"href":"https:\/\/serveiseducatius.xtec.cat\/garraf\/wp-json\/wp\/v2\/comments?post=12638"}],"version-history":[{"count":4,"href":"https:\/\/serveiseducatius.xtec.cat\/garraf\/wp-json\/wp\/v2\/posts\/12638\/revisions"}],"predecessor-version":[{"id":12669,"href":"https:\/\/serveiseducatius.xtec.cat\/garraf\/wp-json\/wp\/v2\/posts\/12638\/revisions\/12669"}],"wp:featuredmedia":[{"embeddable":true,"href":"https:\/\/serveiseducatius.xtec.cat\/garraf\/wp-json\/wp\/v2\/media\/12643"}],"wp:attachment":[{"href":"https:\/\/serveiseducatius.xtec.cat\/garraf\/wp-json\/wp\/v2\/media?parent=12638"}],"wp:term":[{"taxonomy":"category","embeddable":true,"href":"https:\/\/serveiseducatius.xtec.cat\/garraf\/wp-json\/wp\/v2\/categories?post=12638"},{"taxonomy":"post_tag","embeddable":true,"href":"https:\/\/serveiseducatius.xtec.cat\/garraf\/wp-json\/wp\/v2\/tags?post=12638"}],"curies":[{"name":"wp","href":"https:\/\/api.w.org\/{rel}","templated":true}]}}