{"id":12624,"date":"2021-02-26T09:20:55","date_gmt":"2021-02-26T08:20:55","guid":{"rendered":"http:\/\/serveiseducatius.xtec.cat\/garraf\/?p=12624"},"modified":"2021-02-26T09:45:46","modified_gmt":"2021-02-26T08:45:46","slug":"xvi-premi-recerca-per-a-la-pau-2021-per-a-treballs-de-recerca-de-batxillerat","status":"publish","type":"post","link":"https:\/\/serveiseducatius.xtec.cat\/garraf\/portada\/xvi-premi-recerca-per-a-la-pau-2021-per-a-treballs-de-recerca-de-batxillerat\/","title":{"rendered":"XVI premi Recerca per a la Pau 2021 per a treballs de recerca de Batxillerat"},"content":{"rendered":"<p style=\"font-weight: 400; text-align: justify;\"><a href=\"http:\/\/serveiseducatius.xtec.cat\/garraf\/portada\/xvi-premi-recerca-per-a-la-pau-2021-per-a-treballs-de-recerca-de-batxillerat\/attachment\/premi\/\" rel=\"attachment wp-att-12625\"><img loading=\"lazy\" decoding=\"async\" class=\" wp-image-12625 alignright\" src=\"https:\/\/serveiseducatius.xtec.cat\/garraf\/wp-content\/uploads\/usu1185\/2021\/02\/premi-212x300.jpg\" alt=\"\" width=\"281\" height=\"398\" \/><\/a>La\u00a0<a href=\"http:\/\/www.solidaritat.ub.edu\/\" data-saferedirecturl=\"https:\/\/www.google.com\/url?q=http:\/\/www.solidaritat.ub.edu&amp;source=gmail&amp;ust=1614408541483000&amp;usg=AFQjCNF37BGf4CHepw6dVJ2hh0oz3J0JTw\">Fundaci\u00f3 Solidaritat de la Universitat de Barcelona<\/a>, en col\u00b7laboraci\u00f3 amb l\u2019<a href=\"http:\/\/www.ub.edu\/idp\/web\/\" data-saferedirecturl=\"https:\/\/www.google.com\/url?q=http:\/\/www.ub.edu\/idp\/web\/&amp;source=gmail&amp;ust=1614408541483000&amp;usg=AFQjCNEHyeqeArw8y-ByeYFKwnowFp0bxw\">IDP-ICE (Institut de Desenvolupament Professional UB)<\/a>, convoca la setzena edici\u00f3 del\u00a0<a href=\"http:\/\/www.solidaritat.ub.edu\/premi_pau\/\" data-saferedirecturl=\"https:\/\/www.google.com\/url?q=http:\/\/www.solidaritat.ub.edu\/premi_pau\/&amp;source=gmail&amp;ust=1614408541483000&amp;usg=AFQjCNHkFW8mcGQTMSiNMpO8Cfg7TO4PCA\">Premi de Recerca per a la Pau<\/a>, a qu\u00e8 es poden presentar\u00a0<strong>treballs de recerca de batxillerat<\/strong>\u00a0que hagin fet estudiants matriculats als centres educatius catalans durant el curs 2020-2021 i\u00a0<strong>que tractin alguna q\u00fcesti\u00f3 relacionada amb la cultura de pau<\/strong>.<\/p>\n<p style=\"font-weight: 400; text-align: justify;\">Entre les diverses tem\u00e0tiques vinculades a aquest \u00e0mbit hi ha la solidaritat internacional, el desenvolupament hum\u00e0, la sostenibilitat, els moviments socials, els drets humans, els conflictes o la interculturalitat.<\/p>\n<p style=\"font-weight: 400;\">Els object<span style=\"font-family: inherit; font-size: 1em;\">ius del guard\u00f3 s\u00f3n <\/span><strong style=\"font-family: inherit; font-size: 1em;\">promoure l\u2019educaci\u00f3 per a la pau<\/strong><span style=\"font-family: inherit; font-size: 1em;\">\u00a0en totes les modalitats del batxillerat i enfortir la cultura de pau des de la recerca.<\/span><\/p>\n<p style=\"font-weight: 400;\">Des de la cinquena edici\u00f3 del certamen,\u00a0<strong>el Consell Comarcal del Garraf hi col\u00b7labora\u00a0<\/strong>atorgant un\u00a0<a href=\"http:\/\/www.ccgarraf.cat\/pl132\/cataleg-de-serveis\/id113\/premi-de-recerca-per-a-la-pau-per-treballs-de-batxillerat.htm\" data-saferedirecturl=\"https:\/\/www.google.com\/url?q=http:\/\/www.ccgarraf.cat\/pl132\/cataleg-de-serveis\/id113\/premi-de-recerca-per-a-la-pau-per-treballs-de-batxillerat.htm&amp;source=gmail&amp;ust=1614408541483000&amp;usg=AFQjCNEHaVLl7jc5ZIUtxDeRJnCKrg6PHQ\">premi especial<\/a>\u00a0a la millor recerca per a la pau provinent d\u2019algun centre educatiu de la comarca, segons es reculli al veredicte del jurat. El guard\u00f3 consisteix en\u00a0<strong>un lot de productes de comer\u00e7 just\u00a0<\/strong>per a l\u2019estudiant, que es lliurar\u00e0 el mes de juny.<\/p>\n<p style=\"font-weight: 400;\">El suport de l\u2019ens comarcal al Premi de Recerca per a la Pau s\u2019emmarca en el\u00a0<strong>Programa Garraf per la Pau<\/strong>, que el Consell Comarcal del Garraf desenvolupa des de l\u2019any 2005 amb la finalitat de promoure la cultura de pau al territori, amb especial \u00e8mfasi en els centres educatius.<\/p>\n<p style=\"font-weight: 400;\">El premi el resol un<strong>\u00a0jurat interdisciplinari\u00a0<\/strong>format \u00edntegrament per professorat de la Universitat de Barcelona que, per elegir el treball guardonat, t\u00e9 en <span style=\"font-family: inherit; font-size: 1em;\">compte els criteris seg\u00fcents:<\/span><\/p>\n<ul>\n<li style=\"font-weight: 400;\">La vinculaci\u00f3 i coher\u00e8ncia dels treballs amb la\u00a0<strong>cultura de pau<\/strong>.<\/li>\n<li style=\"font-weight: 400;\">El\u00a0<strong>raonament cr\u00edtic i<\/strong>\u00a0<strong>rigor metodol\u00f2gic<\/strong>\u00a0de la recerca.<\/li>\n<li style=\"font-weight: 400;\">La inclusi\u00f3 de la\u00a0<strong>interdepend\u00e8ncia local i global\u00a0<\/strong>en l\u2019an\u00e0lisi de la problem\u00e0tica.<\/li>\n<li style=\"font-weight: 400;\">L\u2019<strong>originalitat<\/strong>.<\/li>\n<li style=\"font-weight: 400;\">La\u00a0<strong>contribuci\u00f3<\/strong>\u00a0de la recerca a dotar de contingut la cultura de pau.<\/li>\n<\/ul>\n<p style=\"font-weight: 400; text-align: justify;\">Per optar al guard\u00f3, els treballs s\u2019han de presentar per correu electr\u00f2nic (la fitxa d\u2019inscripci\u00f3, tamb\u00e9 per correu postal) a la Fundaci\u00f3 Solidaritat UB <strong>fins al 16 d\u2019abril de 2021<\/strong>. M\u00e9s informaci\u00f3 a\u00a0<a href=\"http:\/\/www.solidaritat.ub.edu\/premi_pau\/bases\/\" data-saferedirecturl=\"https:\/\/www.google.com\/url?q=http:\/\/www.solidaritat.ub.edu\/premi_pau\/bases\/&amp;source=gmail&amp;ust=1614408541483000&amp;usg=AFQjCNFmyPMr0kkOBbbS6jNGZ3Qps1Etmg\">les bases<\/a>\u00a0de la convocat\u00f2ria.<\/p>\n","protected":false},"excerpt":{"rendered":"<p>La\u00a0Fundaci\u00f3 Solidaritat de la Universitat de Barcelona, en col\u00b7laboraci\u00f3 amb l\u2019IDP-ICE (Institut de Desenvolupament Professional UB), convoca la setzena edici\u00f3 del\u00a0Premi de Recerca per a la Pau, a qu\u00e8 es poden presentar\u00a0treballs de recerca de batxillerat\u00a0que hagin fet estudiants matriculats als centres educatius catalans durant el curs 2020-2021 i\u00a0que tractin alguna q\u00fcesti\u00f3 relacionada amb la [&hellip;]<\/p>\n","protected":false},"author":10,"featured_media":12631,"comment_status":"closed","ping_status":"closed","sticky":true,"template":"","format":"standard","meta":{"_bbp_topic_count":0,"_bbp_reply_count":0,"_bbp_total_topic_count":0,"_bbp_total_reply_count":0,"_bbp_voice_count":0,"_bbp_anonymous_reply_count":0,"_bbp_topic_count_hidden":0,"_bbp_reply_count_hidden":0,"_bbp_forum_subforum_count":0,"site-sidebar-layout":"default","site-content-layout":"","ast-site-content-layout":"","site-content-style":"default","site-sidebar-style":"default","ast-global-header-display":"","ast-banner-title-visibility":"","ast-main-header-display":"","ast-hfb-above-header-display":"","ast-hfb-below-header-display":"","ast-hfb-mobile-header-display":"","site-post-title":"","ast-breadcrumbs-content":"","ast-featured-img":"","footer-sml-layout":"","theme-transparent-header-meta":"","adv-header-id-meta":"","stick-header-meta":"","header-above-stick-meta":"","header-main-stick-meta":"","header-below-stick-meta":"","astra-migrate-meta-layouts":"default","ast-page-background-enabled":"default","ast-page-background-meta":{"desktop":{"background-color":"var(--ast-global-color-4)","background-image":"","background-repeat":"repeat","background-position":"center center","background-size":"auto","background-attachment":"scroll","background-type":"","background-media":"","overlay-type":"","overlay-color":"","overlay-opacity":"","overlay-gradient":""},"tablet":{"background-color":"","background-image":"","background-repeat":"repeat","background-position":"center center","background-size":"auto","background-attachment":"scroll","background-type":"","background-media":"","overlay-type":"","overlay-color":"","overlay-opacity":"","overlay-gradient":""},"mobile":{"background-color":"","background-image":"","background-repeat":"repeat","background-position":"center center","background-size":"auto","background-attachment":"scroll","background-type":"","background-media":"","overlay-type":"","overlay-color":"","overlay-opacity":"","overlay-gradient":""}},"ast-content-background-meta":{"desktop":{"background-color":"var(--ast-global-color-5)","background-image":"","background-repeat":"repeat","background-position":"center center","background-size":"auto","background-attachment":"scroll","background-type":"","background-media":"","overlay-type":"","overlay-color":"","overlay-opacity":"","overlay-gradient":""},"tablet":{"background-color":"var(--ast-global-color-5)","background-image":"","background-repeat":"repeat","background-position":"center center","background-size":"auto","background-attachment":"scroll","background-type":"","background-media":"","overlay-type":"","overlay-color":"","overlay-opacity":"","overlay-gradient":""},"mobile":{"background-color":"var(--ast-global-color-5)","background-image":"","background-repeat":"repeat","background-position":"center center","background-size":"auto","background-attachment":"scroll","background-type":"","background-media":"","overlay-type":"","overlay-color":"","overlay-opacity":"","overlay-gradient":""}},"footnotes":""},"categories":[65,29],"tags":[],"class_list":["post-12624","post","type-post","status-publish","format-standard","has-post-thumbnail","hentry","category-crp","category-portada"],"post_mailing_queue_ids":[],"_links":{"self":[{"href":"https:\/\/serveiseducatius.xtec.cat\/garraf\/wp-json\/wp\/v2\/posts\/12624","targetHints":{"allow":["GET"]}}],"collection":[{"href":"https:\/\/serveiseducatius.xtec.cat\/garraf\/wp-json\/wp\/v2\/posts"}],"about":[{"href":"https:\/\/serveiseducatius.xtec.cat\/garraf\/wp-json\/wp\/v2\/types\/post"}],"author":[{"embeddable":true,"href":"https:\/\/serveiseducatius.xtec.cat\/garraf\/wp-json\/wp\/v2\/users\/10"}],"replies":[{"embeddable":true,"href":"https:\/\/serveiseducatius.xtec.cat\/garraf\/wp-json\/wp\/v2\/comments?post=12624"}],"version-history":[{"count":2,"href":"https:\/\/serveiseducatius.xtec.cat\/garraf\/wp-json\/wp\/v2\/posts\/12624\/revisions"}],"predecessor-version":[{"id":12627,"href":"https:\/\/serveiseducatius.xtec.cat\/garraf\/wp-json\/wp\/v2\/posts\/12624\/revisions\/12627"}],"wp:featuredmedia":[{"embeddable":true,"href":"https:\/\/serveiseducatius.xtec.cat\/garraf\/wp-json\/wp\/v2\/media\/12631"}],"wp:attachment":[{"href":"https:\/\/serveiseducatius.xtec.cat\/garraf\/wp-json\/wp\/v2\/media?parent=12624"}],"wp:term":[{"taxonomy":"category","embeddable":true,"href":"https:\/\/serveiseducatius.xtec.cat\/garraf\/wp-json\/wp\/v2\/categories?post=12624"},{"taxonomy":"post_tag","embeddable":true,"href":"https:\/\/serveiseducatius.xtec.cat\/garraf\/wp-json\/wp\/v2\/tags?post=12624"}],"curies":[{"name":"wp","href":"https:\/\/api.w.org\/{rel}","templated":true}]}}