{"id":12534,"date":"2021-02-12T06:08:22","date_gmt":"2021-02-12T05:08:22","guid":{"rendered":"http:\/\/serveiseducatius.xtec.cat\/garraf\/?p=12534"},"modified":"2021-02-17T08:17:11","modified_gmt":"2021-02-17T07:17:11","slug":"8enes-jornades-del-centre-promotor-daprenentatge-servei","status":"publish","type":"post","link":"https:\/\/serveiseducatius.xtec.cat\/garraf\/portada\/8enes-jornades-del-centre-promotor-daprenentatge-servei\/","title":{"rendered":"8enes Jornades del Centre Promotor d&#8217;Aprenentatge Servei"},"content":{"rendered":"<p>&nbsp;<\/p>\n<h6 style=\"text-align: justify;\"><a href=\"http:\/\/serveiseducatius.xtec.cat\/garraf\/portada\/8enes-jornades-del-centre-promotor-daprenentatge-servei\/attachment\/aps2\/\" rel=\"attachment wp-att-12537\"><img loading=\"lazy\" decoding=\"async\" class=\"wp-image-12537 alignright\" src=\"https:\/\/serveiseducatius.xtec.cat\/garraf\/wp-content\/uploads\/usu1185\/2021\/02\/aps2-300x150.png\" alt=\"\" width=\"414\" height=\"207\" srcset=\"https:\/\/serveiseducatius.xtec.cat\/garraf\/wp-content\/uploads\/usu1185\/2021\/02\/aps2-300x150.png 300w, https:\/\/serveiseducatius.xtec.cat\/garraf\/wp-content\/uploads\/usu1185\/2021\/02\/aps2.png 680w\" sizes=\"auto, (max-width: 414px) 100vw, 414px\" \/><\/a><span style=\"color: #000080;\">El Centre Promotor d\u2019Aprenentatge Servei i l\u2019Institut de Desenvolupament Professional (ICE-UB) organitzen les\u00a0<strong>8enes Jornades d\u2019ApS<\/strong>\u00a0el 3 i 4 de mar\u00e7 i es faran en l\u00ednia.<\/span><\/h6>\n<h5><\/h5>\n<h5 style=\"text-align: justify;\"><span style=\"color: #000080;\">El lema que encap\u00e7ala les Jornades, \u00abApS, educar per a la transformaci\u00f3 social\u00bb, expressa un convenciment profund: l\u2019aprenentatge servei \u00e9s una eina que serveix perqu\u00e8 els nois i noies es formin com a persones i com a ciutadans tot enfrontar-se de veritat a reptes c\u00edvics rellevants, i ho facin col\u00b7laborant en la recerca del b\u00e9 com\u00fa.<\/span><\/h5>\n<h5><\/h5>\n<h5><span style=\"color: #000080;\">Consulteu el<\/span>\u00a0<a href=\"https:\/\/aprenentatgeservei.cat\/wp-content\/uploads\/Jornades-Aps-2021.pdf\" target=\"_blank\" rel=\"noopener noreferrer\">programa<\/a>\u00a0<span style=\"color: #000080;\">i la<\/span>\u00a0<a href=\"https:\/\/www.ub.edu\/gidp-matice\/faces\/formatice?curs=43073\" target=\"_blank\" rel=\"noopener noreferrer\">inscripci\u00f3.<\/a><\/h5>\n<p>&nbsp;<\/p>\n","protected":false},"excerpt":{"rendered":"<p>&nbsp; El Centre Promotor d\u2019Aprenentatge Servei i l\u2019Institut de Desenvolupament Professional (ICE-UB) organitzen les\u00a08enes Jornades d\u2019ApS\u00a0el 3 i 4 de mar\u00e7 i es faran en l\u00ednia. El lema que encap\u00e7ala les Jornades, \u00abApS, educar per a la transformaci\u00f3 social\u00bb, expressa un convenciment profund: l\u2019aprenentatge servei \u00e9s una eina que serveix perqu\u00e8 els nois i noies [&hellip;]<\/p>\n","protected":false},"author":10,"featured_media":12535,"comment_status":"closed","ping_status":"closed","sticky":true,"template":"","format":"standard","meta":{"_bbp_topic_count":0,"_bbp_reply_count":0,"_bbp_total_topic_count":0,"_bbp_total_reply_count":0,"_bbp_voice_count":0,"_bbp_anonymous_reply_count":0,"_bbp_topic_count_hidden":0,"_bbp_reply_count_hidden":0,"_bbp_forum_subforum_count":0,"site-sidebar-layout":"default","site-content-layout":"","ast-site-content-layout":"","site-content-style":"default","site-sidebar-style":"default","ast-global-header-display":"","ast-banner-title-visibility":"","ast-main-header-display":"","ast-hfb-above-header-display":"","ast-hfb-below-header-display":"","ast-hfb-mobile-header-display":"","site-post-title":"","ast-breadcrumbs-content":"","ast-featured-img":"","footer-sml-layout":"","theme-transparent-header-meta":"","adv-header-id-meta":"","stick-header-meta":"","header-above-stick-meta":"","header-main-stick-meta":"","header-below-stick-meta":"","astra-migrate-meta-layouts":"default","ast-page-background-enabled":"default","ast-page-background-meta":{"desktop":{"background-color":"var(--ast-global-color-4)","background-image":"","background-repeat":"repeat","background-position":"center center","background-size":"auto","background-attachment":"scroll","background-type":"","background-media":"","overlay-type":"","overlay-color":"","overlay-opacity":"","overlay-gradient":""},"tablet":{"background-color":"","background-image":"","background-repeat":"repeat","background-position":"center center","background-size":"auto","background-attachment":"scroll","background-type":"","background-media":"","overlay-type":"","overlay-color":"","overlay-opacity":"","overlay-gradient":""},"mobile":{"background-color":"","background-image":"","background-repeat":"repeat","background-position":"center center","background-size":"auto","background-attachment":"scroll","background-type":"","background-media":"","overlay-type":"","overlay-color":"","overlay-opacity":"","overlay-gradient":""}},"ast-content-background-meta":{"desktop":{"background-color":"var(--ast-global-color-5)","background-image":"","background-repeat":"repeat","background-position":"center center","background-size":"auto","background-attachment":"scroll","background-type":"","background-media":"","overlay-type":"","overlay-color":"","overlay-opacity":"","overlay-gradient":""},"tablet":{"background-color":"var(--ast-global-color-5)","background-image":"","background-repeat":"repeat","background-position":"center center","background-size":"auto","background-attachment":"scroll","background-type":"","background-media":"","overlay-type":"","overlay-color":"","overlay-opacity":"","overlay-gradient":""},"mobile":{"background-color":"var(--ast-global-color-5)","background-image":"","background-repeat":"repeat","background-position":"center center","background-size":"auto","background-attachment":"scroll","background-type":"","background-media":"","overlay-type":"","overlay-color":"","overlay-opacity":"","overlay-gradient":""}},"footnotes":""},"categories":[65,29],"tags":[],"class_list":["post-12534","post","type-post","status-publish","format-standard","has-post-thumbnail","hentry","category-crp","category-portada"],"post_mailing_queue_ids":[],"_links":{"self":[{"href":"https:\/\/serveiseducatius.xtec.cat\/garraf\/wp-json\/wp\/v2\/posts\/12534","targetHints":{"allow":["GET"]}}],"collection":[{"href":"https:\/\/serveiseducatius.xtec.cat\/garraf\/wp-json\/wp\/v2\/posts"}],"about":[{"href":"https:\/\/serveiseducatius.xtec.cat\/garraf\/wp-json\/wp\/v2\/types\/post"}],"author":[{"embeddable":true,"href":"https:\/\/serveiseducatius.xtec.cat\/garraf\/wp-json\/wp\/v2\/users\/10"}],"replies":[{"embeddable":true,"href":"https:\/\/serveiseducatius.xtec.cat\/garraf\/wp-json\/wp\/v2\/comments?post=12534"}],"version-history":[{"count":3,"href":"https:\/\/serveiseducatius.xtec.cat\/garraf\/wp-json\/wp\/v2\/posts\/12534\/revisions"}],"predecessor-version":[{"id":12546,"href":"https:\/\/serveiseducatius.xtec.cat\/garraf\/wp-json\/wp\/v2\/posts\/12534\/revisions\/12546"}],"wp:featuredmedia":[{"embeddable":true,"href":"https:\/\/serveiseducatius.xtec.cat\/garraf\/wp-json\/wp\/v2\/media\/12535"}],"wp:attachment":[{"href":"https:\/\/serveiseducatius.xtec.cat\/garraf\/wp-json\/wp\/v2\/media?parent=12534"}],"wp:term":[{"taxonomy":"category","embeddable":true,"href":"https:\/\/serveiseducatius.xtec.cat\/garraf\/wp-json\/wp\/v2\/categories?post=12534"},{"taxonomy":"post_tag","embeddable":true,"href":"https:\/\/serveiseducatius.xtec.cat\/garraf\/wp-json\/wp\/v2\/tags?post=12534"}],"curies":[{"name":"wp","href":"https:\/\/api.w.org\/{rel}","templated":true}]}}