{"id":12250,"date":"2020-11-19T12:57:51","date_gmt":"2020-11-19T11:57:51","guid":{"rendered":"http:\/\/serveiseducatius.xtec.cat\/garraf\/?p=12250"},"modified":"2020-11-19T13:03:38","modified_gmt":"2020-11-19T12:03:38","slug":"jornada-25n-perque-una-pandemia-no-invisibilitza-laltra","status":"publish","type":"post","link":"https:\/\/serveiseducatius.xtec.cat\/garraf\/general\/jornada-25n-perque-una-pandemia-no-invisibilitza-laltra\/","title":{"rendered":"Jornada &#8220;25N perqu\u00e8 una pand\u00e8mia no invisibilitza l&#8217;altra&#8221;"},"content":{"rendered":"<h4><a href=\"http:\/\/abd-ong.mailrelay-iv.es\/newslink\/511611\/1168.html\" target=\"_blank\" rel=\"noopener noreferrer\" data-saferedirecturl=\"https:\/\/www.google.com\/url?q=http:\/\/abd-ong.mailrelay-iv.es\/newslink\/511611\/1168.html&amp;source=gmail&amp;ust=1605872956980000&amp;usg=AOvVaw1D5ZmLFEKnxWdicT7GEKsa\">El SIE del Garraf &#8211; Pened\u00e8s organitza la jornada &#8220;25N perqu\u00e8 una pand\u00e8mia no invisibilitza l&#8217;altra&#8221;<\/a><\/h4>\n<h4>La jornada s&#8217;organitza amb motiu del dia internacional per a l&#8217;eliminaci\u00f3 de la viol\u00e8ncia contra les dones<\/h4>\n<hr \/>\n<p>Amb motiu del dia internacional per a l\u2019eliminaci\u00f3 de la viol\u00e8ncia contra les dones, el pr\u00f2xim 25 de novembre, el Servei d\u2019Intervenci\u00f3 Especialitzada Garraf-Pened\u00e8s organitza\u00a0la jornada<strong><em>\u00a025-N perqu\u00e8 una pand\u00e8mia no invisibilitza l\u2019altra<\/em><\/strong>.<\/p>\n<p>Des de les 10 del mat\u00ed fins les 16 hores s\u2019han programat tres blocs d\u2019intervencions:<\/p>\n<p>De 10 a 11\u201915h :\u00a0<em>Com podem identificar i gestionar les viol\u00e8ncies masclistes des dels recursos?<\/em>\u00a0amb Carolina Sanchez (Treballadora social)\u00a0i Laura Muntan\u00e9 (Advocada)<\/p>\n<p>De 12 a 13h:<em>\u00a0Procediment d\u2019Intervenci\u00f3 des el SIE Garraf \u2013 Pened\u00e8s<\/em>\u00a0amb\u00a0Susana Conesa (Direcci\u00f3) i Gemma Mart\u00edn (Educadora social)<\/p>\n<p>De 15- 16h:\u00a0<em>Atenci\u00f3 psicol\u00f2gica en dones v\u00edctimes de viol\u00e8ncia masclista i els seus fills i filles<\/em>\u00a0amb Isabel Tenorio (Psic\u00f2loga inf.) i Evelyn Pauli (Psic\u00f2loga dones)<\/p>\n<p>La jornada es realitzar\u00e0 a trav\u00e9s de la plataforma Zoom, per la qual cosa \u00e9s necessari\u00a0<strong>inscriure\u2019s<\/strong>\u00a0en el seg\u00fcent formulari:\u00a0<a href=\"http:\/\/abd-ong.mailrelay-iv.es\/newslink\/511611\/1168.html\" target=\"_blank\" rel=\"noopener noreferrer\" data-saferedirecturl=\"https:\/\/www.google.com\/url?q=http:\/\/abd-ong.mailrelay-iv.es\/newslink\/511611\/1168.html&amp;source=gmail&amp;ust=1605872956980000&amp;usg=AOvVaw1D5ZmLFEKnxWdicT7GEKsa\">bit.ly\/25NSIEGarraf<\/a><\/p>\n","protected":false},"excerpt":{"rendered":"<p>El SIE del Garraf &#8211; Pened\u00e8s organitza la jornada &#8220;25N perqu\u00e8 una pand\u00e8mia no invisibilitza l&#8217;altra&#8221; La jornada s&#8217;organitza amb motiu del dia internacional per a l&#8217;eliminaci\u00f3 de la viol\u00e8ncia contra les dones Amb motiu del dia internacional per a l\u2019eliminaci\u00f3 de la viol\u00e8ncia contra les dones, el pr\u00f2xim 25 de novembre, el Servei d\u2019Intervenci\u00f3 [&hellip;]<\/p>\n","protected":false},"author":10,"featured_media":12254,"comment_status":"closed","ping_status":"closed","sticky":true,"template":"","format":"standard","meta":{"_bbp_topic_count":0,"_bbp_reply_count":0,"_bbp_total_topic_count":0,"_bbp_total_reply_count":0,"_bbp_voice_count":0,"_bbp_anonymous_reply_count":0,"_bbp_topic_count_hidden":0,"_bbp_reply_count_hidden":0,"_bbp_forum_subforum_count":0,"site-sidebar-layout":"default","site-content-layout":"","ast-site-content-layout":"","site-content-style":"default","site-sidebar-style":"default","ast-global-header-display":"","ast-banner-title-visibility":"","ast-main-header-display":"","ast-hfb-above-header-display":"","ast-hfb-below-header-display":"","ast-hfb-mobile-header-display":"","site-post-title":"","ast-breadcrumbs-content":"","ast-featured-img":"","footer-sml-layout":"","theme-transparent-header-meta":"","adv-header-id-meta":"","stick-header-meta":"","header-above-stick-meta":"","header-main-stick-meta":"","header-below-stick-meta":"","astra-migrate-meta-layouts":"default","ast-page-background-enabled":"default","ast-page-background-meta":{"desktop":{"background-color":"var(--ast-global-color-4)","background-image":"","background-repeat":"repeat","background-position":"center center","background-size":"auto","background-attachment":"scroll","background-type":"","background-media":"","overlay-type":"","overlay-color":"","overlay-opacity":"","overlay-gradient":""},"tablet":{"background-color":"","background-image":"","background-repeat":"repeat","background-position":"center center","background-size":"auto","background-attachment":"scroll","background-type":"","background-media":"","overlay-type":"","overlay-color":"","overlay-opacity":"","overlay-gradient":""},"mobile":{"background-color":"","background-image":"","background-repeat":"repeat","background-position":"center center","background-size":"auto","background-attachment":"scroll","background-type":"","background-media":"","overlay-type":"","overlay-color":"","overlay-opacity":"","overlay-gradient":""}},"ast-content-background-meta":{"desktop":{"background-color":"var(--ast-global-color-5)","background-image":"","background-repeat":"repeat","background-position":"center center","background-size":"auto","background-attachment":"scroll","background-type":"","background-media":"","overlay-type":"","overlay-color":"","overlay-opacity":"","overlay-gradient":""},"tablet":{"background-color":"var(--ast-global-color-5)","background-image":"","background-repeat":"repeat","background-position":"center center","background-size":"auto","background-attachment":"scroll","background-type":"","background-media":"","overlay-type":"","overlay-color":"","overlay-opacity":"","overlay-gradient":""},"mobile":{"background-color":"var(--ast-global-color-5)","background-image":"","background-repeat":"repeat","background-position":"center center","background-size":"auto","background-attachment":"scroll","background-type":"","background-media":"","overlay-type":"","overlay-color":"","overlay-opacity":"","overlay-gradient":""}},"footnotes":""},"categories":[1,29],"tags":[],"class_list":["post-12250","post","type-post","status-publish","format-standard","has-post-thumbnail","hentry","category-general","category-portada"],"post_mailing_queue_ids":[],"_links":{"self":[{"href":"https:\/\/serveiseducatius.xtec.cat\/garraf\/wp-json\/wp\/v2\/posts\/12250","targetHints":{"allow":["GET"]}}],"collection":[{"href":"https:\/\/serveiseducatius.xtec.cat\/garraf\/wp-json\/wp\/v2\/posts"}],"about":[{"href":"https:\/\/serveiseducatius.xtec.cat\/garraf\/wp-json\/wp\/v2\/types\/post"}],"author":[{"embeddable":true,"href":"https:\/\/serveiseducatius.xtec.cat\/garraf\/wp-json\/wp\/v2\/users\/10"}],"replies":[{"embeddable":true,"href":"https:\/\/serveiseducatius.xtec.cat\/garraf\/wp-json\/wp\/v2\/comments?post=12250"}],"version-history":[{"count":1,"href":"https:\/\/serveiseducatius.xtec.cat\/garraf\/wp-json\/wp\/v2\/posts\/12250\/revisions"}],"predecessor-version":[{"id":12252,"href":"https:\/\/serveiseducatius.xtec.cat\/garraf\/wp-json\/wp\/v2\/posts\/12250\/revisions\/12252"}],"wp:featuredmedia":[{"embeddable":true,"href":"https:\/\/serveiseducatius.xtec.cat\/garraf\/wp-json\/wp\/v2\/media\/12254"}],"wp:attachment":[{"href":"https:\/\/serveiseducatius.xtec.cat\/garraf\/wp-json\/wp\/v2\/media?parent=12250"}],"wp:term":[{"taxonomy":"category","embeddable":true,"href":"https:\/\/serveiseducatius.xtec.cat\/garraf\/wp-json\/wp\/v2\/categories?post=12250"},{"taxonomy":"post_tag","embeddable":true,"href":"https:\/\/serveiseducatius.xtec.cat\/garraf\/wp-json\/wp\/v2\/tags?post=12250"}],"curies":[{"name":"wp","href":"https:\/\/api.w.org\/{rel}","templated":true}]}}