{"id":12226,"date":"2020-11-16T16:12:51","date_gmt":"2020-11-16T15:12:51","guid":{"rendered":"http:\/\/serveiseducatius.xtec.cat\/garraf\/?p=12226"},"modified":"2020-11-17T08:03:03","modified_gmt":"2020-11-17T07:03:03","slug":"20-de-novembre-dia-internacional-dels-drets-dels-infant","status":"publish","type":"post","link":"https:\/\/serveiseducatius.xtec.cat\/garraf\/portada\/20-de-novembre-dia-internacional-dels-drets-dels-infant\/","title":{"rendered":"20 de novembre. Dia Internacional dels Drets dels Infant"},"content":{"rendered":"<p style=\"text-align: justify;\"><a href=\"http:\/\/serveiseducatius.xtec.cat\/garraf\/portada\/20-de-novembre-dia-internacional-dels-drets-dels-infant\/attachment\/dia-nen\/\" rel=\"attachment wp-att-12235\"><img loading=\"lazy\" decoding=\"async\" class=\" wp-image-12235 alignright\" src=\"https:\/\/serveiseducatius.xtec.cat\/garraf\/wp-content\/uploads\/usu1185\/2020\/11\/Dia-nen-300x136.png\" alt=\"\" width=\"417\" height=\"189\" srcset=\"https:\/\/serveiseducatius.xtec.cat\/garraf\/wp-content\/uploads\/usu1185\/2020\/11\/Dia-nen-300x136.png 300w, https:\/\/serveiseducatius.xtec.cat\/garraf\/wp-content\/uploads\/usu1185\/2020\/11\/Dia-nen.png 660w\" sizes=\"auto, (max-width: 417px) 100vw, 417px\" \/><\/a>El\u00a0<strong>20 de novembre<\/strong>\u00a0\u00e9s del\u00a0<strong>dia universal de la inf\u00e0ncia<\/strong>.\u00a0Aquest dia est\u00e0 destinat a fomentar el benestar i els drets dels nens del m\u00f3n. L\u2019any 1954, l\u2019Assemblea General de les Nacions Unides va recomanar que es constitu\u00eds a tots els pa\u00efsos un Dia Universal del Nen i tamb\u00e9 va suggerir als governs estatals que celebressin aquest dia, en la data que cadascun d\u2019aquests decid\u00eds m\u00e9s convenient. L\u2019ONU celebra aquest dia el 20 de novembre, en commemoraci\u00f3 a l\u2019<strong>aprovaci\u00f3 de la Declaraci\u00f3 dels Drets del Nen l\u2019any 1959<\/strong>\u00a0i de la\u00a0<strong>Convenci\u00f3 sobre els Drets de l\u2019Infant el 1989<\/strong>.<\/p>\n<p style=\"font-weight: 400;\">Podeu trobar dins la <a href=\"https:\/\/www.unicef.es\/cat\/educa\/biblioteca\/educacio-salut-activitats-recursos\" data-saferedirecturl=\"https:\/\/www.google.com\/url?q=https:\/\/www.unicef.es\/cat\/educa\/biblioteca\/educacio-salut-activitats-recursos&amp;source=gmail&amp;ust=1605681324147000&amp;usg=AFQjCNHRSkccuRM6gzpIIJOVq07oo7FKpw\">guia d\u2019activitats i recursos per al curs 2020-2021<\/a> una activitat per celebrar aquest dia a l\u2019escola, tant dins l\u2019aula com on line. Proposem que nens, nenes, nois i noies elaborin una pe\u00e7a comunicativa que reflecteixi les preocupacions i idees del grup sobre un tema relacionat amb els drets de la inf\u00e0ncia i l\u2019adolesc\u00e8ncia (sobre el dret a salut, la pand\u00e8mia de la COVID-19, la import\u00e0ncia de la higiene i el rentat de mans, com es protegeixen del coronavirus&#8230; o qualsevol altre dels seus drets). <a href=\"https:\/\/www.unicef.es\/cat\/educa\/desmutea\" data-saferedirecturl=\"https:\/\/www.google.com\/url?q=https:\/\/www.unicef.es\/cat\/educa\/desmutea&amp;source=gmail&amp;ust=1605681324147000&amp;usg=AFQjCNFTqId7Twh3FurMJ8oUTg7r7w7YRA\">Aqu\u00ed<\/a>\u00a0trobareu el\u00a0<strong><u>detall de la proposta<\/u><\/strong>. I si aquestes preocupacions estan relacionades amb el canvi clim\u00e0tic, la unitat \u201cEscolta\u201d del projecte \u201cLa lli\u00e7\u00f3 m\u00e9s gran del m\u00f3n\u201d pot ajudar.<\/p>\n<p style=\"font-weight: 400;\">Qu\u00e8 proposa l\u2019activitat?:<\/p>\n<ul>\n<li style=\"font-weight: 400;\">Reflexionar sobre la comunicaci\u00f3, els objectius i el p\u00fablic destinatari, triar un format (us proposem diferents exemples) i elaborar una\u00a0<strong>pe\u00e7a audiovisual<\/strong>\u00a0amb un missatge sobre els temes que m\u00e9s interessin al grup.<\/li>\n<li style=\"font-weight: 400;\">Difondre el missatge<u>\u00a0<strong>entre<\/strong>\u00a0<strong>els dies pr\u00f2xims al Dia Mundial de la Inf\u00e0ncia i el Dia Internacional de la R\u00e0dio i la Televisi\u00f3 per la Inf\u00e0ncia<\/strong><\/u>\u00a0(enguany,\u00a0<strong><u>12 de desembre<\/u><\/strong>).<\/li>\n<li style=\"font-weight: 400;\">Les escoles disposaran d\u2019un taul\u00f3 de Flipgrid per<strong>\u00a0pujar les peces audiovisuals<\/strong>. Cal obtenir el codi d\u2019acc\u00e9s!<\/li>\n<\/ul>\n<p style=\"font-weight: 400;\">Per a qualsevol informaci\u00f3 addicional que us calgui a <a href=\"mailto:catalunya@unicef.es\">catalunya@unicef.es<\/a>\u00a0. Des d\u2019UNICEF volem que siguin molt\u00edssims i molt\u00edssimes els que \u201cobrin el mute\u201d i ens expliquin tot all\u00f2 que els interessa!<\/p>\n<p>Us adjuntem enlla\u00e7os d\u2019inter\u00e8s per treballar la tem\u00e0tica d&#8217;aquesta diada a l\u2019aula.<\/p>\n<ul>\n<li><a href=\"https:\/\/blocs.xtec.cat\/parlemdedrets\/\">Parlem de drets.<\/a>\u00a0Grup IREF<\/li>\n<li><a href=\"http:\/\/xtec.gencat.cat\/ca\/recursos\/culturavalors\/dimensio-personal\/drets-humans\/\">Drets humans.\u00a0<\/a><a href=\"http:\/\/xtec.gencat.cat\/ca\/recursos\/culturavalors\/dimensio-personal\/drets-humans\/\">Selecci\u00f3 de recursos\u00a0<\/a>Xtec<\/li>\n<li><a href=\"http:\/\/www.coneixelsteusdrets.cat\/home_drets_3.html\">Coneix els teus drets<\/a><a href=\"http:\/\/www.coneixelsteusdrets.cat\/home_drets_3.html\">.\u00a0<\/a>Ajuntament de Barcelona<\/li>\n<li><a href=\"http:\/\/www.xarxadretsinfants.cat\/p\/els-drets-dels-infants.html\">Xarxa dels drets dels infants.\u00a0<\/a>Xarxa de Drets dels Infants<\/li>\n<li><a href=\"https:\/\/www.unicef.es\/cat\/educa\/bontracte?ac=AC-3188&amp;utm_source=educacion_cat&amp;utm_medium=email&amp;utm_content=boton_info_1&amp;utm_campaign=EDUCACION_OCTUBRE18\">Vacuna del bon tracte<\/a>. UNICEF (Proposta de treball a l\u2019aula)<\/li>\n<li><a href=\"http:\/\/www.grupiref.org\/pensar-els-drets\/cinema-i-drets-dels-infants\/\" target=\"_blank\" rel=\"nofollow noopener noreferrer\">Cinema i drets dels infants. GrupIREF<\/a><\/li>\n<\/ul>\n","protected":false},"excerpt":{"rendered":"<p>El\u00a020 de novembre\u00a0\u00e9s del\u00a0dia universal de la inf\u00e0ncia.\u00a0Aquest dia est\u00e0 destinat a fomentar el benestar i els drets dels nens del m\u00f3n. L\u2019any 1954, l\u2019Assemblea General de les Nacions Unides va recomanar que es constitu\u00eds a tots els pa\u00efsos un Dia Universal del Nen i tamb\u00e9 va suggerir als governs estatals que celebressin aquest dia, [&hellip;]<\/p>\n","protected":false},"author":10,"featured_media":12227,"comment_status":"closed","ping_status":"closed","sticky":true,"template":"","format":"standard","meta":{"_bbp_topic_count":0,"_bbp_reply_count":0,"_bbp_total_topic_count":0,"_bbp_total_reply_count":0,"_bbp_voice_count":0,"_bbp_anonymous_reply_count":0,"_bbp_topic_count_hidden":0,"_bbp_reply_count_hidden":0,"_bbp_forum_subforum_count":0,"site-sidebar-layout":"default","site-content-layout":"","ast-site-content-layout":"","site-content-style":"default","site-sidebar-style":"default","ast-global-header-display":"","ast-banner-title-visibility":"","ast-main-header-display":"","ast-hfb-above-header-display":"","ast-hfb-below-header-display":"","ast-hfb-mobile-header-display":"","site-post-title":"","ast-breadcrumbs-content":"","ast-featured-img":"","footer-sml-layout":"","theme-transparent-header-meta":"","adv-header-id-meta":"","stick-header-meta":"","header-above-stick-meta":"","header-main-stick-meta":"","header-below-stick-meta":"","astra-migrate-meta-layouts":"default","ast-page-background-enabled":"default","ast-page-background-meta":{"desktop":{"background-color":"var(--ast-global-color-4)","background-image":"","background-repeat":"repeat","background-position":"center center","background-size":"auto","background-attachment":"scroll","background-type":"","background-media":"","overlay-type":"","overlay-color":"","overlay-opacity":"","overlay-gradient":""},"tablet":{"background-color":"","background-image":"","background-repeat":"repeat","background-position":"center center","background-size":"auto","background-attachment":"scroll","background-type":"","background-media":"","overlay-type":"","overlay-color":"","overlay-opacity":"","overlay-gradient":""},"mobile":{"background-color":"","background-image":"","background-repeat":"repeat","background-position":"center center","background-size":"auto","background-attachment":"scroll","background-type":"","background-media":"","overlay-type":"","overlay-color":"","overlay-opacity":"","overlay-gradient":""}},"ast-content-background-meta":{"desktop":{"background-color":"var(--ast-global-color-5)","background-image":"","background-repeat":"repeat","background-position":"center center","background-size":"auto","background-attachment":"scroll","background-type":"","background-media":"","overlay-type":"","overlay-color":"","overlay-opacity":"","overlay-gradient":""},"tablet":{"background-color":"var(--ast-global-color-5)","background-image":"","background-repeat":"repeat","background-position":"center center","background-size":"auto","background-attachment":"scroll","background-type":"","background-media":"","overlay-type":"","overlay-color":"","overlay-opacity":"","overlay-gradient":""},"mobile":{"background-color":"var(--ast-global-color-5)","background-image":"","background-repeat":"repeat","background-position":"center center","background-size":"auto","background-attachment":"scroll","background-type":"","background-media":"","overlay-type":"","overlay-color":"","overlay-opacity":"","overlay-gradient":""}},"footnotes":""},"categories":[65,29],"tags":[],"class_list":["post-12226","post","type-post","status-publish","format-standard","has-post-thumbnail","hentry","category-crp","category-portada"],"post_mailing_queue_ids":[],"_links":{"self":[{"href":"https:\/\/serveiseducatius.xtec.cat\/garraf\/wp-json\/wp\/v2\/posts\/12226","targetHints":{"allow":["GET"]}}],"collection":[{"href":"https:\/\/serveiseducatius.xtec.cat\/garraf\/wp-json\/wp\/v2\/posts"}],"about":[{"href":"https:\/\/serveiseducatius.xtec.cat\/garraf\/wp-json\/wp\/v2\/types\/post"}],"author":[{"embeddable":true,"href":"https:\/\/serveiseducatius.xtec.cat\/garraf\/wp-json\/wp\/v2\/users\/10"}],"replies":[{"embeddable":true,"href":"https:\/\/serveiseducatius.xtec.cat\/garraf\/wp-json\/wp\/v2\/comments?post=12226"}],"version-history":[{"count":3,"href":"https:\/\/serveiseducatius.xtec.cat\/garraf\/wp-json\/wp\/v2\/posts\/12226\/revisions"}],"predecessor-version":[{"id":12236,"href":"https:\/\/serveiseducatius.xtec.cat\/garraf\/wp-json\/wp\/v2\/posts\/12226\/revisions\/12236"}],"wp:featuredmedia":[{"embeddable":true,"href":"https:\/\/serveiseducatius.xtec.cat\/garraf\/wp-json\/wp\/v2\/media\/12227"}],"wp:attachment":[{"href":"https:\/\/serveiseducatius.xtec.cat\/garraf\/wp-json\/wp\/v2\/media?parent=12226"}],"wp:term":[{"taxonomy":"category","embeddable":true,"href":"https:\/\/serveiseducatius.xtec.cat\/garraf\/wp-json\/wp\/v2\/categories?post=12226"},{"taxonomy":"post_tag","embeddable":true,"href":"https:\/\/serveiseducatius.xtec.cat\/garraf\/wp-json\/wp\/v2\/tags?post=12226"}],"curies":[{"name":"wp","href":"https:\/\/api.w.org\/{rel}","templated":true}]}}