{"id":12220,"date":"2020-11-16T15:58:24","date_gmt":"2020-11-16T14:58:24","guid":{"rendered":"http:\/\/serveiseducatius.xtec.cat\/garraf\/?p=12220"},"modified":"2020-11-16T15:58:31","modified_gmt":"2020-11-16T14:58:31","slug":"premis-atrapallibres-i-protagonista-jove-2020-2021","status":"publish","type":"post","link":"https:\/\/serveiseducatius.xtec.cat\/garraf\/portada\/premis-atrapallibres-i-protagonista-jove-2020-2021\/","title":{"rendered":"Premis Atrapallibres i Protagonista Jove 2020-2021"},"content":{"rendered":"<p style=\"text-align: justify;\"><a href=\"http:\/\/serveiseducatius.xtec.cat\/garraf\/portada\/premis-atrapallibres-i-protagonista-jove-2020-2021\/attachment\/atrapallibrespj_infografia_5motius_page-0001\/\" rel=\"attachment wp-att-12222\"><img loading=\"lazy\" decoding=\"async\" class=\" wp-image-12222 alignright\" src=\"https:\/\/serveiseducatius.xtec.cat\/garraf\/wp-content\/uploads\/usu1185\/2020\/11\/AtrapallibresPJ_Infografia_5motius_page-0001-120x300.jpg\" alt=\"\" width=\"196\" height=\"490\" srcset=\"https:\/\/serveiseducatius.xtec.cat\/garraf\/wp-content\/uploads\/usu1185\/2020\/11\/AtrapallibresPJ_Infografia_5motius_page-0001-120x300.jpg 120w, https:\/\/serveiseducatius.xtec.cat\/garraf\/wp-content\/uploads\/usu1185\/2020\/11\/AtrapallibresPJ_Infografia_5motius_page-0001-768x1920.jpg 768w, https:\/\/serveiseducatius.xtec.cat\/garraf\/wp-content\/uploads\/usu1185\/2020\/11\/AtrapallibresPJ_Infografia_5motius_page-0001-410x1024.jpg 410w, https:\/\/serveiseducatius.xtec.cat\/garraf\/wp-content\/uploads\/usu1185\/2020\/11\/AtrapallibresPJ_Infografia_5motius_page-0001.jpg 1250w\" sizes=\"auto, (max-width: 196px) 100vw, 196px\" \/><\/a>El Consell Catal\u00e0 del Llibre Infantil i Juvenil (ClijCAT) convoca el\u00a0<a href=\"https:\/\/www.clijcat.cat\/Atrapallibres-Inscripcio-i-Bases\" target=\"_blank\" rel=\"noopener noreferrer\"><strong>16\u00e8 Premi de Literatura Infantil \u00abAtrapallibres\u00bb<\/strong><\/a>, amb el prop\u00f2sit d\u2019<strong>estimular en els infants la lectura d\u2019imaginaci\u00f3<\/strong>. Consulteu el\u00a0<a href=\"https:\/\/www.clijcat.cat\/consell\/descarregues\/noticies\/dossier-premis-atrapaprota-2020-2021.pdf\" target=\"_blank\" rel=\"noopener noreferrer\"><strong>Dossier de presentaci\u00f3.<\/strong><\/a><\/p>\n<p style=\"text-align: justify;\">A tal efecte, una comissi\u00f3 d\u2019experts en literatura per a infants ha seleccionat els llibres en catal\u00e0 que presentem,en tres categories, en aquestes Bases per a tots els centres de prim\u00e0ria, biblioteques, llibreries i de Balears, Catalunya i Pa\u00eds Valenci\u00e0.\u00a0La selecci\u00f3 de llibres s\u2019ha fet d\u2019entre els publicats durant 2019.<\/p>\n<p style=\"text-align: justify;\"><strong>L\u2019objectiu<\/strong>\u00a0del\u00a0<strong>Premi de Literatura \u00abAtrapallibres\u00bb<\/strong>\u00a0\u00e9s aconseguir que el major nombre possible d\u2019infants llegeixin els llibres seleccionats; es constitueixin com a\u00a0<strong>Jurat<\/strong>\u00a0dins de cada centre, llibreria o biblioteca; els presentin i defensin davant dels seus companys i, entre tots, anomenin el que consideren\u00a0<strong>millor.\u00a0<\/strong>D\u2019aquesta manera es vol\u00a0<strong>donar valor i veu<\/strong>\u00a0a l\u2019opini\u00f3 dels infants com a lectors, estimular la seva\u00a0<strong>formaci\u00f3 liter\u00e0ria<\/strong>\u00a0i oferir-los l\u2019opci\u00f3 de convertir-se en\u00a0<strong>Jurat<\/strong>\u00a0d\u2019un premi que va m\u00e9s enll\u00e0 del seu centre escolar, llibreria o biblioteca. Consulteu el<strong>\u00a0dossier\u00a0<a href=\"https:\/\/www.clijcat.cat\/consell\/descarregues\/noticies\/dossier-premis-atrapaprota-2020-2021.pdf\" target=\"_blank\" rel=\"noopener noreferrer\">aqu\u00ed<\/a><\/strong><\/p>\n<p>&nbsp;<\/p>\n<p><a href=\"https:\/\/serveiseducatius.xtec.cat\/baixllobregat8\/wp-content\/uploads\/usu777\/2020\/07\/premis_atrapallibres_protagonistajove_2.jpg\"><img loading=\"lazy\" decoding=\"async\" class=\" wp-image-7479 alignleft\" src=\"https:\/\/serveiseducatius.xtec.cat\/baixllobregat8\/wp-content\/uploads\/usu777\/2020\/07\/premis_atrapallibres_protagonistajove_2-300x225.jpg\" sizes=\"auto, (max-width: 311px) 100vw, 311px\" srcset=\"https:\/\/serveiseducatius.xtec.cat\/baixllobregat8\/wp-content\/uploads\/usu777\/2020\/07\/premis_atrapallibres_protagonistajove_2-300x225.jpg 300w, https:\/\/serveiseducatius.xtec.cat\/baixllobregat8\/wp-content\/uploads\/usu777\/2020\/07\/premis_atrapallibres_protagonistajove_2-200x150.jpg 200w, https:\/\/serveiseducatius.xtec.cat\/baixllobregat8\/wp-content\/uploads\/usu777\/2020\/07\/premis_atrapallibres_protagonistajove_2.jpg 720w\" alt=\"\" width=\"330\" height=\"247\" \/><\/a>Caldr\u00e0 formalitzar la inscripci\u00f3\u00a0<strong>omplint el formulari de participaci\u00f3<\/strong>\u00a0que hi ha en la web del ClijCAT \u00a0(<a href=\"https:\/\/www.clijcat.cat\/Atrapallibres-Inscripcio-i-Bases#inscripcio\">en aquest enlla\u00e7<\/a>).<\/p>\n<p style=\"text-align: justify;\">Si us plau, <strong>llegiu atentament les instruccions de la p\u00e0gina d\u2019inscripci\u00f3<\/strong>. Hi ha informaci\u00f3 important a tenir en compte tant del proc\u00e9s d\u2019inscripci\u00f3, com del proc\u00e9s de votaci\u00f3 electr\u00f2nica. La p\u00e0gina d\u2019inscripci\u00f3 romandr\u00e0 activa fins al dia\u00a0<strong class=\"alerta\">30 de desembre del 2020<\/strong>.<\/p>\n<p>&nbsp;<\/p>\n<p><strong>Tel\u00e8fon de contacte:\u00a0<\/strong>Sra. Marta Roig. Tel. 93 487 45 25 (matins) correu-e:\u00a0<a href=\"mailto:atrapallibres@clijcat.cat\">\u00a0atrapallibres@clijcat.cat<\/a>\u00a0 Secret\u00e0ria T\u00e8cnica del Consell Catal\u00e0 del Llibre Infantil i Juvenil (ClijCAT)<\/p>\n<p>&nbsp;<\/p>\n","protected":false},"excerpt":{"rendered":"<p>El Consell Catal\u00e0 del Llibre Infantil i Juvenil (ClijCAT) convoca el\u00a016\u00e8 Premi de Literatura Infantil \u00abAtrapallibres\u00bb, amb el prop\u00f2sit d\u2019estimular en els infants la lectura d\u2019imaginaci\u00f3. Consulteu el\u00a0Dossier de presentaci\u00f3. A tal efecte, una comissi\u00f3 d\u2019experts en literatura per a infants ha seleccionat els llibres en catal\u00e0 que presentem,en tres categories, en aquestes Bases per [&hellip;]<\/p>\n","protected":false},"author":10,"featured_media":12223,"comment_status":"closed","ping_status":"closed","sticky":true,"template":"","format":"standard","meta":{"_bbp_topic_count":0,"_bbp_reply_count":0,"_bbp_total_topic_count":0,"_bbp_total_reply_count":0,"_bbp_voice_count":0,"_bbp_anonymous_reply_count":0,"_bbp_topic_count_hidden":0,"_bbp_reply_count_hidden":0,"_bbp_forum_subforum_count":0,"site-sidebar-layout":"default","site-content-layout":"","ast-site-content-layout":"","site-content-style":"default","site-sidebar-style":"default","ast-global-header-display":"","ast-banner-title-visibility":"","ast-main-header-display":"","ast-hfb-above-header-display":"","ast-hfb-below-header-display":"","ast-hfb-mobile-header-display":"","site-post-title":"","ast-breadcrumbs-content":"","ast-featured-img":"","footer-sml-layout":"","theme-transparent-header-meta":"","adv-header-id-meta":"","stick-header-meta":"","header-above-stick-meta":"","header-main-stick-meta":"","header-below-stick-meta":"","astra-migrate-meta-layouts":"default","ast-page-background-enabled":"default","ast-page-background-meta":{"desktop":{"background-color":"var(--ast-global-color-4)","background-image":"","background-repeat":"repeat","background-position":"center center","background-size":"auto","background-attachment":"scroll","background-type":"","background-media":"","overlay-type":"","overlay-color":"","overlay-opacity":"","overlay-gradient":""},"tablet":{"background-color":"","background-image":"","background-repeat":"repeat","background-position":"center center","background-size":"auto","background-attachment":"scroll","background-type":"","background-media":"","overlay-type":"","overlay-color":"","overlay-opacity":"","overlay-gradient":""},"mobile":{"background-color":"","background-image":"","background-repeat":"repeat","background-position":"center center","background-size":"auto","background-attachment":"scroll","background-type":"","background-media":"","overlay-type":"","overlay-color":"","overlay-opacity":"","overlay-gradient":""}},"ast-content-background-meta":{"desktop":{"background-color":"var(--ast-global-color-5)","background-image":"","background-repeat":"repeat","background-position":"center center","background-size":"auto","background-attachment":"scroll","background-type":"","background-media":"","overlay-type":"","overlay-color":"","overlay-opacity":"","overlay-gradient":""},"tablet":{"background-color":"var(--ast-global-color-5)","background-image":"","background-repeat":"repeat","background-position":"center center","background-size":"auto","background-attachment":"scroll","background-type":"","background-media":"","overlay-type":"","overlay-color":"","overlay-opacity":"","overlay-gradient":""},"mobile":{"background-color":"var(--ast-global-color-5)","background-image":"","background-repeat":"repeat","background-position":"center center","background-size":"auto","background-attachment":"scroll","background-type":"","background-media":"","overlay-type":"","overlay-color":"","overlay-opacity":"","overlay-gradient":""}},"footnotes":""},"categories":[65,29],"tags":[],"class_list":["post-12220","post","type-post","status-publish","format-standard","has-post-thumbnail","hentry","category-crp","category-portada"],"post_mailing_queue_ids":[],"_links":{"self":[{"href":"https:\/\/serveiseducatius.xtec.cat\/garraf\/wp-json\/wp\/v2\/posts\/12220","targetHints":{"allow":["GET"]}}],"collection":[{"href":"https:\/\/serveiseducatius.xtec.cat\/garraf\/wp-json\/wp\/v2\/posts"}],"about":[{"href":"https:\/\/serveiseducatius.xtec.cat\/garraf\/wp-json\/wp\/v2\/types\/post"}],"author":[{"embeddable":true,"href":"https:\/\/serveiseducatius.xtec.cat\/garraf\/wp-json\/wp\/v2\/users\/10"}],"replies":[{"embeddable":true,"href":"https:\/\/serveiseducatius.xtec.cat\/garraf\/wp-json\/wp\/v2\/comments?post=12220"}],"version-history":[{"count":2,"href":"https:\/\/serveiseducatius.xtec.cat\/garraf\/wp-json\/wp\/v2\/posts\/12220\/revisions"}],"predecessor-version":[{"id":12225,"href":"https:\/\/serveiseducatius.xtec.cat\/garraf\/wp-json\/wp\/v2\/posts\/12220\/revisions\/12225"}],"wp:featuredmedia":[{"embeddable":true,"href":"https:\/\/serveiseducatius.xtec.cat\/garraf\/wp-json\/wp\/v2\/media\/12223"}],"wp:attachment":[{"href":"https:\/\/serveiseducatius.xtec.cat\/garraf\/wp-json\/wp\/v2\/media?parent=12220"}],"wp:term":[{"taxonomy":"category","embeddable":true,"href":"https:\/\/serveiseducatius.xtec.cat\/garraf\/wp-json\/wp\/v2\/categories?post=12220"},{"taxonomy":"post_tag","embeddable":true,"href":"https:\/\/serveiseducatius.xtec.cat\/garraf\/wp-json\/wp\/v2\/tags?post=12220"}],"curies":[{"name":"wp","href":"https:\/\/api.w.org\/{rel}","templated":true}]}}