{"id":11236,"date":"2019-10-15T17:31:02","date_gmt":"2019-10-15T15:31:02","guid":{"rendered":"http:\/\/serveiseducatius.xtec.cat\/garraf\/?p=11236"},"modified":"2019-10-15T17:37:36","modified_gmt":"2019-10-15T15:37:36","slug":"conferencia-quins-aspectes-cal-tenir-en-compte-a-lhora-de-seleccionar-els-llibres-de-coneixements-informacio-i-no-ficcio-per-al-nostre-alumnat-a-carrec-de-la-monica-baro","status":"publish","type":"post","link":"https:\/\/serveiseducatius.xtec.cat\/garraf\/portada\/conferencia-quins-aspectes-cal-tenir-en-compte-a-lhora-de-seleccionar-els-llibres-de-coneixements-informacio-i-no-ficcio-per-al-nostre-alumnat-a-carrec-de-la-monica-baro\/","title":{"rendered":"Xerrada de la M\u00f2nica Bar\u00f3, sobre els llibres d&#8217;imaginaci\u00f3, coneixements i no ficci\u00f3"},"content":{"rendered":"<h4 style=\"font-weight: 400; text-align: justify;\"><span style=\"color: #003366;\">Dins de les actuacions que realitza el Grup de treball de Literatura Infantil i Juvenil del Garraf est\u00e0 previst que el proper di<strong>jous, 24 de novembre de 2019, a les 17,30h. a la Sala de formaci\u00f3 del CRP del Garraf<\/strong> (carrer Canig\u00f3 4) tindr\u00e0 lloc la confer\u00e8ncia:<\/span><\/h4>\n<p>&nbsp;<\/p>\n<h4 style=\"font-weight: 400; padding-left: 40px; text-align: center;\"><span style=\"color: #003366;\">\u00a0 <em>&#8220;<strong>Quins aspectes cal tenir en compte a l\u2019hora de seleccionar <\/strong><strong>llibres de coneixements, <\/strong><strong>informaci\u00f3 i no-ficci\u00f3\u00a0<\/strong><strong>per al nostre\u00a0<\/strong><strong>alumnat?<\/strong><\/em><\/span><\/h4>\n<h4 style=\"text-align: center;\"><em><span style=\"color: #003366;\">a c\u00e0rrec de la M\u00f2nica Bar\u00f3<\/span><\/em><\/h4>\n<p style=\"font-family: 'Helvetica Neue', Helvetica, Helvetica, Arial, sans-serif; font-size: 16px;\"><img loading=\"lazy\" decoding=\"async\" class=\"wp-image-11237 alignright\" src=\"https:\/\/serveiseducatius.xtec.cat\/garraf\/wp-content\/uploads\/usu1185\/2019\/10\/biblioteca-233x300.jpg\" alt=\"\" width=\"213\" height=\"275\" srcset=\"https:\/\/serveiseducatius.xtec.cat\/garraf\/wp-content\/uploads\/usu1185\/2019\/10\/biblioteca-233x300.jpg 233w, https:\/\/serveiseducatius.xtec.cat\/garraf\/wp-content\/uploads\/usu1185\/2019\/10\/biblioteca.jpg 521w\" sizes=\"auto, (max-width: 213px) 100vw, 213px\" \/><\/p>\n<p>&nbsp;<\/p>\n<h5><\/h5>\n<h6 style=\"text-align: justify;\"><span style=\"color: #003366;\"><a style=\"color: #003366;\" href=\"http:\/\/serveiseducatius.xtec.cat\/garraf\/portada\/conferencia-quins-aspectes-cal-tenir-en-compte-a-lhora-de-seleccionar-els-llibres-de-coneixements-informacio-i-no-ficcio-per-al-nostre-alumnat-a-carrec-de-la-monica-baro\/attachment\/monicabaro-300x188\/\" rel=\"attachment wp-att-11238\"><img loading=\"lazy\" decoding=\"async\" class=\"size-medium wp-image-11238 alignleft\" src=\"https:\/\/serveiseducatius.xtec.cat\/garraf\/wp-content\/uploads\/usu1185\/2019\/10\/MonicaBaro-300x188-300x188.png\" alt=\"\" width=\"300\" height=\"188\" \/>L<\/a><\/span><span style=\"color: #003366;\"><strong>a M\u00f2nica Bar\u00f3<\/strong><strong>, \u00e9s <\/strong>professora de Facultat de Bibliotec<\/span><span style=\"color: #003366; font-size: 1.125em; font-weight: bold; text-align: justify;\">onomia i Documentaci\u00f3 de la Universitat de Barcelona. S\u2019ha especialitzat en biblioteques escolars i ha publicat nombrosos articles i llibre sobre el tema. Ha <\/span><span style=\"color: #003366; font-size: 1.125em; font-weight: bold; text-align: justify;\">format part de l\u2019equip que ha dut a terme els estudis sobre la situaci\u00f3 de les biblioteques escolars a Espanya el 2005, el 2010 i el 2013.\u00a0 \u00c9s coordinadora del M\u00e0ster de Biblioteca escolar i promoci\u00f3 de la lectura (UAB-UB).<\/span><\/h6>\n<h5 style=\"padding-left: 40px; font-weight: 400; text-align: justify;\"><\/h5>\n<h5><\/h5>\n<h4 style=\"font-weight: 400; padding-left: 40px; text-align: center;\"><span style=\"color: #003366;\">Aquesta confer\u00e8ncia \u00e9s oberta a totes les persones interessades.<\/span><\/h4>\n<h4 style=\"text-align: center;\"><\/h4>\n<h4 style=\"font-weight: 400; text-align: center;\"><span style=\"color: #003366;\">Us convidem a participar-hi.<\/span><\/h4>\n","protected":false},"excerpt":{"rendered":"<p>Confer\u00e8ncia de la M\u00f2nica Bar\u00f3 sobre els llibres de coneixements, imaginaci\u00f3 i no ficci\u00f3, el dijous 24 d&#8217;octubre a les 17,30h  a la sala de formaci\u00f3 del CRP del Garraf.<\/p>\n","protected":false},"author":10,"featured_media":11238,"comment_status":"closed","ping_status":"closed","sticky":true,"template":"","format":"standard","meta":{"_bbp_topic_count":0,"_bbp_reply_count":0,"_bbp_total_topic_count":0,"_bbp_total_reply_count":0,"_bbp_voice_count":0,"_bbp_anonymous_reply_count":0,"_bbp_topic_count_hidden":0,"_bbp_reply_count_hidden":0,"_bbp_forum_subforum_count":0,"site-sidebar-layout":"default","site-content-layout":"","ast-site-content-layout":"","site-content-style":"default","site-sidebar-style":"default","ast-global-header-display":"","ast-banner-title-visibility":"","ast-main-header-display":"","ast-hfb-above-header-display":"","ast-hfb-below-header-display":"","ast-hfb-mobile-header-display":"","site-post-title":"","ast-breadcrumbs-content":"","ast-featured-img":"","footer-sml-layout":"","theme-transparent-header-meta":"","adv-header-id-meta":"","stick-header-meta":"","header-above-stick-meta":"","header-main-stick-meta":"","header-below-stick-meta":"","astra-migrate-meta-layouts":"default","ast-page-background-enabled":"default","ast-page-background-meta":{"desktop":{"background-color":"var(--ast-global-color-4)","background-image":"","background-repeat":"repeat","background-position":"center center","background-size":"auto","background-attachment":"scroll","background-type":"","background-media":"","overlay-type":"","overlay-color":"","overlay-opacity":"","overlay-gradient":""},"tablet":{"background-color":"","background-image":"","background-repeat":"repeat","background-position":"center center","background-size":"auto","background-attachment":"scroll","background-type":"","background-media":"","overlay-type":"","overlay-color":"","overlay-opacity":"","overlay-gradient":""},"mobile":{"background-color":"","background-image":"","background-repeat":"repeat","background-position":"center center","background-size":"auto","background-attachment":"scroll","background-type":"","background-media":"","overlay-type":"","overlay-color":"","overlay-opacity":"","overlay-gradient":""}},"ast-content-background-meta":{"desktop":{"background-color":"var(--ast-global-color-5)","background-image":"","background-repeat":"repeat","background-position":"center center","background-size":"auto","background-attachment":"scroll","background-type":"","background-media":"","overlay-type":"","overlay-color":"","overlay-opacity":"","overlay-gradient":""},"tablet":{"background-color":"var(--ast-global-color-5)","background-image":"","background-repeat":"repeat","background-position":"center center","background-size":"auto","background-attachment":"scroll","background-type":"","background-media":"","overlay-type":"","overlay-color":"","overlay-opacity":"","overlay-gradient":""},"mobile":{"background-color":"var(--ast-global-color-5)","background-image":"","background-repeat":"repeat","background-position":"center center","background-size":"auto","background-attachment":"scroll","background-type":"","background-media":"","overlay-type":"","overlay-color":"","overlay-opacity":"","overlay-gradient":""}},"footnotes":""},"categories":[65,29],"tags":[],"class_list":["post-11236","post","type-post","status-publish","format-standard","has-post-thumbnail","hentry","category-crp","category-portada"],"post_mailing_queue_ids":[],"_links":{"self":[{"href":"https:\/\/serveiseducatius.xtec.cat\/garraf\/wp-json\/wp\/v2\/posts\/11236","targetHints":{"allow":["GET"]}}],"collection":[{"href":"https:\/\/serveiseducatius.xtec.cat\/garraf\/wp-json\/wp\/v2\/posts"}],"about":[{"href":"https:\/\/serveiseducatius.xtec.cat\/garraf\/wp-json\/wp\/v2\/types\/post"}],"author":[{"embeddable":true,"href":"https:\/\/serveiseducatius.xtec.cat\/garraf\/wp-json\/wp\/v2\/users\/10"}],"replies":[{"embeddable":true,"href":"https:\/\/serveiseducatius.xtec.cat\/garraf\/wp-json\/wp\/v2\/comments?post=11236"}],"version-history":[{"count":3,"href":"https:\/\/serveiseducatius.xtec.cat\/garraf\/wp-json\/wp\/v2\/posts\/11236\/revisions"}],"predecessor-version":[{"id":11243,"href":"https:\/\/serveiseducatius.xtec.cat\/garraf\/wp-json\/wp\/v2\/posts\/11236\/revisions\/11243"}],"wp:featuredmedia":[{"embeddable":true,"href":"https:\/\/serveiseducatius.xtec.cat\/garraf\/wp-json\/wp\/v2\/media\/11238"}],"wp:attachment":[{"href":"https:\/\/serveiseducatius.xtec.cat\/garraf\/wp-json\/wp\/v2\/media?parent=11236"}],"wp:term":[{"taxonomy":"category","embeddable":true,"href":"https:\/\/serveiseducatius.xtec.cat\/garraf\/wp-json\/wp\/v2\/categories?post=11236"},{"taxonomy":"post_tag","embeddable":true,"href":"https:\/\/serveiseducatius.xtec.cat\/garraf\/wp-json\/wp\/v2\/tags?post=11236"}],"curies":[{"name":"wp","href":"https:\/\/api.w.org\/{rel}","templated":true}]}}