{"id":10908,"date":"2019-05-26T11:54:33","date_gmt":"2019-05-26T09:54:33","guid":{"rendered":"http:\/\/serveiseducatius.xtec.cat\/garraf\/?p=10908"},"modified":"2019-05-26T11:56:17","modified_gmt":"2019-05-26T09:56:17","slug":"xerrada-de-josep-ma-puig-sobre-laprenentatge-servei-comunitari","status":"publish","type":"post","link":"https:\/\/serveiseducatius.xtec.cat\/garraf\/portada\/xerrada-de-josep-ma-puig-sobre-laprenentatge-servei-comunitari\/","title":{"rendered":"Xerrada de Josep Ma. Puig sobre L&#8217;Aprenentatge Servei Comunitari"},"content":{"rendered":"<p class=\"m_-5969577000284005753m_-7819049186970987537m_6159008857014077103gmail-m_-2912583290753334022gmail-m_-3113688294269110787MsoListParagraph\" style=\"text-align: justify;\"><span style=\"color: #741b47; font-size: large;\">El proper dimarts 28 de maig, a les 17.45 hores, a l\u2019Institut Municipal d\u2019Educaci\u00f3 i Treball, tindr\u00e0 lloc la xerrada \u201c<b>Aprenentatge i servei comunitari: t\u2019hi apuntes?<\/b>\u201d, organitzada per la Comissi\u00f3 impulsora del S<\/span><span style=\"color: #741b47; font-size: large;\">ervei comunitari a Vilanova i la Geltr\u00fa.<\/span><\/p>\n<p class=\"m_-5969577000284005753m_-7819049186970987537m_6159008857014077103gmail-m_-2912583290753334022gmail-m_-3113688294269110787MsoListParagraph\" style=\"text-align: justify;\"><span style=\"color: #741b47; font-size: large;\">\u00a0<u><\/u><u><\/u><\/span><span style=\"color: #741b47; font-size: large;\">L\u2019objectiu d\u2019aquesta xerrada \u00e9s fer difusi\u00f3 de l\u2019aprenentatge i serve<a href=\"http:\/\/serveiseducatius.xtec.cat\/garraf\/portada\/xerrada-de-josep-ma-puig-sobre-laprenentatge-servei-comunitari\/attachment\/josep-ma-puig\/\" rel=\"attachment wp-att-10911\"><img loading=\"lazy\" decoding=\"async\" class=\"alignright  wp-image-10911\" src=\"https:\/\/serveiseducatius.xtec.cat\/garraf\/wp-content\/uploads\/usu1185\/2019\/05\/Josep-ma.-Puig-300x168.jpg\" alt=\"\" width=\"359\" height=\"201\" \/><\/a>i comunitari, una actuaci\u00f3 educativa obligat\u00f2ria a partir del proper curs 2019-2020 per a l\u2019alumnat de tercer i quart d\u2019educaci\u00f3 secund\u00e0ria i que vol garantir que l\u2019alumnat, al llarg de la seva traject\u00f2ria educativa, experimenti i protagonitzi accions de comprom\u00eds c\u00edvic. Perqu\u00e8 valors com l\u2019ajuda, la cooperaci\u00f3 i l\u2019altruisme s\u2019aprenen participant en activitats, entrenant-los i reflexionant per donant-los tot el sentit personal i social que tenen. I aqu\u00ed les entitats socials i els centres educatius tenen molt a dir.<u><\/u><u><\/u><\/span><\/p>\n<p class=\"m_-5969577000284005753m_-7819049186970987537m_6159008857014077103gmail-m_-2912583290753334022gmail-m_-3113688294269110787MsoListParagraph\" style=\"text-align: justify;\"><span style=\"color: #741b47; font-size: large;\">La xerrada comptar\u00e0 amb la intervenci\u00f3 del sr. Josep Maria Puig Rovira, catedr\u00e0tic de teoria de l\u2019Educaci\u00f3 a la facultat d\u2019Educaci\u00f3 de la Universitat de Barcelona i membre del Centre Promotor d\u2019Aprenentatge Servei.<u><\/u><u><\/u><\/span><\/p>\n<p class=\"m_-5969577000284005753m_-7819049186970987537m_6159008857014077103gmail-m_-2912583290753334022gmail-m_-3113688294269110787MsoListParagraph\" style=\"text-align: justify;\"><span style=\"color: #741b47; font-size: large;\">Les persones que estigueu interessades a assistir a aquesta xerrada, us podeu inscriure enviant un missatge al seg\u00fcent formulari\u00a0<a href=\"http:\/\/bit.ly\/2HgLBwo\" target=\"_blank\" rel=\"noopener noreferrer\" data-saferedirecturl=\"https:\/\/www.google.com\/url?q=http:\/\/bit.ly\/2HgLBwo&amp;source=gmail&amp;ust=1558950617697000&amp;usg=AFQjCNFnF1ge0tkImwh_dZFEoo3ZOAO-Sw\">http:\/\/bit.ly\/<wbr \/>2HgLBwo<\/a>\u00a0o trucant al tel\u00e8fon 93 814 0440 (ext. 7246).\u201d<\/span><\/p>\n<p class=\"m_-5969577000284005753m_-7819049186970987537m_6159008857014077103gmail-m_-2912583290753334022gmail-m_-3113688294269110787MsoListParagraph\"><span style=\"color: #741b47; font-family: Calibri, sans-serif; font-size: large;\">En la sessi\u00f3 hi haur\u00e0 tamb\u00e9 una breu presentaci\u00f3 de l&#8217;experi\u00e8ncia de col.laboraci\u00f3 entre una entitat i un centre educatiu de la comarca.<\/span><\/p>\n","protected":false},"excerpt":{"rendered":"<p>El proper dimarts 28 de maig, a les 17.45 hores, a l\u2019Institut Municipal d\u2019Educaci\u00f3 i Treball, tindr\u00e0 lloc la xerrada \u201cAprenentatge i servei comunitari: t\u2019hi apuntes?\u201d, a c\u00e0rrec del professor Josep Ma. Puig, membre del Centre Promotor d&#8217;Aprenentatge Servei (ApS)<\/p>\n","protected":false},"author":10,"featured_media":10909,"comment_status":"closed","ping_status":"closed","sticky":true,"template":"","format":"standard","meta":{"_bbp_topic_count":0,"_bbp_reply_count":0,"_bbp_total_topic_count":0,"_bbp_total_reply_count":0,"_bbp_voice_count":0,"_bbp_anonymous_reply_count":0,"_bbp_topic_count_hidden":0,"_bbp_reply_count_hidden":0,"_bbp_forum_subforum_count":0,"site-sidebar-layout":"default","site-content-layout":"","ast-site-content-layout":"","site-content-style":"default","site-sidebar-style":"default","ast-global-header-display":"","ast-banner-title-visibility":"","ast-main-header-display":"","ast-hfb-above-header-display":"","ast-hfb-below-header-display":"","ast-hfb-mobile-header-display":"","site-post-title":"","ast-breadcrumbs-content":"","ast-featured-img":"","footer-sml-layout":"","theme-transparent-header-meta":"","adv-header-id-meta":"","stick-header-meta":"","header-above-stick-meta":"","header-main-stick-meta":"","header-below-stick-meta":"","astra-migrate-meta-layouts":"default","ast-page-background-enabled":"default","ast-page-background-meta":{"desktop":{"background-color":"var(--ast-global-color-4)","background-image":"","background-repeat":"repeat","background-position":"center center","background-size":"auto","background-attachment":"scroll","background-type":"","background-media":"","overlay-type":"","overlay-color":"","overlay-opacity":"","overlay-gradient":""},"tablet":{"background-color":"","background-image":"","background-repeat":"repeat","background-position":"center center","background-size":"auto","background-attachment":"scroll","background-type":"","background-media":"","overlay-type":"","overlay-color":"","overlay-opacity":"","overlay-gradient":""},"mobile":{"background-color":"","background-image":"","background-repeat":"repeat","background-position":"center center","background-size":"auto","background-attachment":"scroll","background-type":"","background-media":"","overlay-type":"","overlay-color":"","overlay-opacity":"","overlay-gradient":""}},"ast-content-background-meta":{"desktop":{"background-color":"var(--ast-global-color-5)","background-image":"","background-repeat":"repeat","background-position":"center center","background-size":"auto","background-attachment":"scroll","background-type":"","background-media":"","overlay-type":"","overlay-color":"","overlay-opacity":"","overlay-gradient":""},"tablet":{"background-color":"var(--ast-global-color-5)","background-image":"","background-repeat":"repeat","background-position":"center center","background-size":"auto","background-attachment":"scroll","background-type":"","background-media":"","overlay-type":"","overlay-color":"","overlay-opacity":"","overlay-gradient":""},"mobile":{"background-color":"var(--ast-global-color-5)","background-image":"","background-repeat":"repeat","background-position":"center center","background-size":"auto","background-attachment":"scroll","background-type":"","background-media":"","overlay-type":"","overlay-color":"","overlay-opacity":"","overlay-gradient":""}},"footnotes":""},"categories":[65,29],"tags":[],"class_list":["post-10908","post","type-post","status-publish","format-standard","has-post-thumbnail","hentry","category-crp","category-portada"],"post_mailing_queue_ids":[],"_links":{"self":[{"href":"https:\/\/serveiseducatius.xtec.cat\/garraf\/wp-json\/wp\/v2\/posts\/10908","targetHints":{"allow":["GET"]}}],"collection":[{"href":"https:\/\/serveiseducatius.xtec.cat\/garraf\/wp-json\/wp\/v2\/posts"}],"about":[{"href":"https:\/\/serveiseducatius.xtec.cat\/garraf\/wp-json\/wp\/v2\/types\/post"}],"author":[{"embeddable":true,"href":"https:\/\/serveiseducatius.xtec.cat\/garraf\/wp-json\/wp\/v2\/users\/10"}],"replies":[{"embeddable":true,"href":"https:\/\/serveiseducatius.xtec.cat\/garraf\/wp-json\/wp\/v2\/comments?post=10908"}],"version-history":[{"count":2,"href":"https:\/\/serveiseducatius.xtec.cat\/garraf\/wp-json\/wp\/v2\/posts\/10908\/revisions"}],"predecessor-version":[{"id":10912,"href":"https:\/\/serveiseducatius.xtec.cat\/garraf\/wp-json\/wp\/v2\/posts\/10908\/revisions\/10912"}],"wp:featuredmedia":[{"embeddable":true,"href":"https:\/\/serveiseducatius.xtec.cat\/garraf\/wp-json\/wp\/v2\/media\/10909"}],"wp:attachment":[{"href":"https:\/\/serveiseducatius.xtec.cat\/garraf\/wp-json\/wp\/v2\/media?parent=10908"}],"wp:term":[{"taxonomy":"category","embeddable":true,"href":"https:\/\/serveiseducatius.xtec.cat\/garraf\/wp-json\/wp\/v2\/categories?post=10908"},{"taxonomy":"post_tag","embeddable":true,"href":"https:\/\/serveiseducatius.xtec.cat\/garraf\/wp-json\/wp\/v2\/tags?post=10908"}],"curies":[{"name":"wp","href":"https:\/\/api.w.org\/{rel}","templated":true}]}}