{"id":10805,"date":"2019-04-09T10:22:45","date_gmt":"2019-04-09T08:22:45","guid":{"rendered":"http:\/\/serveiseducatius.xtec.cat\/garraf\/?p=10805"},"modified":"2019-04-09T10:24:08","modified_gmt":"2019-04-09T08:24:08","slug":"i-congres-deducacio-publica-de-catalunya","status":"publish","type":"post","link":"https:\/\/serveiseducatius.xtec.cat\/garraf\/portada\/i-congres-deducacio-publica-de-catalunya\/","title":{"rendered":"I Congr\u00e9s d&#8217;Educaci\u00f3 P\u00fablica de Catalunya"},"content":{"rendered":"<p><a href=\"http:\/\/serveiseducatius.xtec.cat\/garraf\/portada\/i-congres-deducacio-publica-de-catalunya\/attachment\/congreseducaciopublica\/\" rel=\"attachment wp-att-10806\"><img loading=\"lazy\" decoding=\"async\" class=\"size-medium wp-image-10806 alignleft\" src=\"https:\/\/serveiseducatius.xtec.cat\/garraf\/wp-content\/uploads\/usu1185\/2019\/04\/congreseducaciopublica-300x76.jpg\" alt=\"\" width=\"300\" height=\"76\" srcset=\"https:\/\/serveiseducatius.xtec.cat\/garraf\/wp-content\/uploads\/usu1185\/2019\/04\/congreseducaciopublica-300x76.jpg 300w, https:\/\/serveiseducatius.xtec.cat\/garraf\/wp-content\/uploads\/usu1185\/2019\/04\/congreseducaciopublica-768x195.jpg 768w, https:\/\/serveiseducatius.xtec.cat\/garraf\/wp-content\/uploads\/usu1185\/2019\/04\/congreseducaciopublica-1024x260.jpg 1024w, https:\/\/serveiseducatius.xtec.cat\/garraf\/wp-content\/uploads\/usu1185\/2019\/04\/congreseducaciopublica.jpg 1180w\" sizes=\"auto, (max-width: 300px) 100vw, 300px\" \/><\/a>El Servei Educatiu del Garraf donem suport al Congr\u00e9s d&#8217;Educaci\u00f3 P\u00fablica i alhora, volem\u00a0recomanar als centres educatius del Garraf que valorin i es plantegin de formar part d&#8217;aquest proc\u00e9s de reflexi\u00f3, debat i construcci\u00f3 de l&#8217;Educaci\u00f3 P\u00fablica.<\/p>\n<h6><\/h6>\n<h6>Qu\u00e8 \u00e9s el Congr\u00e9s ?<\/h6>\n<p>Aquesta iniciativa sorgeix en una primera trobada entre escoles i persones relacionades amb l\u2019educaci\u00f3, el m\u00f3n universitari i entitats diverses, per definir una iniciativa col.lectiva que comport\u00e9s una acci\u00f3 per parlar d\u2019educaci\u00f3. El resultat va ser la idea de convocar un\u00a0Congr\u00e9s de l\u2019educaci\u00f3 P\u00fablica de Catalunya.<\/p>\n<p>La caracter\u00edstica clau del Congr\u00e9s \u00e9s que l\u2019organitzaci\u00f3 recau en els propis centres educatius p\u00fablics (educaci\u00f3 infantil, educaci\u00f3 prim\u00e0ria, educaci\u00f3 secund\u00e0ria, educaci\u00f3 d\u2019adults, educaci\u00f3 especial\u2026), que s\u00f3n els que hauran d\u2019organitzar els debats i elaborar-ne les conclusions. Es vol que el Congr\u00e9s sigui la veu d\u2019escoles i instituts a trav\u00e9s de les seves comunitats educatives (professorat, fam\u00edlies, alumnat).<\/p>\n<h6>T&#8217;interessa participar-hi ?<\/h6>\n<ul>\n<li><a href=\"https:\/\/congreseducaciopublica.wordpress.com\/\" target=\"_blank\" rel=\"nofollow noopener\">Si et cal m\u00e9s informaci\u00f3<\/a><\/li>\n<li><a href=\"https:\/\/congreseducaciopublica.wordpress.com\/qui-en-forma-part\/\" target=\"_blank\" rel=\"nofollow noopener\">Si vols saber els centres que ja han fet l&#8217;adhesi\u00f3<\/a><\/li>\n<li><a href=\"https:\/\/congreseducaciopublica.wordpress.com\/calendari-i-activitats\/\" target=\"_blank\" rel=\"nofollow noopener\">Si vols saber el calendari de les actuacions<\/a><\/li>\n<\/ul>\n","protected":false},"excerpt":{"rendered":"<p>El Servei Educatiu del Garraf donem suport al Congr\u00e9s d&#8217;Educaci\u00f3 P\u00fablica i alhora, volem\u00a0recomanar als centres educatius del Garraf que valorin i es plantegin de formar part d&#8217;aquest proc\u00e9s de reflexi\u00f3, debat i construcci\u00f3 de l&#8217;Educaci\u00f3 P\u00fablica. Qu\u00e8 \u00e9s el Congr\u00e9s ? Aquesta iniciativa sorgeix en una primera trobada entre escoles i persones relacionades amb [&hellip;]<\/p>\n","protected":false},"author":10,"featured_media":10806,"comment_status":"closed","ping_status":"closed","sticky":true,"template":"","format":"standard","meta":{"_bbp_topic_count":0,"_bbp_reply_count":0,"_bbp_total_topic_count":0,"_bbp_total_reply_count":0,"_bbp_voice_count":0,"_bbp_anonymous_reply_count":0,"_bbp_topic_count_hidden":0,"_bbp_reply_count_hidden":0,"_bbp_forum_subforum_count":0,"site-sidebar-layout":"default","site-content-layout":"","ast-site-content-layout":"","site-content-style":"default","site-sidebar-style":"default","ast-global-header-display":"","ast-banner-title-visibility":"","ast-main-header-display":"","ast-hfb-above-header-display":"","ast-hfb-below-header-display":"","ast-hfb-mobile-header-display":"","site-post-title":"","ast-breadcrumbs-content":"","ast-featured-img":"","footer-sml-layout":"","theme-transparent-header-meta":"","adv-header-id-meta":"","stick-header-meta":"","header-above-stick-meta":"","header-main-stick-meta":"","header-below-stick-meta":"","astra-migrate-meta-layouts":"default","ast-page-background-enabled":"default","ast-page-background-meta":{"desktop":{"background-color":"var(--ast-global-color-4)","background-image":"","background-repeat":"repeat","background-position":"center center","background-size":"auto","background-attachment":"scroll","background-type":"","background-media":"","overlay-type":"","overlay-color":"","overlay-opacity":"","overlay-gradient":""},"tablet":{"background-color":"","background-image":"","background-repeat":"repeat","background-position":"center center","background-size":"auto","background-attachment":"scroll","background-type":"","background-media":"","overlay-type":"","overlay-color":"","overlay-opacity":"","overlay-gradient":""},"mobile":{"background-color":"","background-image":"","background-repeat":"repeat","background-position":"center center","background-size":"auto","background-attachment":"scroll","background-type":"","background-media":"","overlay-type":"","overlay-color":"","overlay-opacity":"","overlay-gradient":""}},"ast-content-background-meta":{"desktop":{"background-color":"var(--ast-global-color-5)","background-image":"","background-repeat":"repeat","background-position":"center center","background-size":"auto","background-attachment":"scroll","background-type":"","background-media":"","overlay-type":"","overlay-color":"","overlay-opacity":"","overlay-gradient":""},"tablet":{"background-color":"var(--ast-global-color-5)","background-image":"","background-repeat":"repeat","background-position":"center center","background-size":"auto","background-attachment":"scroll","background-type":"","background-media":"","overlay-type":"","overlay-color":"","overlay-opacity":"","overlay-gradient":""},"mobile":{"background-color":"var(--ast-global-color-5)","background-image":"","background-repeat":"repeat","background-position":"center center","background-size":"auto","background-attachment":"scroll","background-type":"","background-media":"","overlay-type":"","overlay-color":"","overlay-opacity":"","overlay-gradient":""}},"footnotes":""},"categories":[29],"tags":[],"class_list":["post-10805","post","type-post","status-publish","format-standard","has-post-thumbnail","hentry","category-portada"],"post_mailing_queue_ids":[],"_links":{"self":[{"href":"https:\/\/serveiseducatius.xtec.cat\/garraf\/wp-json\/wp\/v2\/posts\/10805","targetHints":{"allow":["GET"]}}],"collection":[{"href":"https:\/\/serveiseducatius.xtec.cat\/garraf\/wp-json\/wp\/v2\/posts"}],"about":[{"href":"https:\/\/serveiseducatius.xtec.cat\/garraf\/wp-json\/wp\/v2\/types\/post"}],"author":[{"embeddable":true,"href":"https:\/\/serveiseducatius.xtec.cat\/garraf\/wp-json\/wp\/v2\/users\/10"}],"replies":[{"embeddable":true,"href":"https:\/\/serveiseducatius.xtec.cat\/garraf\/wp-json\/wp\/v2\/comments?post=10805"}],"version-history":[{"count":2,"href":"https:\/\/serveiseducatius.xtec.cat\/garraf\/wp-json\/wp\/v2\/posts\/10805\/revisions"}],"predecessor-version":[{"id":10808,"href":"https:\/\/serveiseducatius.xtec.cat\/garraf\/wp-json\/wp\/v2\/posts\/10805\/revisions\/10808"}],"wp:featuredmedia":[{"embeddable":true,"href":"https:\/\/serveiseducatius.xtec.cat\/garraf\/wp-json\/wp\/v2\/media\/10806"}],"wp:attachment":[{"href":"https:\/\/serveiseducatius.xtec.cat\/garraf\/wp-json\/wp\/v2\/media?parent=10805"}],"wp:term":[{"taxonomy":"category","embeddable":true,"href":"https:\/\/serveiseducatius.xtec.cat\/garraf\/wp-json\/wp\/v2\/categories?post=10805"},{"taxonomy":"post_tag","embeddable":true,"href":"https:\/\/serveiseducatius.xtec.cat\/garraf\/wp-json\/wp\/v2\/tags?post=10805"}],"curies":[{"name":"wp","href":"https:\/\/api.w.org\/{rel}","templated":true}]}}