{"id":10792,"date":"2019-04-08T16:54:14","date_gmt":"2019-04-08T14:54:14","guid":{"rendered":"http:\/\/serveiseducatius.xtec.cat\/garraf\/?p=10792"},"modified":"2019-04-08T16:55:51","modified_gmt":"2019-04-08T14:55:51","slug":"alumnes-de-lescola-larjau-guanyem-el-concurs-del-salo-del-comic-de-barcelona","status":"publish","type":"post","link":"https:\/\/serveiseducatius.xtec.cat\/garraf\/portada\/alumnes-de-lescola-larjau-guanyem-el-concurs-del-salo-del-comic-de-barcelona\/","title":{"rendered":"Alumnes de l&#8217;Escola L&#8217;Arjau guanyem el concurs del Sal\u00f3 del C\u00f2mic de Barcelona"},"content":{"rendered":"<p><a href=\"http:\/\/serveiseducatius.xtec.cat\/garraf\/portada\/alumnes-de-lescola-larjau-guanyem-el-concurs-del-salo-del-comic-de-barcelona\/attachment\/comics-2\/\" rel=\"attachment wp-att-10793\"><img loading=\"lazy\" decoding=\"async\" class=\"alignright wp-image-10793\" src=\"https:\/\/serveiseducatius.xtec.cat\/garraf\/wp-content\/uploads\/usu1185\/2019\/04\/C\u00f2mics-2-300x201.jpg\" alt=\"\" width=\"381\" height=\"255\" srcset=\"https:\/\/serveiseducatius.xtec.cat\/garraf\/wp-content\/uploads\/usu1185\/2019\/04\/C\u00f2mics-2-300x201.jpg 300w, https:\/\/serveiseducatius.xtec.cat\/garraf\/wp-content\/uploads\/usu1185\/2019\/04\/C\u00f2mics-2-768x514.jpg 768w, https:\/\/serveiseducatius.xtec.cat\/garraf\/wp-content\/uploads\/usu1185\/2019\/04\/C\u00f2mics-2-1024x686.jpg 1024w, https:\/\/serveiseducatius.xtec.cat\/garraf\/wp-content\/uploads\/usu1185\/2019\/04\/C\u00f2mics-2.jpg 1242w\" sizes=\"auto, (max-width: 381px) 100vw, 381px\" \/><\/a><\/p>\n<p style=\"text-align: justify;\">En el marc de la 37a edici\u00f3 del Sal\u00f3 Internacional del C\u00f2mic de Barcelona (FICOMIC), el passat dissabte 7 d&#8217;abril va tenir lloc l&#8217;entrega dels premis del VII Concurs Escolar del Sal\u00f3 Internacional del C\u00f2mic de Barcelona, on col.labora el Departament d&#8217;Educaci\u00f3 de la Generalitat de Catalunya. Entre els premiats hi ha hagut dos alumnes de l&#8217;Escola L&#8217;Arjau de Vilanova i la Geltr\u00fa, el Joan Pi\u00f1ol Fonoll i el Pau Garc\u00eda Bulete.<\/p>\n<p>Els dos alumnes han aconseguit respectivament el primer i el segon premi de la categoria A, que correspon als alumnes de cicle mitj\u00e0 d&#8217;educaci\u00f3 prim\u00e0ria (tercer i quart).<\/p>\n<p><a href=\"http:\/\/serveiseducatius.xtec.cat\/garraf\/portada\/alumnes-de-lescola-larjau-guanyem-el-concurs-del-salo-del-comic-de-barcelona\/attachment\/guanyadors-comic\/\" rel=\"attachment wp-att-10794\"><img loading=\"lazy\" decoding=\"async\" class=\" wp-image-10794 alignleft\" src=\"https:\/\/serveiseducatius.xtec.cat\/garraf\/wp-content\/uploads\/usu1185\/2019\/04\/Guanyadors-comic-209x300.png\" alt=\"\" width=\"205\" height=\"294\" srcset=\"https:\/\/serveiseducatius.xtec.cat\/garraf\/wp-content\/uploads\/usu1185\/2019\/04\/Guanyadors-comic-209x300.png 209w, https:\/\/serveiseducatius.xtec.cat\/garraf\/wp-content\/uploads\/usu1185\/2019\/04\/Guanyadors-comic-768x1102.png 768w, https:\/\/serveiseducatius.xtec.cat\/garraf\/wp-content\/uploads\/usu1185\/2019\/04\/Guanyadors-comic-714x1024.png 714w, https:\/\/serveiseducatius.xtec.cat\/garraf\/wp-content\/uploads\/usu1185\/2019\/04\/Guanyadors-comic.png 879w\" sizes=\"auto, (max-width: 205px) 100vw, 205px\" \/><\/a><\/p>\n<p>Els t\u00edtols dels c\u00f2mics que han presentat al concurs han estat: <em>&#8220;La m\u00e0quina de rimar&#8221;<\/em> del Joan Pi\u00f1ol, que ha aconseguit el primer premi, i el\u00a0 Pau Garc\u00eda Bulete que ha obtingut el segon premi amb el c\u00f2mic\u00a0<em>&#8220;La m\u00e0quina que converteix pedres en menjar&#8221;.<\/em><\/p>\n<h4><\/h4>\n<h4><\/h4>\n<h4 style=\"text-align: left;\"><span style=\"color: #3366ff;\"><em>Moltes felicitats Joan i Pau !!!<\/em><\/span><\/h4>\n<p>&nbsp;<\/p>\n<p>&nbsp;<\/p>\n","protected":false},"excerpt":{"rendered":"<p>Els alumnes de l&#8217;Escola L&#8217;Arjau de Vilanova i la Geltr\u00fa, en Joan Pi\u00f1ol Fonoll i en Pau Garc\u00eda Bulete aconsegueixen el primer i el segon lloc en el VIII Concurs Escolar del Sal\u00f3 del C\u00f2mic de Barcelona, en la categoria A, que correspon als alumnes de cicle mitj\u00e0 d&#8217;educaci\u00f3 prim\u00e0ria (tercer i quart).<\/p>\n","protected":false},"author":10,"featured_media":10794,"comment_status":"closed","ping_status":"closed","sticky":true,"template":"","format":"standard","meta":{"_bbp_topic_count":0,"_bbp_reply_count":0,"_bbp_total_topic_count":0,"_bbp_total_reply_count":0,"_bbp_voice_count":0,"_bbp_anonymous_reply_count":0,"_bbp_topic_count_hidden":0,"_bbp_reply_count_hidden":0,"_bbp_forum_subforum_count":0,"site-sidebar-layout":"default","site-content-layout":"","ast-site-content-layout":"","site-content-style":"default","site-sidebar-style":"default","ast-global-header-display":"","ast-banner-title-visibility":"","ast-main-header-display":"","ast-hfb-above-header-display":"","ast-hfb-below-header-display":"","ast-hfb-mobile-header-display":"","site-post-title":"","ast-breadcrumbs-content":"","ast-featured-img":"","footer-sml-layout":"","theme-transparent-header-meta":"","adv-header-id-meta":"","stick-header-meta":"","header-above-stick-meta":"","header-main-stick-meta":"","header-below-stick-meta":"","astra-migrate-meta-layouts":"default","ast-page-background-enabled":"default","ast-page-background-meta":{"desktop":{"background-color":"var(--ast-global-color-4)","background-image":"","background-repeat":"repeat","background-position":"center center","background-size":"auto","background-attachment":"scroll","background-type":"","background-media":"","overlay-type":"","overlay-color":"","overlay-opacity":"","overlay-gradient":""},"tablet":{"background-color":"","background-image":"","background-repeat":"repeat","background-position":"center center","background-size":"auto","background-attachment":"scroll","background-type":"","background-media":"","overlay-type":"","overlay-color":"","overlay-opacity":"","overlay-gradient":""},"mobile":{"background-color":"","background-image":"","background-repeat":"repeat","background-position":"center center","background-size":"auto","background-attachment":"scroll","background-type":"","background-media":"","overlay-type":"","overlay-color":"","overlay-opacity":"","overlay-gradient":""}},"ast-content-background-meta":{"desktop":{"background-color":"var(--ast-global-color-5)","background-image":"","background-repeat":"repeat","background-position":"center center","background-size":"auto","background-attachment":"scroll","background-type":"","background-media":"","overlay-type":"","overlay-color":"","overlay-opacity":"","overlay-gradient":""},"tablet":{"background-color":"var(--ast-global-color-5)","background-image":"","background-repeat":"repeat","background-position":"center center","background-size":"auto","background-attachment":"scroll","background-type":"","background-media":"","overlay-type":"","overlay-color":"","overlay-opacity":"","overlay-gradient":""},"mobile":{"background-color":"var(--ast-global-color-5)","background-image":"","background-repeat":"repeat","background-position":"center center","background-size":"auto","background-attachment":"scroll","background-type":"","background-media":"","overlay-type":"","overlay-color":"","overlay-opacity":"","overlay-gradient":""}},"footnotes":""},"categories":[65,29],"tags":[],"class_list":["post-10792","post","type-post","status-publish","format-standard","has-post-thumbnail","hentry","category-crp","category-portada"],"post_mailing_queue_ids":[],"_links":{"self":[{"href":"https:\/\/serveiseducatius.xtec.cat\/garraf\/wp-json\/wp\/v2\/posts\/10792","targetHints":{"allow":["GET"]}}],"collection":[{"href":"https:\/\/serveiseducatius.xtec.cat\/garraf\/wp-json\/wp\/v2\/posts"}],"about":[{"href":"https:\/\/serveiseducatius.xtec.cat\/garraf\/wp-json\/wp\/v2\/types\/post"}],"author":[{"embeddable":true,"href":"https:\/\/serveiseducatius.xtec.cat\/garraf\/wp-json\/wp\/v2\/users\/10"}],"replies":[{"embeddable":true,"href":"https:\/\/serveiseducatius.xtec.cat\/garraf\/wp-json\/wp\/v2\/comments?post=10792"}],"version-history":[{"count":3,"href":"https:\/\/serveiseducatius.xtec.cat\/garraf\/wp-json\/wp\/v2\/posts\/10792\/revisions"}],"predecessor-version":[{"id":10797,"href":"https:\/\/serveiseducatius.xtec.cat\/garraf\/wp-json\/wp\/v2\/posts\/10792\/revisions\/10797"}],"wp:featuredmedia":[{"embeddable":true,"href":"https:\/\/serveiseducatius.xtec.cat\/garraf\/wp-json\/wp\/v2\/media\/10794"}],"wp:attachment":[{"href":"https:\/\/serveiseducatius.xtec.cat\/garraf\/wp-json\/wp\/v2\/media?parent=10792"}],"wp:term":[{"taxonomy":"category","embeddable":true,"href":"https:\/\/serveiseducatius.xtec.cat\/garraf\/wp-json\/wp\/v2\/categories?post=10792"},{"taxonomy":"post_tag","embeddable":true,"href":"https:\/\/serveiseducatius.xtec.cat\/garraf\/wp-json\/wp\/v2\/tags?post=10792"}],"curies":[{"name":"wp","href":"https:\/\/api.w.org\/{rel}","templated":true}]}}