{"id":10756,"date":"2019-03-31T12:12:30","date_gmt":"2019-03-31T10:12:30","guid":{"rendered":"http:\/\/serveiseducatius.xtec.cat\/garraf\/?p=10756"},"modified":"2019-03-31T12:17:15","modified_gmt":"2019-03-31T10:17:15","slug":"plenaria-de-la-xepig-sobre-una-nova-mirada-avaluativa","status":"publish","type":"post","link":"https:\/\/serveiseducatius.xtec.cat\/garraf\/general\/plenaria-de-la-xepig-sobre-una-nova-mirada-avaluativa\/","title":{"rendered":"Plen\u00e0ria de la XEPIG sobre una nova mirada avaluativa"},"content":{"rendered":"<p style=\"text-align: justify;\">El passat dimecres 27 de mar\u00e7 va tenir lloc la taula rodona sobre &#8220;Una nova mirada avaluativa&#8221;, a la sala d&#8217;actes de UPC de Vilanova i la Geltr\u00fa, organitzada per la Xarxa d&#8217;Escoles Publiques Inquietes del Garraf (XEPIG), amb la col.laboraci\u00f3 del CRP i el MRP del Garraf.<\/p>\n<p style=\"text-align: justify;\">En aquesta taula rodona hi van prendre part dues referents importants en el m\u00f3n d<a href=\"http:\/\/serveiseducatius.xtec.cat\/garraf\/general\/plenaria-de-la-xepig-sobre-una-nova-mirada-avaluativa\/attachment\/xepig7marc\/\" rel=\"attachment wp-att-10757\"><img loading=\"lazy\" decoding=\"async\" class=\"alignright wp-image-10757\" src=\"https:\/\/serveiseducatius.xtec.cat\/garraf\/wp-content\/uploads\/usu1185\/2019\/03\/XEPIG7mar\u00e7-300x169.png\" alt=\"\" width=\"412\" height=\"232\" srcset=\"https:\/\/serveiseducatius.xtec.cat\/garraf\/wp-content\/uploads\/usu1185\/2019\/03\/XEPIG7mar\u00e7-300x169.png 300w, https:\/\/serveiseducatius.xtec.cat\/garraf\/wp-content\/uploads\/usu1185\/2019\/03\/XEPIG7mar\u00e7.png 547w\" sizes=\"auto, (max-width: 412px) 100vw, 412px\" \/><\/a>e l&#8217;avaluaci\u00f3 competencial a Catalunya, La Neus Sanmart\u00ed i la Merc\u00e8 Mas, ambdues expertes van ajudar a clarificar, posar consci\u00e8ncia i refor\u00e7ar tot all\u00f2 que els docents saben i els preocupa sobre l&#8217;avaluaci\u00f3. L&#8217;acte va estar moderat per la S\u00edlvia Mart\u00ednez Grau i van assistir m\u00e9s de cent cinquanta mestres de la nostra comarca com tamb\u00e9 d&#8217;altres territoris propers.<\/p>\n<p style=\"text-align: center;\">Us adjuntem l&#8217;<a href=\"https:\/\/canalblau.alacarta.cat\/garraf-noticies\/noticia\/la-xarxa-descoles-publiques-inquietes-del-garraf-questiona-els-sistemes-davaluacio-en-una-sessio-a-vilanova\">enlla\u00e7<\/a> de la not\u00edcia sobre la taula rodona que en va fer el Canal Blau TV.<\/p>\n<p style=\"text-align: center;\"><a href=\"https:\/\/canalblau.alacarta.cat\/garraf-noticies\/noticia\/la-xarxa-descoles-publiques-inquietes-del-garraf-questiona-els-sistemes-davaluacio-en-una-sessio-a-vilanova\">https:\/\/canalblau.alacarta.cat\/garraf-noticies\/noticia\/la-xarxa-descoles-publiques-inquietes-del-garraf-questiona-els-sistemes-davaluacio-en-una-sessio-a-vilanova<\/a><\/p>\n<p><a href=\"http:\/\/serveiseducatius.xtec.cat\/garraf\/general\/plenaria-de-la-xepig-sobre-una-nova-mirada-avaluativa\/attachment\/xepigneus\/\" rel=\"attachment wp-att-10758\"><img loading=\"lazy\" decoding=\"async\" class=\"wp-image-10758 alignleft\" src=\"https:\/\/serveiseducatius.xtec.cat\/garraf\/wp-content\/uploads\/usu1185\/2019\/03\/XEPIGNeus-300x171.png\" alt=\"\" width=\"369\" height=\"210\" srcset=\"https:\/\/serveiseducatius.xtec.cat\/garraf\/wp-content\/uploads\/usu1185\/2019\/03\/XEPIGNeus-300x171.png 300w, https:\/\/serveiseducatius.xtec.cat\/garraf\/wp-content\/uploads\/usu1185\/2019\/03\/XEPIGNeus.png 386w\" sizes=\"auto, (max-width: 369px) 100vw, 369px\" \/><\/a><a href=\"http:\/\/serveiseducatius.xtec.cat\/garraf\/general\/plenaria-de-la-xepig-sobre-una-nova-mirada-avaluativa\/attachment\/xepigcb\/\" rel=\"attachment wp-att-10759\"><img loading=\"lazy\" decoding=\"async\" class=\"wp-image-10759 alignright\" src=\"https:\/\/serveiseducatius.xtec.cat\/garraf\/wp-content\/uploads\/usu1185\/2019\/03\/XEPIGcb-300x204.png\" alt=\"\" width=\"312\" height=\"212\" srcset=\"https:\/\/serveiseducatius.xtec.cat\/garraf\/wp-content\/uploads\/usu1185\/2019\/03\/XEPIGcb-300x204.png 300w, https:\/\/serveiseducatius.xtec.cat\/garraf\/wp-content\/uploads\/usu1185\/2019\/03\/XEPIGcb.png 531w\" sizes=\"auto, (max-width: 312px) 100vw, 312px\" \/><\/a><\/p>\n<p>&nbsp;<\/p>\n","protected":false},"excerpt":{"rendered":"<p>La Neus Sanmart\u00ed i la Merc\u00e8 Mas, dues referents sobre l&#8217;avaluaci\u00f3 competencial,  a la taula rodona sobre &#8220;Una nova mirada avaluativa&#8221;,  que va organitzar la XEPIG, amb la col.laboraci\u00f3 del CRP i MRP del Garraf.<\/p>\n","protected":false},"author":10,"featured_media":10758,"comment_status":"closed","ping_status":"closed","sticky":true,"template":"","format":"standard","meta":{"_bbp_topic_count":0,"_bbp_reply_count":0,"_bbp_total_topic_count":0,"_bbp_total_reply_count":0,"_bbp_voice_count":0,"_bbp_anonymous_reply_count":0,"_bbp_topic_count_hidden":0,"_bbp_reply_count_hidden":0,"_bbp_forum_subforum_count":0,"site-sidebar-layout":"default","site-content-layout":"","ast-site-content-layout":"","site-content-style":"default","site-sidebar-style":"default","ast-global-header-display":"","ast-banner-title-visibility":"","ast-main-header-display":"","ast-hfb-above-header-display":"","ast-hfb-below-header-display":"","ast-hfb-mobile-header-display":"","site-post-title":"","ast-breadcrumbs-content":"","ast-featured-img":"","footer-sml-layout":"","theme-transparent-header-meta":"","adv-header-id-meta":"","stick-header-meta":"","header-above-stick-meta":"","header-main-stick-meta":"","header-below-stick-meta":"","astra-migrate-meta-layouts":"default","ast-page-background-enabled":"default","ast-page-background-meta":{"desktop":{"background-color":"var(--ast-global-color-4)","background-image":"","background-repeat":"repeat","background-position":"center center","background-size":"auto","background-attachment":"scroll","background-type":"","background-media":"","overlay-type":"","overlay-color":"","overlay-opacity":"","overlay-gradient":""},"tablet":{"background-color":"","background-image":"","background-repeat":"repeat","background-position":"center center","background-size":"auto","background-attachment":"scroll","background-type":"","background-media":"","overlay-type":"","overlay-color":"","overlay-opacity":"","overlay-gradient":""},"mobile":{"background-color":"","background-image":"","background-repeat":"repeat","background-position":"center center","background-size":"auto","background-attachment":"scroll","background-type":"","background-media":"","overlay-type":"","overlay-color":"","overlay-opacity":"","overlay-gradient":""}},"ast-content-background-meta":{"desktop":{"background-color":"var(--ast-global-color-5)","background-image":"","background-repeat":"repeat","background-position":"center center","background-size":"auto","background-attachment":"scroll","background-type":"","background-media":"","overlay-type":"","overlay-color":"","overlay-opacity":"","overlay-gradient":""},"tablet":{"background-color":"var(--ast-global-color-5)","background-image":"","background-repeat":"repeat","background-position":"center center","background-size":"auto","background-attachment":"scroll","background-type":"","background-media":"","overlay-type":"","overlay-color":"","overlay-opacity":"","overlay-gradient":""},"mobile":{"background-color":"var(--ast-global-color-5)","background-image":"","background-repeat":"repeat","background-position":"center center","background-size":"auto","background-attachment":"scroll","background-type":"","background-media":"","overlay-type":"","overlay-color":"","overlay-opacity":"","overlay-gradient":""}},"footnotes":""},"categories":[68,1,29],"tags":[],"class_list":["post-10756","post","type-post","status-publish","format-standard","has-post-thumbnail","hentry","category-elic","category-general","category-portada"],"post_mailing_queue_ids":[],"_links":{"self":[{"href":"https:\/\/serveiseducatius.xtec.cat\/garraf\/wp-json\/wp\/v2\/posts\/10756","targetHints":{"allow":["GET"]}}],"collection":[{"href":"https:\/\/serveiseducatius.xtec.cat\/garraf\/wp-json\/wp\/v2\/posts"}],"about":[{"href":"https:\/\/serveiseducatius.xtec.cat\/garraf\/wp-json\/wp\/v2\/types\/post"}],"author":[{"embeddable":true,"href":"https:\/\/serveiseducatius.xtec.cat\/garraf\/wp-json\/wp\/v2\/users\/10"}],"replies":[{"embeddable":true,"href":"https:\/\/serveiseducatius.xtec.cat\/garraf\/wp-json\/wp\/v2\/comments?post=10756"}],"version-history":[{"count":3,"href":"https:\/\/serveiseducatius.xtec.cat\/garraf\/wp-json\/wp\/v2\/posts\/10756\/revisions"}],"predecessor-version":[{"id":10763,"href":"https:\/\/serveiseducatius.xtec.cat\/garraf\/wp-json\/wp\/v2\/posts\/10756\/revisions\/10763"}],"wp:featuredmedia":[{"embeddable":true,"href":"https:\/\/serveiseducatius.xtec.cat\/garraf\/wp-json\/wp\/v2\/media\/10758"}],"wp:attachment":[{"href":"https:\/\/serveiseducatius.xtec.cat\/garraf\/wp-json\/wp\/v2\/media?parent=10756"}],"wp:term":[{"taxonomy":"category","embeddable":true,"href":"https:\/\/serveiseducatius.xtec.cat\/garraf\/wp-json\/wp\/v2\/categories?post=10756"},{"taxonomy":"post_tag","embeddable":true,"href":"https:\/\/serveiseducatius.xtec.cat\/garraf\/wp-json\/wp\/v2\/tags?post=10756"}],"curies":[{"name":"wp","href":"https:\/\/api.w.org\/{rel}","templated":true}]}}