{"id":10753,"date":"2019-03-31T10:51:59","date_gmt":"2019-03-31T08:51:59","guid":{"rendered":"http:\/\/serveiseducatius.xtec.cat\/garraf\/?p=10753"},"modified":"2019-03-31T12:15:50","modified_gmt":"2019-03-31T10:15:50","slug":"vi-jocs-florals-escolars-de-catalunya","status":"publish","type":"post","link":"https:\/\/serveiseducatius.xtec.cat\/garraf\/portada\/vi-jocs-florals-escolars-de-catalunya\/","title":{"rendered":"VI Jocs Florals Escolars de Catalunya"},"content":{"rendered":"<p style=\"text-align: justify;\">El Departament d\u2019Educaci\u00f3 convoca els <a href=\"http:\/\/xtec.gencat.cat\/ca\/centres\/alscentres\/premis\/jocsflorals\/1819\/\"><strong>VI Jocs Florals Escolars de Catalunya<\/strong><\/a>. Aquesta convocat\u00f2ria s\u2019adre\u00e7a als centres d\u2019educaci\u00f3 prim\u00e0ria i educaci\u00f3 secund\u00e0ria obligat\u00f2ria amb la finalitat d\u2019estimular l\u2019expressi\u00f3 escrita dels alumnes, aprofitant una tradici\u00f3 cultural ben arrelada a Catalunya que molt centres escolars de fet ja celebren.<\/p>\n<p>Les <strong>categories<\/strong> establertes s\u00f3n les seg\u00fcents:<\/p>\n<ol>\n<li>Alumnat de cicle inicial d\u2019educaci\u00f3 prim\u00e0ria<a href=\"http:\/\/serveiseducatius.xtec.cat\/garraf\/jocs-florals-escolars-de-catalunya\/attachment\/jocsflorals\/\" rel=\"attachment wp-att-965\"><img loading=\"lazy\" decoding=\"async\" class=\"alignright wp-image-965\" src=\"https:\/\/serveiseducatius.xtec.cat\/garraf\/wp-content\/uploads\/usu1185\/2015\/11\/jocsflorals-300x300.jpg\" alt=\"\" width=\"207\" height=\"207\" \/><\/a><\/li>\n<li>Alumnat de cicle mitj\u00e0 d\u2019educaci\u00f3 prim\u00e0ria<\/li>\n<li>Alumnat de cicle superior d\u2019educaci\u00f3 prim\u00e0ria<\/li>\n<li>Alumnat d\u2019educaci\u00f3 especial d\u2019educaci\u00f3 prim\u00e0ria<\/li>\n<li>Alumnat d\u2019educaci\u00f3 especial d\u2019educaci\u00f3 secund\u00e0ria obligat\u00f2ria<\/li>\n<li>Alumnat de 1r i 2n d\u2019educaci\u00f3 secund\u00e0ria obligat\u00f2ria<\/li>\n<li>Alumnat de 3r i 4t d\u2019educaci\u00f3 secund\u00e0ria obligat\u00f2ria<\/li>\n<li>Conte audiovisual o il\u00b7lustrat per a tots els alumnes de prim\u00e0ria<\/li>\n<\/ol>\n<p>Veure <a href=\"https:\/\/drive.google.com\/file\/d\/1Hty74dA7llWIqTMDA9gjxPvc5iaOnwBW\/view\"><u>les bases dels VI Jocs Florals de Catalunya<\/u><\/a><\/p>\n<p style=\"text-align: justify;\">La categoria H, fruit de la col\u00b7laboraci\u00f3 entre la Televisi\u00f3 de Catalunya i el Departament d\u2019Educaci\u00f3, t\u00e9 l\u2019objectiu de promoure la creaci\u00f3 liter\u00e0ria potenciant el treball interdisciplinari des de l\u2019\u00e0mbit ling\u00fc\u00edstic, l\u2019\u00e0mbit digital i l\u2019\u00e0mbit art\u00edstic.<\/p>\n<p>Veure <a href=\"https:\/\/drive.google.com\/file\/d\/1Svg5aaFhMPVTvLZOcyaufA0yAWxqPNgG\/view\"><u>les Bases de la categoria H: Conte audiovisual il\u00b7lustrat<\/u><\/a>.<\/p>\n<p style=\"text-align: justify;\">En el bloc <a href=\"https:\/\/blocs.xtec.cat\/jocsflorals-conteaudiovisual\/projecte\/#_ga=2.245722500.1808184058.1549886959-1509016055.1527233631\"><u>Conte audiovisual il\u00b7lustrat<\/u><\/a> podeu trobar una proposta per a treballar el conte audiovisual com a projecte interdisciplinari, aix\u00ed com un llistat de recursos d\u2019\u00e0udio i v\u00eddeo que es poden utilitzar per a l\u2019elaboraci\u00f3 del conte audiovisual.<\/p>\n<p>Els Jocs\u00a0 Florals Escolar consten de tres fases:<\/p>\n<p><strong>Primera fase<\/strong><\/p>\n<p>Selecci\u00f3 dels treballs dels diferents Serveis Educatius.<\/p>\n<p style=\"text-align: justify;\">Cada centre participant haur\u00e0 de triar <strong>un text per a cada categoria<\/strong> (consultar les <u>bases adjuntes<\/u> i les <u>bases de la categoria H<\/u>) i s\u2019enviaran com un document adjunt als Serveis educatius del Garraf (crp-garraf@xtec.cat) <strong>abans del dia 29 d\u2019abril de 2019 i en format digital.<\/strong><\/p>\n<p>Els treballs dels alumnes hauran d\u2019anar signats amb pseud\u00f2nim.<\/p>\n<p>La setmana del 30 d\u2019abril al 3 de maig el Servei educatiu constituir\u00e0 un jurat format per:<\/p>\n<ul>\n<li>Un o dos membres dels serveis educatius (CRP o ELIC).<\/li>\n<li style=\"text-align: justify;\">Dos\/dues mestres o professors\/es dels diferents nivells educatius, educaci\u00f3 prim\u00e0ria i secundaria obligat\u00f2ria.<\/li>\n<li>Un\/a autor\/a o personalitat reconeguda del m\u00f3n literari infantil i juvenil vinculada al territori.<\/li>\n<li>Un professional de l\u2019administraci\u00f3 educativa o de l\u2019administraci\u00f3 local del territori.<\/li>\n<\/ul>\n<p style=\"text-align: justify;\">Entre els treballs presentats el jurat n\u2019escollir\u00e0 un per categoria i es far\u00e0 arribar als Serveis Territorials de Barcelona Comarques abans del dia 8 de maig.<\/p>\n<p><strong>\u00a0<\/strong><\/p>\n<p><strong>Segona fase<\/strong><\/p>\n<p>D\u2019entre tots els treballs seleccionats en la primera fase, el jurat del Servei Territorial constitu\u00eft per professionals amb els mateixos perfils que els de la primera fases n\u2019escollir\u00e0 vuit, un per cada categoria, que passaran a la tercera fase.<\/p>\n<p style=\"text-align: justify;\">Tots els centres participants finalistes podran assistir a <strong>la final territorial que es desenvolupar\u00e0 el 17 de maig a la Casa del mar<\/strong>, carrer Albareda, 1-3 de Barcelona.<\/p>\n<p>&nbsp;<\/p>\n<p><strong>Tercera fase<\/strong><\/p>\n<p style=\"text-align: justify;\">La<strong> final del Jocs Florals Escolars de Catalunya es far\u00e0 el dissabte 15 de juny de 2019 a les 12h a l\u2019Institut Nacional d\u2019Educaci\u00f3 F\u00edsica de Catalunya<\/strong> (avda. de l\u2019Estadi, s\/n. Anella Ol\u00edmpica, Barcelona). Els treballs guardonats es penjaran al web de la XTEC.<\/p>\n<p>&nbsp;<\/p>\n<p>Podeu trobar tota la informaci\u00f3 al <a href=\"http:\/\/xtec.gencat.cat\/ca\/centres\/alscentres\/premis\/jocsflorals\/\">web dels Jocs Florals Escolars de Catalunya<\/a>.<\/p>\n","protected":false},"excerpt":{"rendered":"<p>Cada centre participant haur\u00e0 de triar un text per a cada categoria i s\u2019enviaran en format digital com un document adjunt als Serveis educatius del Garraf (crp-garraf xtec.cat) abans del dia 29 d\u2019abril de 2019.<\/p>\n","protected":false},"author":10,"featured_media":0,"comment_status":"closed","ping_status":"closed","sticky":true,"template":"","format":"standard","meta":{"_bbp_topic_count":0,"_bbp_reply_count":0,"_bbp_total_topic_count":0,"_bbp_total_reply_count":0,"_bbp_voice_count":0,"_bbp_anonymous_reply_count":0,"_bbp_topic_count_hidden":0,"_bbp_reply_count_hidden":0,"_bbp_forum_subforum_count":0,"site-sidebar-layout":"default","site-content-layout":"","ast-site-content-layout":"","site-content-style":"default","site-sidebar-style":"default","ast-global-header-display":"","ast-banner-title-visibility":"","ast-main-header-display":"","ast-hfb-above-header-display":"","ast-hfb-below-header-display":"","ast-hfb-mobile-header-display":"","site-post-title":"","ast-breadcrumbs-content":"","ast-featured-img":"","footer-sml-layout":"","theme-transparent-header-meta":"","adv-header-id-meta":"","stick-header-meta":"","header-above-stick-meta":"","header-main-stick-meta":"","header-below-stick-meta":"","astra-migrate-meta-layouts":"default","ast-page-background-enabled":"default","ast-page-background-meta":{"desktop":{"background-color":"var(--ast-global-color-4)","background-image":"","background-repeat":"repeat","background-position":"center center","background-size":"auto","background-attachment":"scroll","background-type":"","background-media":"","overlay-type":"","overlay-color":"","overlay-opacity":"","overlay-gradient":""},"tablet":{"background-color":"","background-image":"","background-repeat":"repeat","background-position":"center center","background-size":"auto","background-attachment":"scroll","background-type":"","background-media":"","overlay-type":"","overlay-color":"","overlay-opacity":"","overlay-gradient":""},"mobile":{"background-color":"","background-image":"","background-repeat":"repeat","background-position":"center center","background-size":"auto","background-attachment":"scroll","background-type":"","background-media":"","overlay-type":"","overlay-color":"","overlay-opacity":"","overlay-gradient":""}},"ast-content-background-meta":{"desktop":{"background-color":"var(--ast-global-color-5)","background-image":"","background-repeat":"repeat","background-position":"center center","background-size":"auto","background-attachment":"scroll","background-type":"","background-media":"","overlay-type":"","overlay-color":"","overlay-opacity":"","overlay-gradient":""},"tablet":{"background-color":"var(--ast-global-color-5)","background-image":"","background-repeat":"repeat","background-position":"center center","background-size":"auto","background-attachment":"scroll","background-type":"","background-media":"","overlay-type":"","overlay-color":"","overlay-opacity":"","overlay-gradient":""},"mobile":{"background-color":"var(--ast-global-color-5)","background-image":"","background-repeat":"repeat","background-position":"center center","background-size":"auto","background-attachment":"scroll","background-type":"","background-media":"","overlay-type":"","overlay-color":"","overlay-opacity":"","overlay-gradient":""}},"footnotes":""},"categories":[68,29],"tags":[],"class_list":["post-10753","post","type-post","status-publish","format-standard","hentry","category-elic","category-portada"],"post_mailing_queue_ids":[],"_links":{"self":[{"href":"https:\/\/serveiseducatius.xtec.cat\/garraf\/wp-json\/wp\/v2\/posts\/10753","targetHints":{"allow":["GET"]}}],"collection":[{"href":"https:\/\/serveiseducatius.xtec.cat\/garraf\/wp-json\/wp\/v2\/posts"}],"about":[{"href":"https:\/\/serveiseducatius.xtec.cat\/garraf\/wp-json\/wp\/v2\/types\/post"}],"author":[{"embeddable":true,"href":"https:\/\/serveiseducatius.xtec.cat\/garraf\/wp-json\/wp\/v2\/users\/10"}],"replies":[{"embeddable":true,"href":"https:\/\/serveiseducatius.xtec.cat\/garraf\/wp-json\/wp\/v2\/comments?post=10753"}],"version-history":[{"count":2,"href":"https:\/\/serveiseducatius.xtec.cat\/garraf\/wp-json\/wp\/v2\/posts\/10753\/revisions"}],"predecessor-version":[{"id":10755,"href":"https:\/\/serveiseducatius.xtec.cat\/garraf\/wp-json\/wp\/v2\/posts\/10753\/revisions\/10755"}],"wp:attachment":[{"href":"https:\/\/serveiseducatius.xtec.cat\/garraf\/wp-json\/wp\/v2\/media?parent=10753"}],"wp:term":[{"taxonomy":"category","embeddable":true,"href":"https:\/\/serveiseducatius.xtec.cat\/garraf\/wp-json\/wp\/v2\/categories?post=10753"},{"taxonomy":"post_tag","embeddable":true,"href":"https:\/\/serveiseducatius.xtec.cat\/garraf\/wp-json\/wp\/v2\/tags?post=10753"}],"curies":[{"name":"wp","href":"https:\/\/api.w.org\/{rel}","templated":true}]}}