{"id":10726,"date":"2019-03-19T16:28:19","date_gmt":"2019-03-19T15:28:19","guid":{"rendered":"http:\/\/serveiseducatius.xtec.cat\/garraf\/?p=10726"},"modified":"2019-03-28T12:47:48","modified_gmt":"2019-03-28T11:47:48","slug":"taula-rodona-de-la-xepig-per-una-nova-mirada-avaluativa","status":"publish","type":"post","link":"https:\/\/serveiseducatius.xtec.cat\/garraf\/general\/taula-rodona-de-la-xepig-per-una-nova-mirada-avaluativa\/","title":{"rendered":"Taula rodona de la XEPIG &#8220;Per una nova mirada avaluativa&#8221;"},"content":{"rendered":"<p>&nbsp;<\/p>\n<table style=\"border-collapse: collapse; width: 100%;\" border=\"1\">\n<tbody>\n<tr style=\"height: 411px;\">\n<td style=\"width: 50.2204%; height: 411px;\">\n<p style=\"text-align: justify;\">El proper dimecres, 27 de mar\u00e7. a les 18h a la sala d&#8217;actes de la UPC de Vilanova i la Geltr\u00fa (Avda. Victor Balaguer 1), tindr\u00e0 lloc una taula rodona sobre avaluaci\u00f3 amb el t\u00edtol &#8220;Per una nova mirada avaluativa&#8221; que organitza la Xarxa d&#8217;Escoles P\u00fabliques Inquietes del Garraf.<\/p>\n<p style=\"text-align: justify;\">En aquesta taula rodona hi participaran dues referents importants en el m\u00f3n de l&#8217;avaluaci\u00f3 a Catalunya: la Neus Sanmart\u00ed i la Merc\u00e8 Mas. L&#8217;acte estar\u00e0 moderat per la S\u00edlvia Mart\u00ednez Grau.<\/p>\n<p dir=\"ltr\" style=\"text-align: justify;\">Pensem que \u00e9s una oportunitat immillorable per convertir la nostra comarca en l&#8217;epicentre de la transformaci\u00f3 avaluativa i per aix\u00f2 convidem a tothom a poder formar-ne part, estigui inscrit o no a la formaci\u00f3 de la xarxa.<\/p>\n<p>Nom\u00e9s cal inscriure&#8217;s en el formulari seg\u00fcent:<\/p>\n<p style=\"text-align: center;\"><a href=\"https:\/\/goo.gl\/forms\/T0zd4l0QbDhXAmgc2\">https:\/\/goo.gl\/forms\/T0zd4l0QbDhXAmgc2<\/a><\/p>\n<h4><span style=\"color: #ff0000;\"><span style=\"color: #00ccff;\"><em><span style=\"color: #008cff;\">Us hi esperem!!!<\/span><\/em><\/span><\/span><\/h4>\n<\/td>\n<td style=\"width: 39.7796%; background-color: #e5dba5; border-color: #faf5f5; height: 411px;\"><img loading=\"lazy\" decoding=\"async\" class=\"wp-image-10727 aligncenter\" src=\"https:\/\/serveiseducatius.xtec.cat\/garraf\/wp-content\/uploads\/usu1185\/2019\/03\/cartell-Avaluaci\u00f3-27-mar\u00e7-XEPIG-212x300.png\" alt=\"\" width=\"280\" height=\"397\" srcset=\"https:\/\/serveiseducatius.xtec.cat\/garraf\/wp-content\/uploads\/usu1185\/2019\/03\/cartell-Avaluaci\u00f3-27-mar\u00e7-XEPIG-212x300.png 212w, https:\/\/serveiseducatius.xtec.cat\/garraf\/wp-content\/uploads\/usu1185\/2019\/03\/cartell-Avaluaci\u00f3-27-mar\u00e7-XEPIG-768x1086.png 768w, https:\/\/serveiseducatius.xtec.cat\/garraf\/wp-content\/uploads\/usu1185\/2019\/03\/cartell-Avaluaci\u00f3-27-mar\u00e7-XEPIG-724x1024.png 724w, https:\/\/serveiseducatius.xtec.cat\/garraf\/wp-content\/uploads\/usu1185\/2019\/03\/cartell-Avaluaci\u00f3-27-mar\u00e7-XEPIG.png 1587w\" sizes=\"auto, (max-width: 280px) 100vw, 280px\" \/><\/td>\n<\/tr>\n<\/tbody>\n<\/table>\n<table style=\"border-collapse: collapse; width: 100%;\" border=\"1\">\n<tbody>\n<tr>\n<td style=\"width: 49.9399%;\" colspan=\"3\"><a href=\"http:\/\/serveiseducatius.xtec.cat\/garraf\/general\/taula-rodona-de-la-xepig-per-una-nova-mirada-avaluativa\/attachment\/fotos\/\" rel=\"attachment wp-att-10737\"><img loading=\"lazy\" decoding=\"async\" class=\"alignright wp-image-10737\" src=\"https:\/\/serveiseducatius.xtec.cat\/garraf\/wp-content\/uploads\/usu1185\/2019\/03\/fotos-300x61.png\" alt=\"\" width=\"825\" height=\"165\" \/><\/a><\/td>\n<td style=\"width: 25%;\"><img loading=\"lazy\" decoding=\"async\" class=\"wp-image-10734 aligncenter\" src=\"https:\/\/serveiseducatius.xtec.cat\/garraf\/wp-content\/uploads\/usu1185\/2019\/03\/Logo-Xepig-300x244.jpg\" alt=\"\" width=\"165\" height=\"134\" srcset=\"https:\/\/serveiseducatius.xtec.cat\/garraf\/wp-content\/uploads\/usu1185\/2019\/03\/Logo-Xepig-300x244.jpg 300w, https:\/\/serveiseducatius.xtec.cat\/garraf\/wp-content\/uploads\/usu1185\/2019\/03\/Logo-Xepig.jpg 323w\" sizes=\"auto, (max-width: 165px) 100vw, 165px\" \/><\/td>\n<\/tr>\n<\/tbody>\n<\/table>\n<p>&nbsp;<\/p>\n","protected":false},"excerpt":{"rendered":"<p>El proper dimecres, 27 de mar\u00e7. a les 18h a la sala d&#8217;actes de la UPC de Vilanova i la Geltr\u00fa, taula rodona &#8220;per una nova mirada avaluativa&#8221; amb la Neus Sanmart\u00ed, la Merc\u00e8 Mas i la S\u00edlvia Mart\u00ednez Grau, que far\u00e0 de moderadora-<\/p>\n","protected":false},"author":10,"featured_media":10727,"comment_status":"closed","ping_status":"closed","sticky":false,"template":"","format":"standard","meta":{"_bbp_topic_count":0,"_bbp_reply_count":0,"_bbp_total_topic_count":0,"_bbp_total_reply_count":0,"_bbp_voice_count":0,"_bbp_anonymous_reply_count":0,"_bbp_topic_count_hidden":0,"_bbp_reply_count_hidden":0,"_bbp_forum_subforum_count":0,"site-sidebar-layout":"default","site-content-layout":"","ast-site-content-layout":"","site-content-style":"default","site-sidebar-style":"default","ast-global-header-display":"","ast-banner-title-visibility":"","ast-main-header-display":"","ast-hfb-above-header-display":"","ast-hfb-below-header-display":"","ast-hfb-mobile-header-display":"","site-post-title":"","ast-breadcrumbs-content":"","ast-featured-img":"","footer-sml-layout":"","theme-transparent-header-meta":"","adv-header-id-meta":"","stick-header-meta":"","header-above-stick-meta":"","header-main-stick-meta":"","header-below-stick-meta":"","astra-migrate-meta-layouts":"default","ast-page-background-enabled":"default","ast-page-background-meta":{"desktop":{"background-color":"var(--ast-global-color-4)","background-image":"","background-repeat":"repeat","background-position":"center center","background-size":"auto","background-attachment":"scroll","background-type":"","background-media":"","overlay-type":"","overlay-color":"","overlay-opacity":"","overlay-gradient":""},"tablet":{"background-color":"","background-image":"","background-repeat":"repeat","background-position":"center center","background-size":"auto","background-attachment":"scroll","background-type":"","background-media":"","overlay-type":"","overlay-color":"","overlay-opacity":"","overlay-gradient":""},"mobile":{"background-color":"","background-image":"","background-repeat":"repeat","background-position":"center center","background-size":"auto","background-attachment":"scroll","background-type":"","background-media":"","overlay-type":"","overlay-color":"","overlay-opacity":"","overlay-gradient":""}},"ast-content-background-meta":{"desktop":{"background-color":"var(--ast-global-color-5)","background-image":"","background-repeat":"repeat","background-position":"center center","background-size":"auto","background-attachment":"scroll","background-type":"","background-media":"","overlay-type":"","overlay-color":"","overlay-opacity":"","overlay-gradient":""},"tablet":{"background-color":"var(--ast-global-color-5)","background-image":"","background-repeat":"repeat","background-position":"center center","background-size":"auto","background-attachment":"scroll","background-type":"","background-media":"","overlay-type":"","overlay-color":"","overlay-opacity":"","overlay-gradient":""},"mobile":{"background-color":"var(--ast-global-color-5)","background-image":"","background-repeat":"repeat","background-position":"center center","background-size":"auto","background-attachment":"scroll","background-type":"","background-media":"","overlay-type":"","overlay-color":"","overlay-opacity":"","overlay-gradient":""}},"footnotes":""},"categories":[65,1,29],"tags":[],"class_list":["post-10726","post","type-post","status-publish","format-standard","has-post-thumbnail","hentry","category-crp","category-general","category-portada"],"post_mailing_queue_ids":[],"_links":{"self":[{"href":"https:\/\/serveiseducatius.xtec.cat\/garraf\/wp-json\/wp\/v2\/posts\/10726","targetHints":{"allow":["GET"]}}],"collection":[{"href":"https:\/\/serveiseducatius.xtec.cat\/garraf\/wp-json\/wp\/v2\/posts"}],"about":[{"href":"https:\/\/serveiseducatius.xtec.cat\/garraf\/wp-json\/wp\/v2\/types\/post"}],"author":[{"embeddable":true,"href":"https:\/\/serveiseducatius.xtec.cat\/garraf\/wp-json\/wp\/v2\/users\/10"}],"replies":[{"embeddable":true,"href":"https:\/\/serveiseducatius.xtec.cat\/garraf\/wp-json\/wp\/v2\/comments?post=10726"}],"version-history":[{"count":4,"href":"https:\/\/serveiseducatius.xtec.cat\/garraf\/wp-json\/wp\/v2\/posts\/10726\/revisions"}],"predecessor-version":[{"id":10741,"href":"https:\/\/serveiseducatius.xtec.cat\/garraf\/wp-json\/wp\/v2\/posts\/10726\/revisions\/10741"}],"wp:featuredmedia":[{"embeddable":true,"href":"https:\/\/serveiseducatius.xtec.cat\/garraf\/wp-json\/wp\/v2\/media\/10727"}],"wp:attachment":[{"href":"https:\/\/serveiseducatius.xtec.cat\/garraf\/wp-json\/wp\/v2\/media?parent=10726"}],"wp:term":[{"taxonomy":"category","embeddable":true,"href":"https:\/\/serveiseducatius.xtec.cat\/garraf\/wp-json\/wp\/v2\/categories?post=10726"},{"taxonomy":"post_tag","embeddable":true,"href":"https:\/\/serveiseducatius.xtec.cat\/garraf\/wp-json\/wp\/v2\/tags?post=10726"}],"curies":[{"name":"wp","href":"https:\/\/api.w.org\/{rel}","templated":true}]}}