{"id":10715,"date":"2019-03-14T17:00:44","date_gmt":"2019-03-14T16:00:44","guid":{"rendered":"http:\/\/serveiseducatius.xtec.cat\/garraf\/?p=10715"},"modified":"2019-03-15T07:20:58","modified_gmt":"2019-03-15T06:20:58","slug":"conferencia-de-jaume-funes-als-actes-del-10e-aniversari-de-linstitut-les-vinyes","status":"publish","type":"post","link":"https:\/\/serveiseducatius.xtec.cat\/garraf\/portada\/conferencia-de-jaume-funes-als-actes-del-10e-aniversari-de-linstitut-les-vinyes\/","title":{"rendered":"Confer\u00e8ncia de Jaume Funes als actes del 10\u00e8 Aniversari de l&#8217;Institut Les Vinyes"},"content":{"rendered":"<table style=\"border-collapse: collapse; width: 100%;\" border=\"1\">\n<tbody>\n<tr>\n<td style=\"width: 66.5998%;\" colspan=\"2\">\n<p style=\"text-align: justify;\">Dins dels activitats organitzades per celebrar el 10\u00e8 aniversari de l&#8217;Institut Les Vinyes de Cubelles, han programat per al 10 d&#8217;abril a les 18h. una confer\u00e8ncia &#8220;<em>Estima&#8217;m quan menys m&#8217;ho mereixi &#8230; perqu\u00e8 \u00e9s quan m\u00e9s ho necessito. Una guia per a pares i mestres d&#8217;adolescents<\/em>&#8221; a c\u00e0rrec del Jaume Funes,<\/p>\n<p style=\"text-align: justify;\">En Jaume Funes \u00e9s psic\u00f2leg, educador i periodista, que ha dedicat bona part de la seva vida professional al m\u00f3n dels adolescents i joves i al les seves dificultats socials. \u00c9s l&#8217;autor del llibre <em>&#8220;Educar en la adolesc\u00e8ncia. 9 ideas clave&#8221;\u00a0<\/em>(2010), on fa una s\u00edntesi de tot all\u00f2 que com diu ell mateix: &#8220;<em>he apr\u00e9s amb ells i elles<\/em>&#8221; .<\/p>\n<p style=\"text-align: center;\">\n<\/td>\n<td style=\"width: 33.3333%; text-align: left;\"><a href=\"http:\/\/serveiseducatius.xtec.cat\/garraf\/portada\/conferencia-de-jaume-funes-als-actes-del-10e-aniversari-de-linstitut-les-vinyes\/attachment\/jaume-funes-educacio-mestre\/\" rel=\"attachment wp-att-10716\"><img loading=\"lazy\" decoding=\"async\" class=\"alignright size-medium wp-image-10716\" src=\"https:\/\/serveiseducatius.xtec.cat\/garraf\/wp-content\/uploads\/usu1185\/2019\/03\/jaume-funes-educacio-mestre-300x195.jpg\" alt=\"\" width=\"300\" height=\"195\" srcset=\"https:\/\/serveiseducatius.xtec.cat\/garraf\/wp-content\/uploads\/usu1185\/2019\/03\/jaume-funes-educacio-mestre-300x195.jpg 300w, https:\/\/serveiseducatius.xtec.cat\/garraf\/wp-content\/uploads\/usu1185\/2019\/03\/jaume-funes-educacio-mestre-768x500.jpg 768w, https:\/\/serveiseducatius.xtec.cat\/garraf\/wp-content\/uploads\/usu1185\/2019\/03\/jaume-funes-educacio-mestre-1024x666.jpg 1024w, https:\/\/serveiseducatius.xtec.cat\/garraf\/wp-content\/uploads\/usu1185\/2019\/03\/jaume-funes-educacio-mestre.jpg 1200w\" sizes=\"auto, (max-width: 300px) 100vw, 300px\" \/><\/a><\/td>\n<\/tr>\n<tr>\n<td style=\"width: 33.3333%;\">\u00a0<a href=\"http:\/\/serveiseducatius.xtec.cat\/garraf\/portada\/conferencia-de-jaume-funes-als-actes-del-10e-aniversari-de-linstitut-les-vinyes\/attachment\/nou-llibre-jaume-funes_2008609282_53508501_532x821\/\" rel=\"attachment wp-att-10717\"><img loading=\"lazy\" decoding=\"async\" class=\"wp-image-10717 aligncenter\" src=\"https:\/\/serveiseducatius.xtec.cat\/garraf\/wp-content\/uploads\/usu1185\/2019\/03\/Nou-llibre-Jaume-Funes_2008609282_53508501_532x821-195x300.jpg\" alt=\"\" width=\"118\" height=\"182\" srcset=\"https:\/\/serveiseducatius.xtec.cat\/garraf\/wp-content\/uploads\/usu1185\/2019\/03\/Nou-llibre-Jaume-Funes_2008609282_53508501_532x821-195x300.jpg 195w, https:\/\/serveiseducatius.xtec.cat\/garraf\/wp-content\/uploads\/usu1185\/2019\/03\/Nou-llibre-Jaume-Funes_2008609282_53508501_532x821.jpg 532w\" sizes=\"auto, (max-width: 118px) 100vw, 118px\" \/><\/a><\/td>\n<td style=\"width: 66.5998%;\" colspan=\"2\">\u00a0<a href=\"http:\/\/serveiseducatius.xtec.cat\/garraf\/portada\/conferencia-de-jaume-funes-als-actes-del-10e-aniversari-de-linstitut-les-vinyes\/attachment\/10_aniversari-les-vinyesjpg\/\" rel=\"attachment wp-att-10718\"><img loading=\"lazy\" decoding=\"async\" class=\"wp-image-10718 alignright\" src=\"https:\/\/serveiseducatius.xtec.cat\/garraf\/wp-content\/uploads\/usu1185\/2019\/03\/10_aniversari.-les-vinyesjpg-300x259.jpg\" alt=\"\" width=\"193\" height=\"166\" srcset=\"https:\/\/serveiseducatius.xtec.cat\/garraf\/wp-content\/uploads\/usu1185\/2019\/03\/10_aniversari.-les-vinyesjpg-300x259.jpg 300w, https:\/\/serveiseducatius.xtec.cat\/garraf\/wp-content\/uploads\/usu1185\/2019\/03\/10_aniversari.-les-vinyesjpg-768x663.jpg 768w, https:\/\/serveiseducatius.xtec.cat\/garraf\/wp-content\/uploads\/usu1185\/2019\/03\/10_aniversari.-les-vinyesjpg-1024x884.jpg 1024w, https:\/\/serveiseducatius.xtec.cat\/garraf\/wp-content\/uploads\/usu1185\/2019\/03\/10_aniversari.-les-vinyesjpg.jpg 1446w\" sizes=\"auto, (max-width: 193px) 100vw, 193px\" \/><\/a><\/p>\n<p style=\"text-align: justify;\">Aquesta confer\u00e8ncia es oberta a tothom que estigui interessat\/da i es realitzar\u00e0 a la sala d&#8217;actes de l&#8217;Institut Les Vinyes (Av. Onze de Setembre, 66 de Cubelles) a les 18h.<\/p>\n<p style=\"text-align: center;\"><span style=\"color: #000000;\">Per assistir-hi cal inscripci\u00f3 pr\u00e8via a: a8067648@xtec.cat<\/span><\/p>\n<\/td>\n<\/tr>\n<\/tbody>\n<\/table>\n","protected":false},"excerpt":{"rendered":"<p>El 10 d&#8217;abril confer\u00e8ncia de Jaume Funes, Estima&#8217;m quan menys m&#8217;ho mereixi &#8230; perqu\u00e8 \u00e9s quan m\u00e9s ho necessito. Una guia per a pares i mestres adolescents&#8221; dins dels actes del 10\u00e8 aniversari de l&#8217;Institut Les Vinyes de Cubelles<\/p>\n","protected":false},"author":10,"featured_media":10719,"comment_status":"closed","ping_status":"closed","sticky":true,"template":"","format":"standard","meta":{"_bbp_topic_count":0,"_bbp_reply_count":0,"_bbp_total_topic_count":0,"_bbp_total_reply_count":0,"_bbp_voice_count":0,"_bbp_anonymous_reply_count":0,"_bbp_topic_count_hidden":0,"_bbp_reply_count_hidden":0,"_bbp_forum_subforum_count":0,"site-sidebar-layout":"default","site-content-layout":"","ast-site-content-layout":"","site-content-style":"default","site-sidebar-style":"default","ast-global-header-display":"","ast-banner-title-visibility":"","ast-main-header-display":"","ast-hfb-above-header-display":"","ast-hfb-below-header-display":"","ast-hfb-mobile-header-display":"","site-post-title":"","ast-breadcrumbs-content":"","ast-featured-img":"","footer-sml-layout":"","theme-transparent-header-meta":"","adv-header-id-meta":"","stick-header-meta":"","header-above-stick-meta":"","header-main-stick-meta":"","header-below-stick-meta":"","astra-migrate-meta-layouts":"default","ast-page-background-enabled":"default","ast-page-background-meta":{"desktop":{"background-color":"var(--ast-global-color-4)","background-image":"","background-repeat":"repeat","background-position":"center center","background-size":"auto","background-attachment":"scroll","background-type":"","background-media":"","overlay-type":"","overlay-color":"","overlay-opacity":"","overlay-gradient":""},"tablet":{"background-color":"","background-image":"","background-repeat":"repeat","background-position":"center center","background-size":"auto","background-attachment":"scroll","background-type":"","background-media":"","overlay-type":"","overlay-color":"","overlay-opacity":"","overlay-gradient":""},"mobile":{"background-color":"","background-image":"","background-repeat":"repeat","background-position":"center center","background-size":"auto","background-attachment":"scroll","background-type":"","background-media":"","overlay-type":"","overlay-color":"","overlay-opacity":"","overlay-gradient":""}},"ast-content-background-meta":{"desktop":{"background-color":"var(--ast-global-color-5)","background-image":"","background-repeat":"repeat","background-position":"center center","background-size":"auto","background-attachment":"scroll","background-type":"","background-media":"","overlay-type":"","overlay-color":"","overlay-opacity":"","overlay-gradient":""},"tablet":{"background-color":"var(--ast-global-color-5)","background-image":"","background-repeat":"repeat","background-position":"center center","background-size":"auto","background-attachment":"scroll","background-type":"","background-media":"","overlay-type":"","overlay-color":"","overlay-opacity":"","overlay-gradient":""},"mobile":{"background-color":"var(--ast-global-color-5)","background-image":"","background-repeat":"repeat","background-position":"center center","background-size":"auto","background-attachment":"scroll","background-type":"","background-media":"","overlay-type":"","overlay-color":"","overlay-opacity":"","overlay-gradient":""}},"footnotes":""},"categories":[65,29],"tags":[],"class_list":["post-10715","post","type-post","status-publish","format-standard","has-post-thumbnail","hentry","category-crp","category-portada"],"post_mailing_queue_ids":[],"_links":{"self":[{"href":"https:\/\/serveiseducatius.xtec.cat\/garraf\/wp-json\/wp\/v2\/posts\/10715","targetHints":{"allow":["GET"]}}],"collection":[{"href":"https:\/\/serveiseducatius.xtec.cat\/garraf\/wp-json\/wp\/v2\/posts"}],"about":[{"href":"https:\/\/serveiseducatius.xtec.cat\/garraf\/wp-json\/wp\/v2\/types\/post"}],"author":[{"embeddable":true,"href":"https:\/\/serveiseducatius.xtec.cat\/garraf\/wp-json\/wp\/v2\/users\/10"}],"replies":[{"embeddable":true,"href":"https:\/\/serveiseducatius.xtec.cat\/garraf\/wp-json\/wp\/v2\/comments?post=10715"}],"version-history":[{"count":3,"href":"https:\/\/serveiseducatius.xtec.cat\/garraf\/wp-json\/wp\/v2\/posts\/10715\/revisions"}],"predecessor-version":[{"id":10722,"href":"https:\/\/serveiseducatius.xtec.cat\/garraf\/wp-json\/wp\/v2\/posts\/10715\/revisions\/10722"}],"wp:featuredmedia":[{"embeddable":true,"href":"https:\/\/serveiseducatius.xtec.cat\/garraf\/wp-json\/wp\/v2\/media\/10719"}],"wp:attachment":[{"href":"https:\/\/serveiseducatius.xtec.cat\/garraf\/wp-json\/wp\/v2\/media?parent=10715"}],"wp:term":[{"taxonomy":"category","embeddable":true,"href":"https:\/\/serveiseducatius.xtec.cat\/garraf\/wp-json\/wp\/v2\/categories?post=10715"},{"taxonomy":"post_tag","embeddable":true,"href":"https:\/\/serveiseducatius.xtec.cat\/garraf\/wp-json\/wp\/v2\/tags?post=10715"}],"curies":[{"name":"wp","href":"https:\/\/api.w.org\/{rel}","templated":true}]}}