{"id":10656,"date":"2019-03-10T12:05:35","date_gmt":"2019-03-10T11:05:35","guid":{"rendered":"http:\/\/serveiseducatius.xtec.cat\/garraf\/?p=10656"},"modified":"2019-03-10T12:07:06","modified_gmt":"2019-03-10T11:07:06","slug":"2-dabril-dia-internacional-del-llibre-infantil","status":"publish","type":"post","link":"https:\/\/serveiseducatius.xtec.cat\/garraf\/portada\/2-dabril-dia-internacional-del-llibre-infantil\/","title":{"rendered":"2 d&#8217;abril, Dia Internacional del Llibre Infantil"},"content":{"rendered":"<table style=\"border-collapse: collapse; width: 100%;\" border=\"1\">\n<tbody>\n<tr style=\"height: 328px;\">\n<td style=\"width: 70.7294%; height: 328px;\">\n<p style=\"text-align: justify;\">El dia 2 d&#8217;abril se celebra a tot el m\u00f3n el <a href=\"https:\/\/www.oepli.org\/ca\/Dia-Internacional-Libro-Infantil\">DIA INTERNACIONAL DEL LLIBRE INFANTIL<\/a> per commemorar el naixement de Hans Christian Andersen.<\/p>\n<p style=\"text-align: justify;\">Con tots els anys, la Organizaci\u00f3n Espa\u00f1ola para el Libro Infantil y Juvenil conjuntament amb el Consell Catal\u00e0 del llibre Infantil i Juvenil (ClijCAT) organitzen un concurs de &#8220;Selfies LIJ&#8221;.<\/p>\n<p style=\"text-align: justify;\">On es proposa que els alumnes es caracteritzin d&#8217;algun dels personatges dels seus llibres preferits. Sols, en parella &#8230;, poden tamb\u00e9 recrear tamb\u00e9 una escena\u00a0 representativa &#8230; i fer-se una divertida &#8220;selfie&#8221;.<\/p>\n<p style=\"text-align: center;\">Us adjuntem les <a href=\"https:\/\/drive.google.com\/file\/d\/1pL8siv130Jjyw8viPMWMmQdTp5gExEWl\/view\">bases del concurs<\/a>.<\/p>\n<p style=\"text-align: justify;\">El termini per a l&#8217;entrega de treballs s&#8217;ha ampliat fins el dia <span style=\"color: #2c9fd4;\">12 d&#8217;abril.<\/span><\/p>\n<\/td>\n<td style=\"width: 50.2706%; height: 328px;\"><a href=\"http:\/\/serveiseducatius.xtec.cat\/garraf\/portada\/2-dabril-dia-internacional-del-llibre-infantil\/attachment\/diadel-llibre\/\" rel=\"attachment wp-att-10657\"><img loading=\"lazy\" decoding=\"async\" class=\"wp-image-10657 alignleft\" src=\"https:\/\/serveiseducatius.xtec.cat\/garraf\/wp-content\/uploads\/usu1185\/2019\/03\/Diadel-llibre-212x300.jpg\" alt=\"\" width=\"274\" height=\"388\" srcset=\"https:\/\/serveiseducatius.xtec.cat\/garraf\/wp-content\/uploads\/usu1185\/2019\/03\/Diadel-llibre-212x300.jpg 212w, https:\/\/serveiseducatius.xtec.cat\/garraf\/wp-content\/uploads\/usu1185\/2019\/03\/Diadel-llibre-768x1087.jpg 768w, https:\/\/serveiseducatius.xtec.cat\/garraf\/wp-content\/uploads\/usu1185\/2019\/03\/Diadel-llibre-724x1024.jpg 724w, https:\/\/serveiseducatius.xtec.cat\/garraf\/wp-content\/uploads\/usu1185\/2019\/03\/Diadel-llibre.jpg 800w\" sizes=\"auto, (max-width: 274px) 100vw, 274px\" \/><\/a><\/td>\n<\/tr>\n<tr>\n<td style=\"width: 70.7294%;\">\n<p style=\"text-align: left;\"><a href=\"http:\/\/serveiseducatius.xtec.cat\/garraf\/portada\/2-dabril-dia-internacional-del-llibre-infantil\/attachment\/calcotetx\/\" rel=\"attachment wp-att-10658\"><img loading=\"lazy\" decoding=\"async\" class=\"alignleft wp-image-10658\" src=\"https:\/\/serveiseducatius.xtec.cat\/garraf\/wp-content\/uploads\/usu1185\/2019\/03\/calcotetx-300x225.jpg\" alt=\"\" width=\"214\" height=\"161\" srcset=\"https:\/\/serveiseducatius.xtec.cat\/garraf\/wp-content\/uploads\/usu1185\/2019\/03\/calcotetx.jpg 300w, https:\/\/serveiseducatius.xtec.cat\/garraf\/wp-content\/uploads\/usu1185\/2019\/03\/calcotetx-200x150.jpg 200w\" sizes=\"auto, (max-width: 214px) 100vw, 214px\" \/><\/a><a href=\"http:\/\/serveiseducatius.xtec.cat\/garraf\/portada\/2-dabril-dia-internacional-del-llibre-infantil\/attachment\/tintin\/\" rel=\"attachment wp-att-10659\"><img loading=\"lazy\" decoding=\"async\" class=\"wp-image-10659 alignleft\" src=\"https:\/\/serveiseducatius.xtec.cat\/garraf\/wp-content\/uploads\/usu1185\/2019\/03\/tintin-200x300.jpg\" alt=\"\" width=\"108\" height=\"162\" \/><\/a><a href=\"http:\/\/serveiseducatius.xtec.cat\/garraf\/portada\/2-dabril-dia-internacional-del-llibre-infantil\/attachment\/willy\/\" rel=\"attachment wp-att-10660\"><img loading=\"lazy\" decoding=\"async\" class=\"wp-image-10660 alignleft\" src=\"https:\/\/serveiseducatius.xtec.cat\/garraf\/wp-content\/uploads\/usu1185\/2019\/03\/willy-200x300.jpg\" alt=\"\" width=\"108\" height=\"162\" \/><\/a><\/p>\n<\/td>\n<td style=\"width: 50.2706%;\"><a href=\"http:\/\/serveiseducatius.xtec.cat\/garraf\/portada\/2-dabril-dia-internacional-del-llibre-infantil\/attachment\/selfilij\/\" rel=\"attachment wp-att-10661\"><img loading=\"lazy\" decoding=\"async\" class=\"wp-image-10661 aligncenter\" src=\"https:\/\/serveiseducatius.xtec.cat\/garraf\/wp-content\/uploads\/usu1185\/2019\/03\/SelfiLij-300x167.png\" alt=\"\" width=\"261\" height=\"145\" srcset=\"https:\/\/serveiseducatius.xtec.cat\/garraf\/wp-content\/uploads\/usu1185\/2019\/03\/SelfiLij-300x167.png 300w, https:\/\/serveiseducatius.xtec.cat\/garraf\/wp-content\/uploads\/usu1185\/2019\/03\/SelfiLij.png 506w\" sizes=\"auto, (max-width: 261px) 100vw, 261px\" \/><\/a><\/td>\n<\/tr>\n<tr style=\"height: 32px;\">\n<td style=\"height: 32px; width: 121%;\" colspan=\"2\">\n<p style=\"text-align: justify;\">En motiu d&#8217;aquesta commemoraci\u00f3 es publica tamb\u00e9 un fullet\u00f3, enguany sota el missatge &#8220;<span style=\"color: #2c9fd4;\">Els llibres ens encomanen calma&#8221;<span style=\"color: #000000;\">, escrit per l&#8217;escriptor i il.lustrador de litu\u00e0 Kestutis Kasparavicius que s&#8217;ha encarregat de realitzar. Us animem a llegir-lo! <\/span><\/span><\/p>\n<p style=\"text-align: center;\"><a href=\"http:\/\/revistababar.com\/wp\/wp-content\/uploads\/Folleto-Dia-Infantil-2019-idiomas.pdf\">Fullet\u00f3 2019 &#8220;Els llibres ens encomanen calma&#8221;<\/a><\/p>\n<\/td>\n<\/tr>\n<tr>\n<td style=\"width: 121%;\" colspan=\"2\">\n<p style=\"text-align: justify;\">\n<\/td>\n<\/tr>\n<\/tbody>\n<\/table>\n","protected":false},"excerpt":{"rendered":"<p>En commemoraci\u00f3 del Dia Internacional de Llibre Infantil s&#8217;organitza un concurs de &#8220;Selfies LIJ&#8221;.<\/p>\n","protected":false},"author":10,"featured_media":10661,"comment_status":"closed","ping_status":"closed","sticky":true,"template":"","format":"standard","meta":{"_bbp_topic_count":0,"_bbp_reply_count":0,"_bbp_total_topic_count":0,"_bbp_total_reply_count":0,"_bbp_voice_count":0,"_bbp_anonymous_reply_count":0,"_bbp_topic_count_hidden":0,"_bbp_reply_count_hidden":0,"_bbp_forum_subforum_count":0,"site-sidebar-layout":"default","site-content-layout":"","ast-site-content-layout":"","site-content-style":"default","site-sidebar-style":"default","ast-global-header-display":"","ast-banner-title-visibility":"","ast-main-header-display":"","ast-hfb-above-header-display":"","ast-hfb-below-header-display":"","ast-hfb-mobile-header-display":"","site-post-title":"","ast-breadcrumbs-content":"","ast-featured-img":"","footer-sml-layout":"","theme-transparent-header-meta":"","adv-header-id-meta":"","stick-header-meta":"","header-above-stick-meta":"","header-main-stick-meta":"","header-below-stick-meta":"","astra-migrate-meta-layouts":"default","ast-page-background-enabled":"default","ast-page-background-meta":{"desktop":{"background-color":"var(--ast-global-color-4)","background-image":"","background-repeat":"repeat","background-position":"center center","background-size":"auto","background-attachment":"scroll","background-type":"","background-media":"","overlay-type":"","overlay-color":"","overlay-opacity":"","overlay-gradient":""},"tablet":{"background-color":"","background-image":"","background-repeat":"repeat","background-position":"center center","background-size":"auto","background-attachment":"scroll","background-type":"","background-media":"","overlay-type":"","overlay-color":"","overlay-opacity":"","overlay-gradient":""},"mobile":{"background-color":"","background-image":"","background-repeat":"repeat","background-position":"center center","background-size":"auto","background-attachment":"scroll","background-type":"","background-media":"","overlay-type":"","overlay-color":"","overlay-opacity":"","overlay-gradient":""}},"ast-content-background-meta":{"desktop":{"background-color":"var(--ast-global-color-5)","background-image":"","background-repeat":"repeat","background-position":"center center","background-size":"auto","background-attachment":"scroll","background-type":"","background-media":"","overlay-type":"","overlay-color":"","overlay-opacity":"","overlay-gradient":""},"tablet":{"background-color":"var(--ast-global-color-5)","background-image":"","background-repeat":"repeat","background-position":"center center","background-size":"auto","background-attachment":"scroll","background-type":"","background-media":"","overlay-type":"","overlay-color":"","overlay-opacity":"","overlay-gradient":""},"mobile":{"background-color":"var(--ast-global-color-5)","background-image":"","background-repeat":"repeat","background-position":"center center","background-size":"auto","background-attachment":"scroll","background-type":"","background-media":"","overlay-type":"","overlay-color":"","overlay-opacity":"","overlay-gradient":""}},"footnotes":""},"categories":[68,29],"tags":[],"class_list":["post-10656","post","type-post","status-publish","format-standard","has-post-thumbnail","hentry","category-elic","category-portada"],"post_mailing_queue_ids":[],"_links":{"self":[{"href":"https:\/\/serveiseducatius.xtec.cat\/garraf\/wp-json\/wp\/v2\/posts\/10656","targetHints":{"allow":["GET"]}}],"collection":[{"href":"https:\/\/serveiseducatius.xtec.cat\/garraf\/wp-json\/wp\/v2\/posts"}],"about":[{"href":"https:\/\/serveiseducatius.xtec.cat\/garraf\/wp-json\/wp\/v2\/types\/post"}],"author":[{"embeddable":true,"href":"https:\/\/serveiseducatius.xtec.cat\/garraf\/wp-json\/wp\/v2\/users\/10"}],"replies":[{"embeddable":true,"href":"https:\/\/serveiseducatius.xtec.cat\/garraf\/wp-json\/wp\/v2\/comments?post=10656"}],"version-history":[{"count":3,"href":"https:\/\/serveiseducatius.xtec.cat\/garraf\/wp-json\/wp\/v2\/posts\/10656\/revisions"}],"predecessor-version":[{"id":10664,"href":"https:\/\/serveiseducatius.xtec.cat\/garraf\/wp-json\/wp\/v2\/posts\/10656\/revisions\/10664"}],"wp:featuredmedia":[{"embeddable":true,"href":"https:\/\/serveiseducatius.xtec.cat\/garraf\/wp-json\/wp\/v2\/media\/10661"}],"wp:attachment":[{"href":"https:\/\/serveiseducatius.xtec.cat\/garraf\/wp-json\/wp\/v2\/media?parent=10656"}],"wp:term":[{"taxonomy":"category","embeddable":true,"href":"https:\/\/serveiseducatius.xtec.cat\/garraf\/wp-json\/wp\/v2\/categories?post=10656"},{"taxonomy":"post_tag","embeddable":true,"href":"https:\/\/serveiseducatius.xtec.cat\/garraf\/wp-json\/wp\/v2\/tags?post=10656"}],"curies":[{"name":"wp","href":"https:\/\/api.w.org\/{rel}","templated":true}]}}