{"id":10326,"date":"2019-01-06T11:17:47","date_gmt":"2019-01-06T10:17:47","guid":{"rendered":"http:\/\/serveiseducatius.xtec.cat\/garraf\/?p=10326"},"modified":"2019-01-07T18:48:06","modified_gmt":"2019-01-07T17:48:06","slug":"presentacio-de-les-noves-directrius-ifla-per-a-la-biblioteca-escolar","status":"publish","type":"post","link":"https:\/\/serveiseducatius.xtec.cat\/garraf\/general\/presentacio-de-les-noves-directrius-ifla-per-a-la-biblioteca-escolar\/","title":{"rendered":"Presentaci\u00f3 de les noves directrius IFLA per a la biblioteca escolar"},"content":{"rendered":"<p style=\"text-align: justify;\">\u00a0<img loading=\"lazy\" decoding=\"async\" class=\" wp-image-10327 alignleft\" src=\"https:\/\/serveiseducatius.xtec.cat\/garraf\/wp-content\/uploads\/usu1185\/2019\/01\/logo-biblioteques.gif\" alt=\"\" width=\"115\" height=\"112\" \/>Des del Col.legi Oficial de Bibliotecaris i amb la col.laboraci\u00f3 dels Departaments d&#8217;Educaci\u00f3\u00a0 i de Cultura s&#8217;ha elaborat una traducci\u00f3 de la segona edici\u00f3 de les <em><strong>Directrius IFLA per a les biblioteques escolars<\/strong><\/em>.<\/p>\n<p style=\"text-align: justify;\">Aquesta nova edici\u00f3 de les Directrius IFLA representen, respecte a la primera edici\u00f3, una actualitzaci\u00f3 del desenvolupament profesional del bibliotecari escolar en el context de la segona d\u00e9cada del segle XXI, amb tots els canvis a nivel tecn\u00f2logic. social i cultural que han tingut lloc i que seguir\u00e1n succeint en un entorn cada cop m\u00e9s canviant.<\/p>\n<p style=\"text-align: justify;\">L&#8217;actualitzaci\u00f3 i el continu reciclatge del profesional encarregat de la biblioteca escolar \u00e9s fonamental per a un \u00f2ptim funcionament d&#8217;aquesta i per a la seva correcta implementaci\u00f3 dins del projecte escolar.<\/p>\n<p style=\"text-align: justify;\">Per tal de donar a con\u00e8ixer aquestes directrius al professorat responsable de biblioteca dels centres \u00e9s far\u00e0 una presentaci\u00f3 al Servei Territorial de Barcelona Comarques,\u00a0 el proper 21 de gener ,de 17 a 19h, en format confer\u00e8ncia.<\/p>\n<p>Per a m\u00e9s informaci\u00f3 i inscripci\u00f3 en aquesta activitat cal que cliqueu <a href=\"https:\/\/aplicacions.gestioeducativa.gencat.cat\/pls\/soloas\/pk_for_mod_ins.p_for_cons_activitats?p_any=2018-2019&amp;p_codi=2001070555\">aqu\u00ed.<\/a><\/p>\n<p>Us hi esperem!<\/p>\n","protected":false},"excerpt":{"rendered":"<p>Per tal de donar a con\u00e8ixer la segona edici\u00f3 de les Directrius IFLA per a les biblioteques escolars al professorat responsable \u00e9s far\u00e0 una presentaci\u00f3 al Servei Territorial de Barcelona Comarques,  el proper 21 de gener ,de 17 a 19h, en format confer\u00e8ncia.<\/p>\n","protected":false},"author":10,"featured_media":10337,"comment_status":"open","ping_status":"closed","sticky":true,"template":"","format":"standard","meta":{"_bbp_topic_count":0,"_bbp_reply_count":0,"_bbp_total_topic_count":0,"_bbp_total_reply_count":0,"_bbp_voice_count":0,"_bbp_anonymous_reply_count":0,"_bbp_topic_count_hidden":0,"_bbp_reply_count_hidden":0,"_bbp_forum_subforum_count":0,"site-sidebar-layout":"default","site-content-layout":"","ast-site-content-layout":"","site-content-style":"default","site-sidebar-style":"default","ast-global-header-display":"","ast-banner-title-visibility":"","ast-main-header-display":"","ast-hfb-above-header-display":"","ast-hfb-below-header-display":"","ast-hfb-mobile-header-display":"","site-post-title":"","ast-breadcrumbs-content":"","ast-featured-img":"","footer-sml-layout":"","theme-transparent-header-meta":"","adv-header-id-meta":"","stick-header-meta":"","header-above-stick-meta":"","header-main-stick-meta":"","header-below-stick-meta":"","astra-migrate-meta-layouts":"default","ast-page-background-enabled":"default","ast-page-background-meta":{"desktop":{"background-color":"var(--ast-global-color-4)","background-image":"","background-repeat":"repeat","background-position":"center center","background-size":"auto","background-attachment":"scroll","background-type":"","background-media":"","overlay-type":"","overlay-color":"","overlay-opacity":"","overlay-gradient":""},"tablet":{"background-color":"","background-image":"","background-repeat":"repeat","background-position":"center center","background-size":"auto","background-attachment":"scroll","background-type":"","background-media":"","overlay-type":"","overlay-color":"","overlay-opacity":"","overlay-gradient":""},"mobile":{"background-color":"","background-image":"","background-repeat":"repeat","background-position":"center center","background-size":"auto","background-attachment":"scroll","background-type":"","background-media":"","overlay-type":"","overlay-color":"","overlay-opacity":"","overlay-gradient":""}},"ast-content-background-meta":{"desktop":{"background-color":"var(--ast-global-color-5)","background-image":"","background-repeat":"repeat","background-position":"center center","background-size":"auto","background-attachment":"scroll","background-type":"","background-media":"","overlay-type":"","overlay-color":"","overlay-opacity":"","overlay-gradient":""},"tablet":{"background-color":"var(--ast-global-color-5)","background-image":"","background-repeat":"repeat","background-position":"center center","background-size":"auto","background-attachment":"scroll","background-type":"","background-media":"","overlay-type":"","overlay-color":"","overlay-opacity":"","overlay-gradient":""},"mobile":{"background-color":"var(--ast-global-color-5)","background-image":"","background-repeat":"repeat","background-position":"center center","background-size":"auto","background-attachment":"scroll","background-type":"","background-media":"","overlay-type":"","overlay-color":"","overlay-opacity":"","overlay-gradient":""}},"footnotes":""},"categories":[1,29],"tags":[],"class_list":["post-10326","post","type-post","status-publish","format-standard","has-post-thumbnail","hentry","category-general","category-portada"],"post_mailing_queue_ids":[],"_links":{"self":[{"href":"https:\/\/serveiseducatius.xtec.cat\/garraf\/wp-json\/wp\/v2\/posts\/10326","targetHints":{"allow":["GET"]}}],"collection":[{"href":"https:\/\/serveiseducatius.xtec.cat\/garraf\/wp-json\/wp\/v2\/posts"}],"about":[{"href":"https:\/\/serveiseducatius.xtec.cat\/garraf\/wp-json\/wp\/v2\/types\/post"}],"author":[{"embeddable":true,"href":"https:\/\/serveiseducatius.xtec.cat\/garraf\/wp-json\/wp\/v2\/users\/10"}],"replies":[{"embeddable":true,"href":"https:\/\/serveiseducatius.xtec.cat\/garraf\/wp-json\/wp\/v2\/comments?post=10326"}],"version-history":[{"count":3,"href":"https:\/\/serveiseducatius.xtec.cat\/garraf\/wp-json\/wp\/v2\/posts\/10326\/revisions"}],"predecessor-version":[{"id":10332,"href":"https:\/\/serveiseducatius.xtec.cat\/garraf\/wp-json\/wp\/v2\/posts\/10326\/revisions\/10332"}],"wp:featuredmedia":[{"embeddable":true,"href":"https:\/\/serveiseducatius.xtec.cat\/garraf\/wp-json\/wp\/v2\/media\/10337"}],"wp:attachment":[{"href":"https:\/\/serveiseducatius.xtec.cat\/garraf\/wp-json\/wp\/v2\/media?parent=10326"}],"wp:term":[{"taxonomy":"category","embeddable":true,"href":"https:\/\/serveiseducatius.xtec.cat\/garraf\/wp-json\/wp\/v2\/categories?post=10326"},{"taxonomy":"post_tag","embeddable":true,"href":"https:\/\/serveiseducatius.xtec.cat\/garraf\/wp-json\/wp\/v2\/tags?post=10326"}],"curies":[{"name":"wp","href":"https:\/\/api.w.org\/{rel}","templated":true}]}}