{"id":10296,"date":"2019-01-04T15:56:55","date_gmt":"2019-01-04T14:56:55","guid":{"rendered":"http:\/\/serveiseducatius.xtec.cat\/garraf\/?p=10296"},"modified":"2019-01-04T15:56:55","modified_gmt":"2019-01-04T14:56:55","slug":"laprenentatge-servei-forma-vincles-entre-lalumnat-i-la-realitat-que-lescola-tradicional-no-genera","status":"publish","type":"post","link":"https:\/\/serveiseducatius.xtec.cat\/garraf\/general\/laprenentatge-servei-forma-vincles-entre-lalumnat-i-la-realitat-que-lescola-tradicional-no-genera\/","title":{"rendered":"\u201cL\u2019aprenentatge servei forma vincles entre l\u2019alumnat i la realitat que l\u2019escola tradicional no genera\u201d"},"content":{"rendered":"<p style=\"text-align: justify;\"><a href=\"http:\/\/serveiseducatius.xtec.cat\/garraf\/general\/laprenentatge-servei-forma-vincles-entre-lalumnat-i-la-realitat-que-lescola-tradicional-no-genera\/attachment\/tapia\/\" rel=\"attachment wp-att-10306\"><img loading=\"lazy\" decoding=\"async\" class=\"size-medium wp-image-10306 alignleft\" src=\"https:\/\/serveiseducatius.xtec.cat\/garraf\/wp-content\/uploads\/usu1185\/2019\/01\/tapia-300x187.jpg\" alt=\"\" width=\"300\" height=\"187\" srcset=\"https:\/\/serveiseducatius.xtec.cat\/garraf\/wp-content\/uploads\/usu1185\/2019\/01\/tapia-300x187.jpg 300w, https:\/\/serveiseducatius.xtec.cat\/garraf\/wp-content\/uploads\/usu1185\/2019\/01\/tapia-768x479.jpg 768w, https:\/\/serveiseducatius.xtec.cat\/garraf\/wp-content\/uploads\/usu1185\/2019\/01\/tapia-1024x639.jpg 1024w, https:\/\/serveiseducatius.xtec.cat\/garraf\/wp-content\/uploads\/usu1185\/2019\/01\/tapia.jpg 1200w\" sizes=\"auto, (max-width: 300px) 100vw, 300px\" \/><\/a>El passat 10 de desembre Ma. Nieves Tapias, una de les referents mundials de l\u2019ApS i fundadora i directora del Centro Latinoamericano de Aprendizaje y Servici\u00f3 Solidari<span style=\"font-family: inherit; font-size: 1em;\">o (CLAYSS), v<\/span>a ser a Barcelona per oferir una confer\u00e8ncia organitzada per la Xarxa Espanyola d\u2019Aprenentatge Servei, l\u2019Ajuntament i el Consorci d\u2019Educaci\u00f3. Entusiasta\u00a0<span style=\"font-family: inherit; font-size: 1em;\">de l\u2019ApS, Tapia va esquitxar el seu discurs amb exemples i li d\u00f3na la volta a un argumentari tradicional i universal per explicar perqu\u00e8 les escoles haurien de practicar-lo: \u201c<\/span><em style=\"font-family: inherit; font-size: 1em;\">Com a pares sempre ens preocupem de quin futur li deixarem als nostres fills. Per\u00f2 tamb\u00e9 hem de preocupar-nos de quins fills els deixarem al futur dels nostres pa\u00efsos, ja que hauran d\u2019afrontar problemes que requeriran molts coneixements i moltes eines per solucionar-los\u201d.<\/em><\/p>\n<p style=\"font-family: 'Helvetica Neue', Helvetica, Helvetica, Arial, sans-serif; font-size: 16px;\">\n<p style=\"font-family: 'Helvetica Neue', Helvetica, Helvetica, Arial, sans-serif; font-size: 16px;\">\n<p>&nbsp;<\/p>\n<p style=\"text-align: justify;\">Aprofitant la seva pres\u00e8ncia entre nosaltres, el <em>Diari de l\u2019Educaci\u00f3<\/em> li va fer una entrevista que us la\u00a0 recomanem, on entre altres coses exposa: <em>\u201cL\u2019aprenentatge servei pot ser una pr\u00e0ctica innovadora\u201d<\/em>, a m\u00e9s a m\u00e9s que\u00a0 \u201chi ha una fam\u00edlia d\u2019innovacions pedag\u00f2giques que ja tenen un segle que estem redescobrint i readaptant a les condicions del sistema educatiu del segle XXI perqu\u00e8 veiem que funcionen i s\u00f3n \u00fatils. En aquest sentit situaria que l\u2019ApS est\u00e0 emparentat amb altres pedagogies\u201d.<\/p>\n<p>Podeu accedir a aquesta interessant entrevista, que us la recomanem, amb la Ma. Nieves Tapias clicant aquest <a href=\"http:\/\/diarieducacio.cat\/laprenentatge-servei-forma-vincles-entre-lalumnat-i-la-realitat-que-lescola-tradicional-no-genera\/\">enlla\u00e7<\/a>.<\/p>\n<p style=\"text-align: justify;\">Tamb\u00e9 us adjuntem l\u2019enlla\u00e7 amb el web del <a href=\"http:\/\/www.clayss.org\/\">Centro latinoamericano de aprendizaje y Servicio solidario (CLAYSS)<\/a>, per tal que conegueu projectes d\u2019ApS que es realitzen a altres indrets del m\u00f3n.<\/p>\n<div><\/div>\n<p>&nbsp;<\/p>\n","protected":false},"excerpt":{"rendered":"<p>Nieves Tapias, una de les referents mundials de l\u2019ApS i fundadora i directora del Centro Latinoamericano de Aprendizaje y Servici\u00f3 Solidario (CLAYSS), va ser a Barcelona per oferir una confer\u00e8ncia <\/p>\n","protected":false},"author":10,"featured_media":10307,"comment_status":"open","ping_status":"closed","sticky":false,"template":"","format":"standard","meta":{"_bbp_topic_count":0,"_bbp_reply_count":0,"_bbp_total_topic_count":0,"_bbp_total_reply_count":0,"_bbp_voice_count":0,"_bbp_anonymous_reply_count":0,"_bbp_topic_count_hidden":0,"_bbp_reply_count_hidden":0,"_bbp_forum_subforum_count":0,"site-sidebar-layout":"default","site-content-layout":"","ast-site-content-layout":"","site-content-style":"default","site-sidebar-style":"default","ast-global-header-display":"","ast-banner-title-visibility":"","ast-main-header-display":"","ast-hfb-above-header-display":"","ast-hfb-below-header-display":"","ast-hfb-mobile-header-display":"","site-post-title":"","ast-breadcrumbs-content":"","ast-featured-img":"","footer-sml-layout":"","theme-transparent-header-meta":"","adv-header-id-meta":"","stick-header-meta":"","header-above-stick-meta":"","header-main-stick-meta":"","header-below-stick-meta":"","astra-migrate-meta-layouts":"default","ast-page-background-enabled":"default","ast-page-background-meta":{"desktop":{"background-color":"var(--ast-global-color-4)","background-image":"","background-repeat":"repeat","background-position":"center center","background-size":"auto","background-attachment":"scroll","background-type":"","background-media":"","overlay-type":"","overlay-color":"","overlay-opacity":"","overlay-gradient":""},"tablet":{"background-color":"","background-image":"","background-repeat":"repeat","background-position":"center center","background-size":"auto","background-attachment":"scroll","background-type":"","background-media":"","overlay-type":"","overlay-color":"","overlay-opacity":"","overlay-gradient":""},"mobile":{"background-color":"","background-image":"","background-repeat":"repeat","background-position":"center center","background-size":"auto","background-attachment":"scroll","background-type":"","background-media":"","overlay-type":"","overlay-color":"","overlay-opacity":"","overlay-gradient":""}},"ast-content-background-meta":{"desktop":{"background-color":"var(--ast-global-color-5)","background-image":"","background-repeat":"repeat","background-position":"center center","background-size":"auto","background-attachment":"scroll","background-type":"","background-media":"","overlay-type":"","overlay-color":"","overlay-opacity":"","overlay-gradient":""},"tablet":{"background-color":"var(--ast-global-color-5)","background-image":"","background-repeat":"repeat","background-position":"center center","background-size":"auto","background-attachment":"scroll","background-type":"","background-media":"","overlay-type":"","overlay-color":"","overlay-opacity":"","overlay-gradient":""},"mobile":{"background-color":"var(--ast-global-color-5)","background-image":"","background-repeat":"repeat","background-position":"center center","background-size":"auto","background-attachment":"scroll","background-type":"","background-media":"","overlay-type":"","overlay-color":"","overlay-opacity":"","overlay-gradient":""}},"footnotes":""},"categories":[1],"tags":[],"class_list":["post-10296","post","type-post","status-publish","format-standard","has-post-thumbnail","hentry","category-general"],"post_mailing_queue_ids":[],"_links":{"self":[{"href":"https:\/\/serveiseducatius.xtec.cat\/garraf\/wp-json\/wp\/v2\/posts\/10296","targetHints":{"allow":["GET"]}}],"collection":[{"href":"https:\/\/serveiseducatius.xtec.cat\/garraf\/wp-json\/wp\/v2\/posts"}],"about":[{"href":"https:\/\/serveiseducatius.xtec.cat\/garraf\/wp-json\/wp\/v2\/types\/post"}],"author":[{"embeddable":true,"href":"https:\/\/serveiseducatius.xtec.cat\/garraf\/wp-json\/wp\/v2\/users\/10"}],"replies":[{"embeddable":true,"href":"https:\/\/serveiseducatius.xtec.cat\/garraf\/wp-json\/wp\/v2\/comments?post=10296"}],"version-history":[{"count":2,"href":"https:\/\/serveiseducatius.xtec.cat\/garraf\/wp-json\/wp\/v2\/posts\/10296\/revisions"}],"predecessor-version":[{"id":10309,"href":"https:\/\/serveiseducatius.xtec.cat\/garraf\/wp-json\/wp\/v2\/posts\/10296\/revisions\/10309"}],"wp:featuredmedia":[{"embeddable":true,"href":"https:\/\/serveiseducatius.xtec.cat\/garraf\/wp-json\/wp\/v2\/media\/10307"}],"wp:attachment":[{"href":"https:\/\/serveiseducatius.xtec.cat\/garraf\/wp-json\/wp\/v2\/media?parent=10296"}],"wp:term":[{"taxonomy":"category","embeddable":true,"href":"https:\/\/serveiseducatius.xtec.cat\/garraf\/wp-json\/wp\/v2\/categories?post=10296"},{"taxonomy":"post_tag","embeddable":true,"href":"https:\/\/serveiseducatius.xtec.cat\/garraf\/wp-json\/wp\/v2\/tags?post=10296"}],"curies":[{"name":"wp","href":"https:\/\/api.w.org\/{rel}","templated":true}]}}