{"id":9403,"date":"2018-03-21T13:30:00","date_gmt":"2018-03-21T12:30:00","guid":{"rendered":"http:\/\/serveiseducatius.xtec.cat\/eixample\/?p=9403"},"modified":"2023-05-16T16:25:49","modified_gmt":"2023-05-16T14:25:49","slug":"i-mostra-audiovisuals-de-leixample","status":"publish","type":"post","link":"https:\/\/serveiseducatius.xtec.cat\/eixample\/portada\/i-mostra-audiovisuals-de-leixample\/","title":{"rendered":"3\u00aa mostra d&#8217;audiovisuals de l&#8217;eixample (FEM UNA PELI)"},"content":{"rendered":"<p>El dimarts 10 de maig vam posar\u00a0punt final\u00a0a l&#8217;activitat de Fem una peli del curs 21-22. Ens vam trobar al Centre C\u00edvic Urgell amb alguns centres que han participat\u00a0en l&#8217;edici\u00f3 d&#8217;enguany i vam projectar a\u00a0la pantalla gran\u00a0les produccions fetes pels alumnes de 5\u00e8.<\/p>\n<p>L&#8217;activitat de &#8220;Fem una\u00a0<span class=\"hiddenGrammarError\" style=\"padding-bottom: 2px; background-image: url('..\/..\/..\/..\/..\/images\/squiggle.png'); background-repeat: repeat-x; background-position: left bottom; cursor: default; color: #000000; font-family: 'Open Sans', Helvetica, Arial, sans-serif; font-size: 16px; font-style: normal; font-variant-ligatures: normal; font-variant-caps: normal; font-weight: 300; letter-spacing: normal; orphans: 2; text-align: start; text-indent: 0px; text-transform: none; white-space: normal; widows: 2; word-spacing: 0px; -webkit-text-stroke-width: 0px; text-decoration-thickness: initial; text-decoration-style: initial; text-decoration-color: initial;\">peli<\/span>&#8221; consisteix\u00a0a\u00a0viure de pe a pa tot el proc\u00e9s de creaci\u00f3\u00a0<span class=\"hiddenGrammarError\" style=\"padding-bottom: 2px; background-image: url('..\/..\/..\/..\/..\/images\/squiggle.png'); background-repeat: repeat-x; background-position: left bottom; cursor: default; color: #000000; font-family: 'Open Sans', Helvetica, Arial, sans-serif; font-size: 16px; font-style: normal; font-variant-ligatures: normal; font-variant-caps: normal; font-weight: 300; letter-spacing: normal; orphans: 2; text-align: start; text-indent: 0px; text-transform: none; white-space: normal; widows: 2; word-spacing: 0px; -webkit-text-stroke-width: 0px; text-decoration-thickness: initial; text-decoration-style: initial; text-decoration-color: initial;\">d&#8217;una pel\u00b7l\u00edcula<\/span>, des que es pensa la hist\u00f2ria, el seu pas a gui\u00f3, la gravaci\u00f3,\u00a0l&#8217;edici\u00f3\u00a0de la gravaci\u00f3, on posem t\u00edtols, m\u00fasica, efectes especials&#8230; fins\u00a0que, arriba el gran dia i en poden gaudir a\u00a0la pantalla gran!<\/p>\n<p>Podeu veure totes les produccions d&#8217;aquest curs i de l&#8217;anterior a <a href=\"https:\/\/sites.google.com\/site\/femunapeliambipad\/produccions22?authuser=0\">CLICANT AQU\u00cd<\/a><\/p>\n<p>Fins a la propera edici\u00f3!<\/p>\n<p><a href=\"https:\/\/serveiseducatius.xtec.cat\/eixample\/wp-content\/uploads\/usu1171\/2022\/05\/photo6039507059889781191.jpg\"><img loading=\"lazy\" decoding=\"async\" class=\"aligncenter size-full wp-image-12727\" src=\"https:\/\/serveiseducatius.xtec.cat\/eixample\/wp-content\/uploads\/usu1171\/2022\/05\/photo6039507059889781191.jpg\" alt=\"\" width=\"1280\" height=\"960\" srcset=\"https:\/\/serveiseducatius.xtec.cat\/eixample\/wp-content\/uploads\/usu1171\/2022\/05\/photo6039507059889781191.jpg 1280w, https:\/\/serveiseducatius.xtec.cat\/eixample\/wp-content\/uploads\/usu1171\/2022\/05\/photo6039507059889781191-300x225.jpg 300w, https:\/\/serveiseducatius.xtec.cat\/eixample\/wp-content\/uploads\/usu1171\/2022\/05\/photo6039507059889781191-1024x768.jpg 1024w, https:\/\/serveiseducatius.xtec.cat\/eixample\/wp-content\/uploads\/usu1171\/2022\/05\/photo6039507059889781191-768x576.jpg 768w, https:\/\/serveiseducatius.xtec.cat\/eixample\/wp-content\/uploads\/usu1171\/2022\/05\/photo6039507059889781191-200x150.jpg 200w\" sizes=\"auto, (max-width: 1280px) 100vw, 1280px\" \/><\/a><\/p>\n","protected":false},"excerpt":{"rendered":"<p>El dimarts 10 de maig vam posar\u00a0punt final\u00a0a l&#8217;activitat de Fem una peli del curs 21-22. Ens vam trobar al Centre C\u00edvic Urgell amb alguns centres que han participat\u00a0en l&#8217;edici\u00f3 d&#8217;enguany i vam projectar a\u00a0la pantalla gran\u00a0les produccions fetes pels alumnes de 5\u00e8.<br \/>\nL&#8217;activitat de &#8220;Fem&hellip;  <a href=\"https:\/\/serveiseducatius.xtec.cat\/eixample\/portada\/i-mostra-audiovisuals-de-leixample\/\" title=\"Read 3\u00aa mostra d&#8217;audiovisuals de l&#8217;eixample (FEM UNA PELI)\">Llegeix m\u00e9s\u00bb<\/a><\/p>\n","protected":false},"author":4,"featured_media":12726,"comment_status":"closed","ping_status":"closed","sticky":false,"template":"","format":"standard","meta":{"_bbp_topic_count":0,"_bbp_reply_count":0,"_bbp_total_topic_count":0,"_bbp_total_reply_count":0,"_bbp_voice_count":0,"_bbp_anonymous_reply_count":0,"_bbp_topic_count_hidden":0,"_bbp_reply_count_hidden":0,"_bbp_forum_subforum_count":0,"footnotes":""},"categories":[292,29],"tags":[],"class_list":["post-9403","post","type-post","status-publish","format-standard","has-post-thumbnail","hentry","category-femunapeli","category-portada"],"post_mailing_queue_ids":[],"_links":{"self":[{"href":"https:\/\/serveiseducatius.xtec.cat\/eixample\/wp-json\/wp\/v2\/posts\/9403","targetHints":{"allow":["GET"]}}],"collection":[{"href":"https:\/\/serveiseducatius.xtec.cat\/eixample\/wp-json\/wp\/v2\/posts"}],"about":[{"href":"https:\/\/serveiseducatius.xtec.cat\/eixample\/wp-json\/wp\/v2\/types\/post"}],"author":[{"embeddable":true,"href":"https:\/\/serveiseducatius.xtec.cat\/eixample\/wp-json\/wp\/v2\/users\/4"}],"replies":[{"embeddable":true,"href":"https:\/\/serveiseducatius.xtec.cat\/eixample\/wp-json\/wp\/v2\/comments?post=9403"}],"version-history":[{"count":3,"href":"https:\/\/serveiseducatius.xtec.cat\/eixample\/wp-json\/wp\/v2\/posts\/9403\/revisions"}],"predecessor-version":[{"id":13173,"href":"https:\/\/serveiseducatius.xtec.cat\/eixample\/wp-json\/wp\/v2\/posts\/9403\/revisions\/13173"}],"wp:featuredmedia":[{"embeddable":true,"href":"https:\/\/serveiseducatius.xtec.cat\/eixample\/wp-json\/wp\/v2\/media\/12726"}],"wp:attachment":[{"href":"https:\/\/serveiseducatius.xtec.cat\/eixample\/wp-json\/wp\/v2\/media?parent=9403"}],"wp:term":[{"taxonomy":"category","embeddable":true,"href":"https:\/\/serveiseducatius.xtec.cat\/eixample\/wp-json\/wp\/v2\/categories?post=9403"},{"taxonomy":"post_tag","embeddable":true,"href":"https:\/\/serveiseducatius.xtec.cat\/eixample\/wp-json\/wp\/v2\/tags?post=9403"}],"curies":[{"name":"wp","href":"https:\/\/api.w.org\/{rel}","templated":true}]}}