{"id":883,"date":"2015-11-29T14:07:44","date_gmt":"2015-11-29T13:07:44","guid":{"rendered":"http:\/\/serveiseducatius.xtec.cat\/eixample\/?p=883"},"modified":"2025-09-01T10:07:06","modified_gmt":"2025-09-01T08:07:06","slug":"prestec","status":"publish","type":"post","link":"https:\/\/serveiseducatius.xtec.cat\/eixample\/recursos\/aparells\/prestec\/","title":{"rendered":"Pr\u00e9stec d&#8217;aparells i suports electr\u00f2nics"},"content":{"rendered":"<p>Els aparells dels quals disposem s\u00f3n:<b><\/b><\/p>\n<ul>\n<li>Equip de so (Altaveu (sense autonomia de c\u00e0rrega))<\/li>\n<li>Pantalla de tela<\/li>\n<li>C\u00e0mera digital<\/li>\n<li>4 Tr\u00edpodes<\/li>\n<\/ul>\n<p>Si voleu demanar en pr\u00e9stec algun aparell tecnol\u00f2gic ompliu el seg\u00fcent <a href=\"https:\/\/docs.google.com\/forms\/d\/e\/1FAIpQLSf9nGyIH_HwzUfypCaJJD9hT_kcaew_zA9q8ymfBtNyQ9AqVQ\/viewform?usp=dialog\"><strong>FORMULARI<\/strong><\/a>.<\/p>\n<p><strong>Per tal d&#8217;orientar-vos amb relaci\u00f3 a la disponibilitat i dates de pr\u00e9stec dels recursos podeu consultar el calendari que us adjuntem a continuaci\u00f3<\/strong>.<\/p>\n<p><iframe loading=\"lazy\" src=\"https:\/\/calendar.google.com\/calendar\/embed?src=xtec.cat_q6a0edav5gp36mta4umn24vul4%40group.calendar.google.com&amp;ctz=Europe%2FMadrid\" width=\"800\" height=\"600\" frameborder=\"0\"><\/iframe><\/p>\n<header class=\"archive-header\">\n<div class=\"archive-meta\">\n<p>En finalitzar l\u2019\u00fas d\u2019una maleta, digues-nos la teva opini\u00f3 o fes-nos arribar els teus suggeriments omplint el <a href=\"https:\/\/docs.google.com\/forms\/d\/e\/1FAIpQLSfQnpxEWhIn2zZ5Ac50IM9Qv6rtjuGbudnoVRO6DyDUpUU74w\/viewform?usp=sf_link\"><strong>formulari de valoraci\u00f3<\/strong><\/a><\/p>\n<\/div>\n<\/header>\n<div dir=\"ltr\">\n<p><b>Normativa general de pr\u00e9stec<\/b><\/p>\n<ol>\n<li aria-level=\"1\">El servei de pr\u00e9stec del CRP posa a disposici\u00f3 diferents recursos per a l\u2019\u00fas del professorat. Els centres docents que els sol\u00b7licitin han de fer una reserva pr\u00e8via al CRP a trav\u00e9s d\u2019un formulari.<\/li>\n<li aria-level=\"1\">El pr\u00e9stec s\u2019adre\u00e7a a centres educatius del Districte de l\u2019Eixample.<\/li>\n<li aria-level=\"1\">El per\u00edode de pr\u00e9stec \u00e9s de 15 dies.<\/li>\n<li aria-level=\"1\">El centre educatiu que se\u2019n fa responsable, es compromet a comunicar qualsevol p\u00e8rdua o desperfecte ocasionats per \u00fas indegut, i a fer-se\u2019n c\u00e0rrec.<\/li>\n<li aria-level=\"1\">Es revisaran els formularis de demanda un cop a la setmana, els dijous.<\/li>\n<li aria-level=\"1\">Qualsevol incid\u00e8ncia i circumst\u00e0ncia no prevista en el servei de pr\u00e9stec, \u00e9s potestat de l\u2019equip del CRP avaluar-la i prendre decisions.<\/li>\n<li aria-level=\"1\">La utilitzaci\u00f3 d\u2019aquest servei de pr\u00e9stec pressuposa l\u2019acceptaci\u00f3 d\u2019aquestes condicions.<\/li>\n<\/ol>\n<\/div>\n","protected":false},"excerpt":{"rendered":"<p>Els aparells dels quals disposem s\u00f3n:<\/p>\n<ul>\n<li>Equip de so (Altaveu (sense autonomia de c\u00e0rrega))<\/li>\n<li>Pantalla de tela<\/li>\n<li>C\u00e0mera digital<\/li>\n<li>4 Tr\u00edpodes<\/li>\n<\/ul>\n<p>Si voleu demanar en pr\u00e9stec algun aparell tecnol\u00f2gic ompliu el seg\u00fcent <a href=\"https:\/\/docs.google.com\/forms\/d\/e\/1FAIpQLSf9nGyIH_HwzUfypCaJJD9hT_kcaew_zA9q8ymfBtNyQ9AqVQ\/viewform?usp=dialog\">FORMULARI<\/a>.<br \/>\nPer tal d&#8217;orientar-vos amb relaci\u00f3 a la disponibilitat i dates de pr\u00e9stec dels recursos podeu consultar el&hellip;  <a href=\"https:\/\/serveiseducatius.xtec.cat\/eixample\/recursos\/aparells\/prestec\/\" title=\"Read Pr\u00e9stec d&#8217;aparells i suports electr\u00f2nics\">Llegeix m\u00e9s\u00bb<\/a><\/p>\n","protected":false},"author":1,"featured_media":0,"comment_status":"closed","ping_status":"closed","sticky":false,"template":"","format":"standard","meta":{"_bbp_topic_count":0,"_bbp_reply_count":0,"_bbp_total_topic_count":0,"_bbp_total_reply_count":0,"_bbp_voice_count":0,"_bbp_anonymous_reply_count":0,"_bbp_topic_count_hidden":0,"_bbp_reply_count_hidden":0,"_bbp_forum_subforum_count":0,"footnotes":""},"categories":[80],"tags":[],"class_list":["post-883","post","type-post","status-publish","format-standard","hentry","category-aparells"],"post_mailing_queue_ids":[],"_links":{"self":[{"href":"https:\/\/serveiseducatius.xtec.cat\/eixample\/wp-json\/wp\/v2\/posts\/883","targetHints":{"allow":["GET"]}}],"collection":[{"href":"https:\/\/serveiseducatius.xtec.cat\/eixample\/wp-json\/wp\/v2\/posts"}],"about":[{"href":"https:\/\/serveiseducatius.xtec.cat\/eixample\/wp-json\/wp\/v2\/types\/post"}],"author":[{"embeddable":true,"href":"https:\/\/serveiseducatius.xtec.cat\/eixample\/wp-json\/wp\/v2\/users\/1"}],"replies":[{"embeddable":true,"href":"https:\/\/serveiseducatius.xtec.cat\/eixample\/wp-json\/wp\/v2\/comments?post=883"}],"version-history":[{"count":7,"href":"https:\/\/serveiseducatius.xtec.cat\/eixample\/wp-json\/wp\/v2\/posts\/883\/revisions"}],"predecessor-version":[{"id":13751,"href":"https:\/\/serveiseducatius.xtec.cat\/eixample\/wp-json\/wp\/v2\/posts\/883\/revisions\/13751"}],"wp:attachment":[{"href":"https:\/\/serveiseducatius.xtec.cat\/eixample\/wp-json\/wp\/v2\/media?parent=883"}],"wp:term":[{"taxonomy":"category","embeddable":true,"href":"https:\/\/serveiseducatius.xtec.cat\/eixample\/wp-json\/wp\/v2\/categories?post=883"},{"taxonomy":"post_tag","embeddable":true,"href":"https:\/\/serveiseducatius.xtec.cat\/eixample\/wp-json\/wp\/v2\/tags?post=883"}],"curies":[{"name":"wp","href":"https:\/\/api.w.org\/{rel}","templated":true}]}}