{"id":13722,"date":"2025-04-24T12:22:15","date_gmt":"2025-04-24T10:22:15","guid":{"rendered":"https:\/\/serveiseducatius.xtec.cat\/eixample\/?p=13722"},"modified":"2025-04-24T12:22:19","modified_gmt":"2025-04-24T10:22:19","slug":"orientacio-academica-i-professional","status":"publish","type":"post","link":"https:\/\/serveiseducatius.xtec.cat\/eixample\/portada\/orientacio-academica-i-professional\/","title":{"rendered":"Orientaci\u00f3 acad\u00e8mica i professional"},"content":{"rendered":"<p><a href=\"https:\/\/serveiseducatius.xtec.cat\/eixample\/wp-content\/uploads\/usu1171\/2025\/04\/subcapcalera-generica-1.png\"><img loading=\"lazy\" decoding=\"async\" class=\"alignnone wp-image-13724\" src=\"https:\/\/serveiseducatius.xtec.cat\/eixample\/wp-content\/uploads\/usu1171\/2025\/04\/subcapcalera-generica-1-1024x227.png\" alt=\"\" width=\"780\" height=\"173\" srcset=\"https:\/\/serveiseducatius.xtec.cat\/eixample\/wp-content\/uploads\/usu1171\/2025\/04\/subcapcalera-generica-1-1024x227.png 1024w, https:\/\/serveiseducatius.xtec.cat\/eixample\/wp-content\/uploads\/usu1171\/2025\/04\/subcapcalera-generica-1-300x66.png 300w, https:\/\/serveiseducatius.xtec.cat\/eixample\/wp-content\/uploads\/usu1171\/2025\/04\/subcapcalera-generica-1-768x170.png 768w, https:\/\/serveiseducatius.xtec.cat\/eixample\/wp-content\/uploads\/usu1171\/2025\/04\/subcapcalera-generica-1.png 1404w\" sizes=\"auto, (max-width: 780px) 100vw, 780px\" \/><\/a><\/p>\n<p>En aquest web trobar\u00e0s informaci\u00f3 de qualitat i actualitzada de <strong>tots els ensenyaments que pots cursar a Catalunya<\/strong>. Podr\u00e0s accedir-hi a trav\u00e9s del men\u00fa superior de navegaci\u00f3 o mitjan\u00e7ant els cercadors. Bona tria!<\/p>\n<p><a href=\"https:\/\/triaeducativa.gencat.cat\/ca\/inici\/\"><strong>TRIA EDUCATIVA Qu\u00e8 puc estudiar?<\/strong><\/a><\/p>\n<p><a href=\"https:\/\/www.ensenyament.com\/\"><strong>SAL\u00d3 DE L&#8217;ENSENYAMENT<\/strong><\/a><\/p>\n<p>&nbsp;<\/p>\n","protected":false},"excerpt":{"rendered":"<p><a href=\"https:\/\/serveiseducatius.xtec.cat\/eixample\/wp-content\/uploads\/usu1171\/2025\/04\/subcapcalera-generica-1.png\"><\/a><br \/>\nEn aquest web trobar\u00e0s informaci\u00f3 de qualitat i actualitzada de tots els ensenyaments que pots cursar a Catalunya. Podr\u00e0s accedir-hi a trav\u00e9s del men\u00fa superior de navegaci\u00f3 o mitjan\u00e7ant els cercadors. Bona tria!<br \/>\n<a href=\"https:\/\/triaeducativa.gencat.cat\/ca\/inici\/\">TRIA EDUCATIVA Qu\u00e8 puc estudiar?<\/a><br \/>\n<a href=\"https:\/\/www.ensenyament.com\/\">SAL\u00d3 DE L&#8217;ENSENYAMENT<\/a><br \/>\n&nbsp;<\/p>\n","protected":false},"author":5,"featured_media":13724,"comment_status":"closed","ping_status":"closed","sticky":false,"template":"","format":"standard","meta":{"_bbp_topic_count":0,"_bbp_reply_count":0,"_bbp_total_topic_count":0,"_bbp_total_reply_count":0,"_bbp_voice_count":0,"_bbp_anonymous_reply_count":0,"_bbp_topic_count_hidden":0,"_bbp_reply_count_hidden":0,"_bbp_forum_subforum_count":0,"footnotes":""},"categories":[418,67,417,29,419],"tags":[],"class_list":["post-13722","post","type-post","status-publish","format-standard","has-post-thumbnail","hentry","category-centres","category-eap","category-families-eap","category-portada","category-professionals-inclusiva"],"post_mailing_queue_ids":[],"_links":{"self":[{"href":"https:\/\/serveiseducatius.xtec.cat\/eixample\/wp-json\/wp\/v2\/posts\/13722","targetHints":{"allow":["GET"]}}],"collection":[{"href":"https:\/\/serveiseducatius.xtec.cat\/eixample\/wp-json\/wp\/v2\/posts"}],"about":[{"href":"https:\/\/serveiseducatius.xtec.cat\/eixample\/wp-json\/wp\/v2\/types\/post"}],"author":[{"embeddable":true,"href":"https:\/\/serveiseducatius.xtec.cat\/eixample\/wp-json\/wp\/v2\/users\/5"}],"replies":[{"embeddable":true,"href":"https:\/\/serveiseducatius.xtec.cat\/eixample\/wp-json\/wp\/v2\/comments?post=13722"}],"version-history":[{"count":1,"href":"https:\/\/serveiseducatius.xtec.cat\/eixample\/wp-json\/wp\/v2\/posts\/13722\/revisions"}],"predecessor-version":[{"id":13725,"href":"https:\/\/serveiseducatius.xtec.cat\/eixample\/wp-json\/wp\/v2\/posts\/13722\/revisions\/13725"}],"wp:featuredmedia":[{"embeddable":true,"href":"https:\/\/serveiseducatius.xtec.cat\/eixample\/wp-json\/wp\/v2\/media\/13724"}],"wp:attachment":[{"href":"https:\/\/serveiseducatius.xtec.cat\/eixample\/wp-json\/wp\/v2\/media?parent=13722"}],"wp:term":[{"taxonomy":"category","embeddable":true,"href":"https:\/\/serveiseducatius.xtec.cat\/eixample\/wp-json\/wp\/v2\/categories?post=13722"},{"taxonomy":"post_tag","embeddable":true,"href":"https:\/\/serveiseducatius.xtec.cat\/eixample\/wp-json\/wp\/v2\/tags?post=13722"}],"curies":[{"name":"wp","href":"https:\/\/api.w.org\/{rel}","templated":true}]}}