{"id":13625,"date":"2024-10-02T12:53:27","date_gmt":"2024-10-02T10:53:27","guid":{"rendered":"https:\/\/serveiseducatius.xtec.cat\/eixample\/?p=13625"},"modified":"2024-10-02T12:53:27","modified_gmt":"2024-10-02T10:53:27","slug":"material-vector-de-genere","status":"publish","type":"post","link":"https:\/\/serveiseducatius.xtec.cat\/eixample\/portada\/material-vector-de-genere\/","title":{"rendered":"Material Vector de G\u00e8nere"},"content":{"rendered":"<p><a href=\"https:\/\/projectes.xtec.cat\/nou-curriculum\/wp-content\/uploads\/usu2072\/2024\/09\/MARC-TEORIC-VECTOR-GENERE.pdf\"><img loading=\"lazy\" decoding=\"async\" class=\"wp-image-13624  alignleft\" src=\"https:\/\/serveiseducatius.xtec.cat\/eixample\/wp-content\/uploads\/usu1171\/2024\/10\/PHOTO-2024-10-02-12-35-24-225x300.jpg\" alt=\"\" width=\"208\" height=\"277\" srcset=\"https:\/\/serveiseducatius.xtec.cat\/eixample\/wp-content\/uploads\/usu1171\/2024\/10\/PHOTO-2024-10-02-12-35-24-225x300.jpg 225w, https:\/\/serveiseducatius.xtec.cat\/eixample\/wp-content\/uploads\/usu1171\/2024\/10\/PHOTO-2024-10-02-12-35-24-768x1024.jpg 768w, https:\/\/serveiseducatius.xtec.cat\/eixample\/wp-content\/uploads\/usu1171\/2024\/10\/PHOTO-2024-10-02-12-35-24-1152x1536.jpg 1152w, https:\/\/serveiseducatius.xtec.cat\/eixample\/wp-content\/uploads\/usu1171\/2024\/10\/PHOTO-2024-10-02-12-35-24.jpg 1200w\" sizes=\"auto, (max-width: 208px) 100vw, 208px\" \/><span style=\"font-family: inherit; font-size: 1em; background-color: #ffffff; color: #222222;\">El Departament ha actualitzat els materials de coeducaci\u00f3 i vector de g\u00e8nere\u00a0<\/span><span class=\"hiddenGrammarError\" style=\"font-family: inherit; font-size: 1em; background-color: #ffffff; color: #222222;\">al <a href=\"https:\/\/projectes.xtec.cat\/nou-curriculum\/educacio-basica\/els-sis-vectors\/perspectiva-de-genere\/\">nodes<\/a><\/span><span style=\"font-family: inherit; font-size: 1em; background-color: #ffffff; color: #222222;\">\u00a0del Nou Curr\u00edculum<\/span><span style=\"font-family: inherit; font-size: 1em; background-color: #ffffff; color: #222222;\"> i ha posat a disposici\u00f3 del professorat aquest document amb el t\u00edtol &#8220;<\/span><em style=\"font-family: inherit; font-size: 1em; background-color: #ffffff; color: #222222;\">El vector de perspectiva de g\u00e8nere en les situacions d&#8217;aprenentatge<\/em><span style=\"font-family: inherit; font-size: 1em; background-color: #ffffff; color: #222222;\">&#8220;. El document ve acompanyat d&#8217;un <\/span><\/a><a style=\"font-family: inherit; font-size: 1em; background-color: #ffffff;\" href=\"https:\/\/projectes.xtec.cat\/nou-curriculum\/wp-content\/uploads\/usu2072\/2024\/09\/Itinerari-Lector-2.pdf\">itinerari lector<\/a><a href=\"https:\/\/projectes.xtec.cat\/nou-curriculum\/wp-content\/uploads\/usu2072\/2024\/09\/MARC-TEORIC-VECTOR-GENERE.pdf\"><span style=\"font-family: inherit; font-size: 1em; background-color: #ffffff; color: #222222;\"> per infantil i prim\u00e0ria i amb nou Situacions d&#8217;Aprenentatge. <\/span><\/a>Aquests projecte ha estat elaborat per un grup de professionals docents de totes les etapes i coordinat per <span class=\"hiddenSpellError\">Katy<\/span>\u00a0<span class=\"hiddenGrammarError\">Pall\u00e0s<\/span>,\u00a0<span class=\"hiddenSpellError\">LIC<\/span>\u00a0al SE de l&#8217;Eixample i especialista en elaboraci\u00f3 de materials did\u00e0ctics i coeducaci\u00f3. Aquest \u00e9s un document d&#8217;orientacions per al desplegament d&#8217;aquest vector en el curr\u00edculum, amb l&#8217;objectiu d&#8217;ajudar els centres i\u00a0<span class=\"hiddenGrammarError\">les persones docents<\/span>\u00a0a tenir propostes did\u00e0ctiques de les diferents \u00e0rees o \u00e0mbits i nivells educatius que exemplifiquin com es pot incorporar la perspectiva de g\u00e8nere als continguts curriculars. Disposar d&#8217;aquests exemples did\u00e0ctics en els quals emmirallar-se, facilita portar a l&#8217;aula propostes educatives m\u00e9s igualit\u00e0ries i inclusives.<\/p>\n","protected":false},"excerpt":{"rendered":"<p><a href=\"https:\/\/projectes.xtec.cat\/nou-curriculum\/wp-content\/uploads\/usu2072\/2024\/09\/MARC-TEORIC-VECTOR-GENERE.pdf\">El Departament ha actualitzat els materials de coeducaci\u00f3 i vector de g\u00e8nere\u00a0al <a href=\"https:\/\/projectes.xtec.cat\/nou-curriculum\/educacio-basica\/els-sis-vectors\/perspectiva-de-genere\/\">nodes<\/a>\u00a0del Nou Curr\u00edculum i ha posat a disposici\u00f3 del professorat aquest document amb el t\u00edtol &#8220;El vector de perspectiva de g\u00e8nere en les situacions d&#8217;aprenentatge&#8220;. El document ve acompanyat d&#8217;un <\/a><a&hellip;  <a href=\"https:\/\/serveiseducatius.xtec.cat\/eixample\/portada\/material-vector-de-genere\/\" title=\"Read Material Vector de G\u00e8nere\">Llegeix m\u00e9s\u00bb<\/a><\/p>\n","protected":false},"author":76,"featured_media":0,"comment_status":"closed","ping_status":"closed","sticky":false,"template":"","format":"standard","meta":{"_bbp_topic_count":0,"_bbp_reply_count":0,"_bbp_total_topic_count":0,"_bbp_total_reply_count":0,"_bbp_voice_count":0,"_bbp_anonymous_reply_count":0,"_bbp_topic_count_hidden":0,"_bbp_reply_count_hidden":0,"_bbp_forum_subforum_count":0,"footnotes":""},"categories":[68,29],"tags":[],"class_list":["post-13625","post","type-post","status-publish","format-standard","hentry","category-elic","category-portada"],"post_mailing_queue_ids":[],"_links":{"self":[{"href":"https:\/\/serveiseducatius.xtec.cat\/eixample\/wp-json\/wp\/v2\/posts\/13625","targetHints":{"allow":["GET"]}}],"collection":[{"href":"https:\/\/serveiseducatius.xtec.cat\/eixample\/wp-json\/wp\/v2\/posts"}],"about":[{"href":"https:\/\/serveiseducatius.xtec.cat\/eixample\/wp-json\/wp\/v2\/types\/post"}],"author":[{"embeddable":true,"href":"https:\/\/serveiseducatius.xtec.cat\/eixample\/wp-json\/wp\/v2\/users\/76"}],"replies":[{"embeddable":true,"href":"https:\/\/serveiseducatius.xtec.cat\/eixample\/wp-json\/wp\/v2\/comments?post=13625"}],"version-history":[{"count":3,"href":"https:\/\/serveiseducatius.xtec.cat\/eixample\/wp-json\/wp\/v2\/posts\/13625\/revisions"}],"predecessor-version":[{"id":13628,"href":"https:\/\/serveiseducatius.xtec.cat\/eixample\/wp-json\/wp\/v2\/posts\/13625\/revisions\/13628"}],"wp:attachment":[{"href":"https:\/\/serveiseducatius.xtec.cat\/eixample\/wp-json\/wp\/v2\/media?parent=13625"}],"wp:term":[{"taxonomy":"category","embeddable":true,"href":"https:\/\/serveiseducatius.xtec.cat\/eixample\/wp-json\/wp\/v2\/categories?post=13625"},{"taxonomy":"post_tag","embeddable":true,"href":"https:\/\/serveiseducatius.xtec.cat\/eixample\/wp-json\/wp\/v2\/tags?post=13625"}],"curies":[{"name":"wp","href":"https:\/\/api.w.org\/{rel}","templated":true}]}}