{"id":13578,"date":"2024-06-03T12:24:57","date_gmt":"2024-06-03T10:24:57","guid":{"rendered":"https:\/\/serveiseducatius.xtec.cat\/eixample\/?p=13578"},"modified":"2024-06-03T12:24:57","modified_gmt":"2024-06-03T10:24:57","slug":"lescola-ramon-llull-aposta-per-millorar-la-didactica-de-la-llengua-oral-a-les-seves-aules","status":"publish","type":"post","link":"https:\/\/serveiseducatius.xtec.cat\/eixample\/portada\/lescola-ramon-llull-aposta-per-millorar-la-didactica-de-la-llengua-oral-a-les-seves-aules\/","title":{"rendered":"L\u2019escola Ramon Llull aposta per millorar la did\u00e0ctica de la llengua oral a les seves aules"},"content":{"rendered":"<p>Aquest curs el centre ha elaborat propostes per millorar l\u2019\u00fas de la llengua oral en el<br \/>\ncentre, introduint din\u00e0miques estrat\u00e8gies i continguts sorgits en el marc de la formaci\u00f3 IOA<br \/>\n(la interacci\u00f3 Oral a l\u2019Aula).<br \/>\nEls aspectes que s\u2019han tractat s\u00f3n:<br \/>\n\uf0b7 La llengua oral com a motor per a la formaci\u00f3.<br \/>\n\uf0b7 L\u2019aprenentatge de la llengua: aspectes personals (motivaci\u00f3, actitud i filtre<br \/>\nafectiu).<br \/>\n\uf0b7 Els patrons de llengua i els protagonistes en el seu \u00fas docents i alumnes.<a href=\"https:\/\/serveiseducatius.xtec.cat\/eixample\/wp-content\/uploads\/usu1171\/2024\/06\/IOA.jpg\"><img loading=\"lazy\" decoding=\"async\" class=\"wp-image-13579 alignright\" src=\"https:\/\/serveiseducatius.xtec.cat\/eixample\/wp-content\/uploads\/usu1171\/2024\/06\/IOA.jpg\" alt=\"\" width=\"331\" height=\"248\" srcset=\"https:\/\/serveiseducatius.xtec.cat\/eixample\/wp-content\/uploads\/usu1171\/2024\/06\/IOA.jpg 512w, https:\/\/serveiseducatius.xtec.cat\/eixample\/wp-content\/uploads\/usu1171\/2024\/06\/IOA-300x225.jpg 300w, https:\/\/serveiseducatius.xtec.cat\/eixample\/wp-content\/uploads\/usu1171\/2024\/06\/IOA-200x150.jpg 200w\" sizes=\"auto, (max-width: 331px) 100vw, 331px\" \/><\/a><br \/>\n\uf0b7 Els contextos comunicatius, estrat\u00e8gies, tipus de converses i activitats per a<br \/>\nl\u2019oralitat.<br \/>\n\uf0b7 L\u2019 avaluaci\u00f3 formativa i formadora de la comunicaci\u00f3 oral.<\/p>\n<p>Els participants han tingut la oportunitat d\u2019implementar les propostes sorgides en la formaci\u00f3,<br \/>\naportant noves perspectives i nous camins per promoure l\u2019oralitat en els espais del centre i<br \/>\nobrir-la a l\u2019entorn i a noves interaccions.<br \/>\nMarta Rovira ( Assessora LIC de l\u2019Eixample)<\/p>\n","protected":false},"excerpt":{"rendered":"<p>Aquest curs el centre ha elaborat propostes per millorar l\u2019\u00fas de la llengua oral en el<br \/>\ncentre, introduint din\u00e0miques estrat\u00e8gies i continguts sorgits en el marc de la formaci\u00f3 IOA<br \/>\n(la interacci\u00f3 Oral a l\u2019Aula).<br \/>\nEls aspectes que s\u2019han tractat s\u00f3n:<br \/>\n\uf0b7 La llengua oral com a motor per&hellip;  <a href=\"https:\/\/serveiseducatius.xtec.cat\/eixample\/portada\/lescola-ramon-llull-aposta-per-millorar-la-didactica-de-la-llengua-oral-a-les-seves-aules\/\" title=\"Read L\u2019escola Ramon Llull aposta per millorar la did\u00e0ctica de la llengua oral a les seves aules\">Llegeix m\u00e9s\u00bb<\/a><\/p>\n","protected":false},"author":76,"featured_media":0,"comment_status":"closed","ping_status":"closed","sticky":false,"template":"","format":"standard","meta":{"_bbp_topic_count":0,"_bbp_reply_count":0,"_bbp_total_topic_count":0,"_bbp_total_reply_count":0,"_bbp_voice_count":0,"_bbp_anonymous_reply_count":0,"_bbp_topic_count_hidden":0,"_bbp_reply_count_hidden":0,"_bbp_forum_subforum_count":0,"footnotes":""},"categories":[68,29],"tags":[],"class_list":["post-13578","post","type-post","status-publish","format-standard","hentry","category-elic","category-portada"],"post_mailing_queue_ids":[],"_links":{"self":[{"href":"https:\/\/serveiseducatius.xtec.cat\/eixample\/wp-json\/wp\/v2\/posts\/13578","targetHints":{"allow":["GET"]}}],"collection":[{"href":"https:\/\/serveiseducatius.xtec.cat\/eixample\/wp-json\/wp\/v2\/posts"}],"about":[{"href":"https:\/\/serveiseducatius.xtec.cat\/eixample\/wp-json\/wp\/v2\/types\/post"}],"author":[{"embeddable":true,"href":"https:\/\/serveiseducatius.xtec.cat\/eixample\/wp-json\/wp\/v2\/users\/76"}],"replies":[{"embeddable":true,"href":"https:\/\/serveiseducatius.xtec.cat\/eixample\/wp-json\/wp\/v2\/comments?post=13578"}],"version-history":[{"count":1,"href":"https:\/\/serveiseducatius.xtec.cat\/eixample\/wp-json\/wp\/v2\/posts\/13578\/revisions"}],"predecessor-version":[{"id":13580,"href":"https:\/\/serveiseducatius.xtec.cat\/eixample\/wp-json\/wp\/v2\/posts\/13578\/revisions\/13580"}],"wp:attachment":[{"href":"https:\/\/serveiseducatius.xtec.cat\/eixample\/wp-json\/wp\/v2\/media?parent=13578"}],"wp:term":[{"taxonomy":"category","embeddable":true,"href":"https:\/\/serveiseducatius.xtec.cat\/eixample\/wp-json\/wp\/v2\/categories?post=13578"},{"taxonomy":"post_tag","embeddable":true,"href":"https:\/\/serveiseducatius.xtec.cat\/eixample\/wp-json\/wp\/v2\/tags?post=13578"}],"curies":[{"name":"wp","href":"https:\/\/api.w.org\/{rel}","templated":true}]}}