{"id":13488,"date":"2024-02-07T09:54:26","date_gmt":"2024-02-07T08:54:26","guid":{"rendered":"https:\/\/serveiseducatius.xtec.cat\/eixample\/?p=13488"},"modified":"2024-02-08T15:03:35","modified_gmt":"2024-02-08T14:03:35","slug":"guia-per-a-labordatge-de-la-conducta-suicida-i-de-les-autolesions-no-suicides-en-el-centre-educatiu","status":"publish","type":"post","link":"https:\/\/serveiseducatius.xtec.cat\/eixample\/general\/guia-per-a-labordatge-de-la-conducta-suicida-i-de-les-autolesions-no-suicides-en-el-centre-educatiu\/","title":{"rendered":"Guia per a l\u2019abordatge de la conducta su\u00efcida i de les autolesions no su\u00efcides en el centre educatiu"},"content":{"rendered":"<p><a href=\"https:\/\/serveiseducatius.xtec.cat\/eixample\/wp-content\/uploads\/usu1171\/2024\/02\/Imagen-7-2-24-a-las-9.45.jpeg\"><img loading=\"lazy\" decoding=\"async\" class=\"alignleft size-medium wp-image-13489\" src=\"https:\/\/serveiseducatius.xtec.cat\/eixample\/wp-content\/uploads\/usu1171\/2024\/02\/Imagen-7-2-24-a-las-9.45-300x223.jpeg\" alt=\"\" width=\"300\" height=\"223\" srcset=\"https:\/\/serveiseducatius.xtec.cat\/eixample\/wp-content\/uploads\/usu1171\/2024\/02\/Imagen-7-2-24-a-las-9.45-300x223.jpeg 300w, https:\/\/serveiseducatius.xtec.cat\/eixample\/wp-content\/uploads\/usu1171\/2024\/02\/Imagen-7-2-24-a-las-9.45-1024x763.jpeg 1024w, https:\/\/serveiseducatius.xtec.cat\/eixample\/wp-content\/uploads\/usu1171\/2024\/02\/Imagen-7-2-24-a-las-9.45-768x572.jpeg 768w, https:\/\/serveiseducatius.xtec.cat\/eixample\/wp-content\/uploads\/usu1171\/2024\/02\/Imagen-7-2-24-a-las-9.45-1536x1144.jpeg 1536w, https:\/\/serveiseducatius.xtec.cat\/eixample\/wp-content\/uploads\/usu1171\/2024\/02\/Imagen-7-2-24-a-las-9.45-200x150.jpeg 200w, https:\/\/serveiseducatius.xtec.cat\/eixample\/wp-content\/uploads\/usu1171\/2024\/02\/Imagen-7-2-24-a-las-9.45.jpeg 1606w\" sizes=\"auto, (max-width: 300px) 100vw, 300px\" \/><\/a>\u00c9s molt important crear contextos amb <strong>sentiments de pertinen\u00e7a, de benestar i de comunicaci\u00f3<\/strong> i que els i les docents es formin en la detecci\u00f3 d\u2019indicadors d\u2019estat d\u2019\u00e0nim negatiu. Els centres educatius tamb\u00e9 s\u00f3n bons observatoris per detectar i prevenir el malestar emocional en relaci\u00f3 amb la conducta su\u00efcida. D\u2019aqu\u00ed sorgeix el prop\u00f2sit conjunt del Departament de Salut i del Departament d\u2019Educaci\u00f3 d\u2019implementar aquest material per a l\u2019abordatge del su\u00efcidi i les autolesions no su\u00efcides en l\u2019\u00e0mbit educatiu, que es dirigeix a tot l\u2019alumnat de l\u2019escolaritat obligat\u00f2ria i postobligat\u00f2ria, i que ofereix unes pautes adequades per a l\u2019actuaci\u00f3 coordinada i preco\u00e7 en els centres educatius.<\/p>\n<p><a href=\"https:\/\/presidencia.gencat.cat\/web\/.content\/ambits_actuacio\/pacte-nacional-salut-mental\/2022-Guia-Abordatge-Conducta-Suicida-Autolesions-Suicides-Centres.pdf\">Enlla\u00e7 a la Guia<\/a><\/p>\n","protected":false},"excerpt":{"rendered":"<p><a href=\"https:\/\/serveiseducatius.xtec.cat\/eixample\/wp-content\/uploads\/usu1171\/2024\/02\/Imagen-7-2-24-a-las-9.45.jpeg\"><\/a>\u00c9s molt important crear contextos amb sentiments de pertinen\u00e7a, de benestar i de comunicaci\u00f3 i que els i les docents es formin en la detecci\u00f3 d\u2019indicadors d\u2019estat d\u2019\u00e0nim negatiu. Els centres educatius tamb\u00e9 s\u00f3n bons observatoris per detectar i prevenir el malestar emocional en&hellip;  <a href=\"https:\/\/serveiseducatius.xtec.cat\/eixample\/general\/guia-per-a-labordatge-de-la-conducta-suicida-i-de-les-autolesions-no-suicides-en-el-centre-educatiu\/\" title=\"Read Guia per a l\u2019abordatge de la conducta su\u00efcida i de les autolesions no su\u00efcides en el centre educatiu\">Llegeix m\u00e9s\u00bb<\/a><\/p>\n","protected":false},"author":85,"featured_media":13497,"comment_status":"closed","ping_status":"closed","sticky":false,"template":"","format":"standard","meta":{"_bbp_topic_count":0,"_bbp_reply_count":0,"_bbp_total_topic_count":0,"_bbp_total_reply_count":0,"_bbp_voice_count":0,"_bbp_anonymous_reply_count":0,"_bbp_topic_count_hidden":0,"_bbp_reply_count_hidden":0,"_bbp_forum_subforum_count":0,"footnotes":""},"categories":[440,67,1,29],"tags":[423,447,448,346,446,422,331],"class_list":["post-13488","post","type-post","status-publish","format-standard","has-post-thumbnail","hentry","category-atencio-a-lalumnat","category-eap","category-general","category-portada","tag-adolescencia","tag-benestar","tag-cura","tag-diversitat","tag-eap","tag-families","tag-formacio-docent"],"post_mailing_queue_ids":[],"_links":{"self":[{"href":"https:\/\/serveiseducatius.xtec.cat\/eixample\/wp-json\/wp\/v2\/posts\/13488","targetHints":{"allow":["GET"]}}],"collection":[{"href":"https:\/\/serveiseducatius.xtec.cat\/eixample\/wp-json\/wp\/v2\/posts"}],"about":[{"href":"https:\/\/serveiseducatius.xtec.cat\/eixample\/wp-json\/wp\/v2\/types\/post"}],"author":[{"embeddable":true,"href":"https:\/\/serveiseducatius.xtec.cat\/eixample\/wp-json\/wp\/v2\/users\/85"}],"replies":[{"embeddable":true,"href":"https:\/\/serveiseducatius.xtec.cat\/eixample\/wp-json\/wp\/v2\/comments?post=13488"}],"version-history":[{"count":1,"href":"https:\/\/serveiseducatius.xtec.cat\/eixample\/wp-json\/wp\/v2\/posts\/13488\/revisions"}],"predecessor-version":[{"id":13490,"href":"https:\/\/serveiseducatius.xtec.cat\/eixample\/wp-json\/wp\/v2\/posts\/13488\/revisions\/13490"}],"wp:featuredmedia":[{"embeddable":true,"href":"https:\/\/serveiseducatius.xtec.cat\/eixample\/wp-json\/wp\/v2\/media\/13497"}],"wp:attachment":[{"href":"https:\/\/serveiseducatius.xtec.cat\/eixample\/wp-json\/wp\/v2\/media?parent=13488"}],"wp:term":[{"taxonomy":"category","embeddable":true,"href":"https:\/\/serveiseducatius.xtec.cat\/eixample\/wp-json\/wp\/v2\/categories?post=13488"},{"taxonomy":"post_tag","embeddable":true,"href":"https:\/\/serveiseducatius.xtec.cat\/eixample\/wp-json\/wp\/v2\/tags?post=13488"}],"curies":[{"name":"wp","href":"https:\/\/api.w.org\/{rel}","templated":true}]}}