{"id":13372,"date":"2024-02-06T17:06:08","date_gmt":"2024-02-06T16:06:08","guid":{"rendered":"https:\/\/serveiseducatius.xtec.cat\/eixample\/?p=13372"},"modified":"2024-02-19T11:16:58","modified_gmt":"2024-02-19T10:16:58","slug":"proves-2-families","status":"publish","type":"post","link":"https:\/\/serveiseducatius.xtec.cat\/eixample\/portada\/proves-2-families\/","title":{"rendered":"SOAF (Servei d&#8217;Orientaci\u00f3 i Acompanyament a les Fam\u00edlies)"},"content":{"rendered":"<p><a href=\"https:\/\/serveiseducatius.xtec.cat\/eixample\/wp-content\/uploads\/usu1171\/2024\/02\/Imagen-19-2-24-a-las-11.15.jpeg\"><img loading=\"lazy\" decoding=\"async\" class=\"alignleft size-medium wp-image-13526\" src=\"https:\/\/serveiseducatius.xtec.cat\/eixample\/wp-content\/uploads\/usu1171\/2024\/02\/Imagen-19-2-24-a-las-11.15-300x164.jpeg\" alt=\"\" width=\"300\" height=\"164\" srcset=\"https:\/\/serveiseducatius.xtec.cat\/eixample\/wp-content\/uploads\/usu1171\/2024\/02\/Imagen-19-2-24-a-las-11.15-300x164.jpeg 300w, https:\/\/serveiseducatius.xtec.cat\/eixample\/wp-content\/uploads\/usu1171\/2024\/02\/Imagen-19-2-24-a-las-11.15-1024x559.jpeg 1024w, https:\/\/serveiseducatius.xtec.cat\/eixample\/wp-content\/uploads\/usu1171\/2024\/02\/Imagen-19-2-24-a-las-11.15-768x419.jpeg 768w, https:\/\/serveiseducatius.xtec.cat\/eixample\/wp-content\/uploads\/usu1171\/2024\/02\/Imagen-19-2-24-a-las-11.15-1536x839.jpeg 1536w, https:\/\/serveiseducatius.xtec.cat\/eixample\/wp-content\/uploads\/usu1171\/2024\/02\/Imagen-19-2-24-a-las-11.15.jpeg 1864w\" sizes=\"auto, (max-width: 300px) 100vw, 300px\" \/><\/a>El <a href=\"https:\/\/fundacioviarany.org\/projectes\/soaf-eixample\/\">SOAF<\/a> \u00e9s un espai per parlar amb calma i confian\u00e7a de les relacions familiars. La quotidianitat i l&#8217;educaci\u00f3 dels fills i filles, sovint, generen molts interrogants i preguntes. El SOAF ens pot orientar i ajudar a trobar respostes. Els canvis i les incerteses en les fam\u00edlies, de vegades, requereixen l&#8217;acompanyament de professionals especialitzats.<\/p>\n<p><a href=\"https:\/\/fundacioviarany.org\/projectes\/soaf-eixample\/\">Enlla\u00e7 al web<\/a><\/p>\n<p>&nbsp;<\/p>\n<p>&nbsp;<\/p>\n","protected":false},"excerpt":{"rendered":"<p><a href=\"https:\/\/serveiseducatius.xtec.cat\/eixample\/wp-content\/uploads\/usu1171\/2024\/02\/Imagen-19-2-24-a-las-11.15.jpeg\"><\/a>El <a href=\"https:\/\/fundacioviarany.org\/projectes\/soaf-eixample\/\">SOAF<\/a> \u00e9s un espai per parlar amb calma i confian\u00e7a de les relacions familiars. La quotidianitat i l&#8217;educaci\u00f3 dels fills i filles, sovint, generen molts interrogants i preguntes. El SOAF ens pot orientar i ajudar a trobar respostes. Els canvis i les&hellip;  <a href=\"https:\/\/serveiseducatius.xtec.cat\/eixample\/portada\/proves-2-families\/\" title=\"Read SOAF (Servei d&#8217;Orientaci\u00f3 i Acompanyament a les Fam\u00edlies)\">Llegeix m\u00e9s\u00bb<\/a><\/p>\n","protected":false},"author":5,"featured_media":13495,"comment_status":"open","ping_status":"closed","sticky":false,"template":"","format":"standard","meta":{"_bbp_topic_count":0,"_bbp_reply_count":0,"_bbp_total_topic_count":0,"_bbp_total_reply_count":0,"_bbp_voice_count":0,"_bbp_anonymous_reply_count":0,"_bbp_topic_count_hidden":0,"_bbp_reply_count_hidden":0,"_bbp_forum_subforum_count":0,"footnotes":""},"categories":[441,418,67,417,29,419],"tags":[],"class_list":["post-13372","post","type-post","status-publish","format-standard","has-post-thumbnail","hentry","category-atencio-families","category-centres","category-eap","category-families-eap","category-portada","category-professionals-inclusiva"],"post_mailing_queue_ids":[],"_links":{"self":[{"href":"https:\/\/serveiseducatius.xtec.cat\/eixample\/wp-json\/wp\/v2\/posts\/13372","targetHints":{"allow":["GET"]}}],"collection":[{"href":"https:\/\/serveiseducatius.xtec.cat\/eixample\/wp-json\/wp\/v2\/posts"}],"about":[{"href":"https:\/\/serveiseducatius.xtec.cat\/eixample\/wp-json\/wp\/v2\/types\/post"}],"author":[{"embeddable":true,"href":"https:\/\/serveiseducatius.xtec.cat\/eixample\/wp-json\/wp\/v2\/users\/5"}],"replies":[{"embeddable":true,"href":"https:\/\/serveiseducatius.xtec.cat\/eixample\/wp-json\/wp\/v2\/comments?post=13372"}],"version-history":[{"count":4,"href":"https:\/\/serveiseducatius.xtec.cat\/eixample\/wp-json\/wp\/v2\/posts\/13372\/revisions"}],"predecessor-version":[{"id":13527,"href":"https:\/\/serveiseducatius.xtec.cat\/eixample\/wp-json\/wp\/v2\/posts\/13372\/revisions\/13527"}],"wp:featuredmedia":[{"embeddable":true,"href":"https:\/\/serveiseducatius.xtec.cat\/eixample\/wp-json\/wp\/v2\/media\/13495"}],"wp:attachment":[{"href":"https:\/\/serveiseducatius.xtec.cat\/eixample\/wp-json\/wp\/v2\/media?parent=13372"}],"wp:term":[{"taxonomy":"category","embeddable":true,"href":"https:\/\/serveiseducatius.xtec.cat\/eixample\/wp-json\/wp\/v2\/categories?post=13372"},{"taxonomy":"post_tag","embeddable":true,"href":"https:\/\/serveiseducatius.xtec.cat\/eixample\/wp-json\/wp\/v2\/tags?post=13372"}],"curies":[{"name":"wp","href":"https:\/\/api.w.org\/{rel}","templated":true}]}}