{"id":13369,"date":"2024-02-06T17:34:47","date_gmt":"2024-02-06T16:34:47","guid":{"rendered":"https:\/\/serveiseducatius.xtec.cat\/eixample\/?p=13369"},"modified":"2024-02-07T14:12:45","modified_gmt":"2024-02-07T13:12:45","slug":"proves-families","status":"publish","type":"post","link":"https:\/\/serveiseducatius.xtec.cat\/eixample\/portada\/proves-families\/","title":{"rendered":"Implica&#8217;t: ingredients per a un creixement saludable i feli\u00e7"},"content":{"rendered":"<p>&nbsp;<\/p>\n<p><strong>Els factors de protecci\u00f3 que poden desenvolupar-se des del nucli familiar consisteixen en desenvolupar una crian\u00e7a positiva, realitzar els \u00e0pats en fam\u00edlia i evitar comentaris negatius sobre el f\u00edsi<a style=\"color: #2795b6;\" href=\"https:\/\/serveiseducatius.xtec.cat\/eixample\/wp-content\/uploads\/usu1171\/2023\/10\/implicat.png\"><img loading=\"lazy\" decoding=\"async\" class=\"alignleft wp-image-13485 size-medium\" src=\"https:\/\/serveiseducatius.xtec.cat\/eixample\/wp-content\/uploads\/usu1171\/2023\/10\/implicat-300x170.png\" alt=\"\" width=\"300\" height=\"170\" srcset=\"https:\/\/serveiseducatius.xtec.cat\/eixample\/wp-content\/uploads\/usu1171\/2023\/10\/implicat-300x170.png 300w, https:\/\/serveiseducatius.xtec.cat\/eixample\/wp-content\/uploads\/usu1171\/2023\/10\/implicat.png 748w\" sizes=\"auto, (max-width: 300px) 100vw, 300px\" \/><\/a>c<\/strong>. La Taula de\u00a0Di\u00e0leg per a la prevenci\u00f3 dels Trastorns de la Conducta Aliment\u00e0ria (TCA) ha elaborat una \u00a0campanya de sensibilitzaci\u00f3\u00a0<strong><a href=\"http:\/\/consum.gencat.cat\/web\/.content\/10_AGENCIA\/04_Codi_de_consum_de_Catalunya\/sintesi_drets_persones_consumidores\/drets_basics_consumidors\/Taula_TCA\/Campanyes\/Implicat\/Fullet-IMPLICAT.pdf\" target=\"_blank\" rel=\"noopener\">Implica&#8217;t: ingredients\u00a0per a un creixement saludable i feli\u00e7<\/a><\/strong><em>\u00a0<\/em>que busca implicar les fam\u00edlies en la prevenci\u00f3 i recuperaci\u00f3\u00a0 dels trastorns alimentaris. La campanya\u00a0\u00a0agrupa un programa d\u2019accions per donar a con\u00e8ixer la tasca de recerca realitzada en aquest \u00e0mbit i aconseguir la implicaci\u00f3 de les fam\u00edlies, els professionals i la societat en general.<\/p>\n<p>&nbsp;<\/p>\n<p>El material \u201cImplica&#8217;t\u201d \u00a0consta d\u2019un\u00a0<u><a href=\"http:\/\/consum.gencat.cat\/web\/.content\/10_AGENCIA\/04_Codi_de_consum_de_Catalunya\/sintesi_drets_persones_consumidores\/drets_basics_consumidors\/Taula_TCA\/Campanyes\/Implicat\/Fullet-IMPLICAT.pdf\" target=\"_blank\" rel=\"noopener\">D\u00edptic<\/a><\/u>\u00a0i un\u00a0<u><a href=\"http:\/\/consum.gencat.cat\/web\/.content\/10_AGENCIA\/04_Codi_de_consum_de_Catalunya\/sintesi_drets_persones_consumidores\/drets_basics_consumidors\/Taula_TCA\/Campanyes\/Implicat\/Cartell-IMPLICAT.pdf\" target=\"_blank\" rel=\"noopener\">Cartell\u00a0<\/a><\/u>destinats a la\u00a0<strong>sensibilitzaci\u00f3 i conscienciaci\u00f3 de\u00a0<\/strong><strong>les fam\u00edlies i la societat sobre la import\u00e0ncia d&#8217;implicar-se en la prevenci\u00f3 i en la recuperaci\u00f3 dels trastorns alimentaris.<\/strong>\u00a0 El document va adre\u00e7at a totes les fam\u00edlies amb infants de 0 a 12 anys per\u00f2 focalitza en les etapes m\u00e9s primerenques.<\/p>\n<p>&nbsp;<\/p>\n<p>Els trastorns de la conducta aliment\u00e0ria representen la tercera malaltia cr\u00f2nica entre la poblaci\u00f3 femenina adolescent de les societats desenvolupades i occidentalitzades. Afecten al voltant del 5% de les noies i un 11% presenten s\u00edmptomes d\u2019alt risc de patir-los. Entre la poblaci\u00f3 adulta els especialistes alerten que hi ha clars indicis que pot estar augmentant la incid\u00e8ncia. A Catalunya 28.000 adolescents i joves pateixen un TCA. La mortalitat en els casos de l\u2019anor\u00e8xia est\u00e0 voltant el 10%. La Taula de Di\u00e0leg considera la detecci\u00f3 preco\u00e7 com a factor de bon pron\u00f2stic.<\/p>\n<p>&nbsp;<\/p>\n","protected":false},"excerpt":{"rendered":"<p>&nbsp;<br \/>\nEls factors de protecci\u00f3 que poden desenvolupar-se des del nucli familiar consisteixen en desenvolupar una crian\u00e7a positiva, realitzar els \u00e0pats en fam\u00edlia i evitar comentaris negatius sobre el f\u00edsi<a style=\"color: #2795b6;\" href=\"https:\/\/serveiseducatius.xtec.cat\/eixample\/wp-content\/uploads\/usu1171\/2023\/10\/implicat.png\"><\/a>c. La Taula de\u00a0Di\u00e0leg per a la prevenci\u00f3 dels Trastorns de la Conducta Aliment\u00e0ria&hellip;  <a href=\"https:\/\/serveiseducatius.xtec.cat\/eixample\/portada\/proves-families\/\" title=\"Read Implica&#8217;t: ingredients per a un creixement saludable i feli\u00e7\">Llegeix m\u00e9s\u00bb<\/a><\/p>\n","protected":false},"author":5,"featured_media":13494,"comment_status":"open","ping_status":"closed","sticky":false,"template":"","format":"standard","meta":{"_bbp_topic_count":0,"_bbp_reply_count":0,"_bbp_total_topic_count":0,"_bbp_total_reply_count":0,"_bbp_voice_count":0,"_bbp_anonymous_reply_count":0,"_bbp_topic_count_hidden":0,"_bbp_reply_count_hidden":0,"_bbp_forum_subforum_count":0,"footnotes":""},"categories":[441,418,67,417,29,419],"tags":[],"class_list":["post-13369","post","type-post","status-publish","format-standard","has-post-thumbnail","hentry","category-atencio-families","category-centres","category-eap","category-families-eap","category-portada","category-professionals-inclusiva"],"post_mailing_queue_ids":[],"_links":{"self":[{"href":"https:\/\/serveiseducatius.xtec.cat\/eixample\/wp-json\/wp\/v2\/posts\/13369","targetHints":{"allow":["GET"]}}],"collection":[{"href":"https:\/\/serveiseducatius.xtec.cat\/eixample\/wp-json\/wp\/v2\/posts"}],"about":[{"href":"https:\/\/serveiseducatius.xtec.cat\/eixample\/wp-json\/wp\/v2\/types\/post"}],"author":[{"embeddable":true,"href":"https:\/\/serveiseducatius.xtec.cat\/eixample\/wp-json\/wp\/v2\/users\/5"}],"replies":[{"embeddable":true,"href":"https:\/\/serveiseducatius.xtec.cat\/eixample\/wp-json\/wp\/v2\/comments?post=13369"}],"version-history":[{"count":4,"href":"https:\/\/serveiseducatius.xtec.cat\/eixample\/wp-json\/wp\/v2\/posts\/13369\/revisions"}],"predecessor-version":[{"id":13486,"href":"https:\/\/serveiseducatius.xtec.cat\/eixample\/wp-json\/wp\/v2\/posts\/13369\/revisions\/13486"}],"wp:featuredmedia":[{"embeddable":true,"href":"https:\/\/serveiseducatius.xtec.cat\/eixample\/wp-json\/wp\/v2\/media\/13494"}],"wp:attachment":[{"href":"https:\/\/serveiseducatius.xtec.cat\/eixample\/wp-json\/wp\/v2\/media?parent=13369"}],"wp:term":[{"taxonomy":"category","embeddable":true,"href":"https:\/\/serveiseducatius.xtec.cat\/eixample\/wp-json\/wp\/v2\/categories?post=13369"},{"taxonomy":"post_tag","embeddable":true,"href":"https:\/\/serveiseducatius.xtec.cat\/eixample\/wp-json\/wp\/v2\/tags?post=13369"}],"curies":[{"name":"wp","href":"https:\/\/api.w.org\/{rel}","templated":true}]}}