{"id":12882,"date":"2022-12-02T09:53:54","date_gmt":"2022-12-02T08:53:54","guid":{"rendered":"https:\/\/serveiseducatius.xtec.cat\/eixample\/?p=12882"},"modified":"2022-12-02T10:15:04","modified_gmt":"2022-12-02T09:15:04","slug":"01-de-desembre-subxarxa-de-competencia-digital-de-centre","status":"publish","type":"post","link":"https:\/\/serveiseducatius.xtec.cat\/eixample\/general\/01-de-desembre-subxarxa-de-competencia-digital-de-centre\/","title":{"rendered":"01 de desembre \u2013 Subxarxa de Compet\u00e8ncia Digital de Centre"},"content":{"rendered":"<p>Ahir dia 1 de desembre del 2022 \u00e9s va celebrar la <strong>primera sessi\u00f3 de la Subxarxa de Coordinaci\u00f3 Digital. <\/strong>La sessi\u00f3 es va estructurar en 5 grans blocs.<\/p>\n<ol>\n<li style=\"list-style-type: none;\">\n<ol>\n<li>En el primer bloc es van comentar aspectes relatius al<strong> <a href=\"https:\/\/drive.google.com\/file\/d\/1ypHhHi2XQcjXm9f1EZHFFUzo4bxTtp8c\/view\" target=\"_blank\" rel=\"noopener\" data-saferedirecturl=\"https:\/\/www.google.com\/url?q=https:\/\/drive.google.com\/file\/d\/1ypHhHi2XQcjXm9f1EZHFFUzo4bxTtp8c\/view&amp;source=gmail&amp;ust=1670053013022000&amp;usg=AOvVaw1ja7RC6RBq4dMevLYjemoZ\">desplegament de dispositius<\/a> <\/strong>i recursos per a donar suport als <a href=\"https:\/\/projectes.xtec.cat\/coordinaciodigital\/\" target=\"_blank\" rel=\"noopener\" data-saferedirecturl=\"https:\/\/www.google.com\/url?q=https:\/\/projectes.xtec.cat\/coordinaciodigital\/&amp;source=gmail&amp;ust=1670053013022000&amp;usg=AOvVaw2OkywioLSz6vFURKlvBZ3E\"><strong>coordinadors digitals<\/strong><\/a> de centre.<\/li>\n<li>En relaci\u00f3 amb el segon bloc, aquest va estar relacionat amb la<strong> protecci\u00f3 de dades<\/strong>, un aspecte cada vegada \u00e9s m\u00e9s necessari a tenir en compte dia a dia als centres. A m\u00e9s, es van compartir <strong>bones pr\u00e0ctiques de comunicaci\u00f3<\/strong> amb les fam\u00edlies acompanyades d&#8217;unes <a href=\"https:\/\/educacio.gencat.cat\/ca\/departament\/publicacions\/infografies\/proteccio-dades\/\" target=\"_blank\" rel=\"noopener\" data-saferedirecturl=\"https:\/\/www.google.com\/url?q=https:\/\/educacio.gencat.cat\/ca\/departament\/publicacions\/infografies\/proteccio-dades\/&amp;source=gmail&amp;ust=1670053013022000&amp;usg=AOvVaw1PKLy_EAx4C6uGXzd7PzjK\">infografies<\/a> per a compartir amb la comunitat educativa sobre com s&#8217;han de protegir les dades de car\u00e0cter personal de l&#8217;alumnat en les diferents activitats del centre.<\/li>\n<li>En el tercer bloc, es va tractar la <strong>gesti\u00f3 de les notificacions al portal \u00cdNDIC<\/strong> i els diferents estats en qu\u00e8 pot estar un equip dins de la plataforma.<\/li>\n<li>Pel que fa a la quarta part de la sessi\u00f3, es va reflexionar entorn de la<strong> Intel\u00b7lig\u00e8ncia Artificial<\/strong>, compartint diverses aplicacions que s\u2019utilitzen en \u00e0mbits com ara l\u2019arquitectura, el disseny, la producci\u00f3 d&#8217;imatges o de textos. Tamb\u00e9 es va generar un debat molt interessant sobre com pot influir la Intel\u00b7lig\u00e8ncia Artificial en un entorn educatiu i com podem aprofitar aquestes tecnologies per afavorir l\u2019aprenentatge a les aules.<\/li>\n<li>En la darrera part de la sessi\u00f3 es va realitzar una din\u00e0mica grupal, per <strong>compartir interessos i necessitats<\/strong> entre els docents participants en la Subxarxa i aix\u00ed definir el contingut i format de les properes sessions.<\/li>\n<\/ol>\n<\/li>\n<\/ol>\n<p>Si voleu consultar la presentaci\u00f3 que vam fer servir per dinamitzar la sessi\u00f3, podeu consultar-la <a href=\"https:\/\/docs.google.com\/presentation\/d\/1Wl1eR3EJgKh7LxMh99kaK6GCL9kOqBPHSCXJARa4TM0\/copy\">clicant aqu\u00ed<\/a>. Si voleu fer-vos una c\u00f2pia a la vostra unitat de Drive, podeu fer-ho <a href=\"https:\/\/docs.google.com\/presentation\/d\/1Wl1eR3EJgKh7LxMh99kaK6GCL9kOqBPHSCXJARa4TM0\/copy\">clicant aqu\u00ed<\/a>.<\/p>\n","protected":false},"excerpt":{"rendered":"<p>Ahir dia 1 de desembre del 2022 \u00e9s va celebrar la primera sessi\u00f3 de la Subxarxa de Coordinaci\u00f3 Digital. La sessi\u00f3 es va estructurar en 5 grans blocs.<\/p>\n<ol>\n<li style=\"list-style-type: none;\">\n<ol>\n<li>En el primer bloc es van comentar aspectes relatius al <a href=\"https:\/\/drive.google.com\/file\/d\/1ypHhHi2XQcjXm9f1EZHFFUzo4bxTtp8c\/view\" target=\"_blank\" rel=\"noopener\" data-saferedirecturl=\"https:\/\/www.google.com\/url?q=https:\/\/drive.google.com\/file\/d\/1ypHhHi2XQcjXm9f1EZHFFUzo4bxTtp8c\/view&amp;source=gmail&amp;ust=1670053013022000&amp;usg=AOvVaw1ja7RC6RBq4dMevLYjemoZ\">desplegament de&hellip;  <a href=\"https:\/\/serveiseducatius.xtec.cat\/eixample\/general\/01-de-desembre-subxarxa-de-competencia-digital-de-centre\/\" title=\"Read 01 de desembre \u2013 Subxarxa de Compet\u00e8ncia Digital de Centre\">Llegeix m\u00e9s\u00bb<\/a><br \/>\n","protected":false},"author":4,"featured_media":12182,"comment_status":"closed","ping_status":"closed","sticky":false,"template":"","format":"standard","meta":{"_bbp_topic_count":0,"_bbp_reply_count":0,"_bbp_total_topic_count":0,"_bbp_total_reply_count":0,"_bbp_voice_count":0,"_bbp_anonymous_reply_count":0,"_bbp_topic_count_hidden":0,"_bbp_reply_count_hidden":0,"_bbp_forum_subforum_count":0,"footnotes":""},"categories":[332,1,29],"tags":[],"class_list":["post-12882","post","type-post","status-publish","format-standard","has-post-thumbnail","hentry","category-cd","category-general","category-portada"],"post_mailing_queue_ids":[],"_links":{"self":[{"href":"https:\/\/serveiseducatius.xtec.cat\/eixample\/wp-json\/wp\/v2\/posts\/12882","targetHints":{"allow":["GET"]}}],"collection":[{"href":"https:\/\/serveiseducatius.xtec.cat\/eixample\/wp-json\/wp\/v2\/posts"}],"about":[{"href":"https:\/\/serveiseducatius.xtec.cat\/eixample\/wp-json\/wp\/v2\/types\/post"}],"author":[{"embeddable":true,"href":"https:\/\/serveiseducatius.xtec.cat\/eixample\/wp-json\/wp\/v2\/users\/4"}],"replies":[{"embeddable":true,"href":"https:\/\/serveiseducatius.xtec.cat\/eixample\/wp-json\/wp\/v2\/comments?post=12882"}],"version-history":[{"count":3,"href":"https:\/\/serveiseducatius.xtec.cat\/eixample\/wp-json\/wp\/v2\/posts\/12882\/revisions"}],"predecessor-version":[{"id":12886,"href":"https:\/\/serveiseducatius.xtec.cat\/eixample\/wp-json\/wp\/v2\/posts\/12882\/revisions\/12886"}],"wp:featuredmedia":[{"embeddable":true,"href":"https:\/\/serveiseducatius.xtec.cat\/eixample\/wp-json\/wp\/v2\/media\/12182"}],"wp:attachment":[{"href":"https:\/\/serveiseducatius.xtec.cat\/eixample\/wp-json\/wp\/v2\/media?parent=12882"}],"wp:term":[{"taxonomy":"category","embeddable":true,"href":"https:\/\/serveiseducatius.xtec.cat\/eixample\/wp-json\/wp\/v2\/categories?post=12882"},{"taxonomy":"post_tag","embeddable":true,"href":"https:\/\/serveiseducatius.xtec.cat\/eixample\/wp-json\/wp\/v2\/tags?post=12882"}],"curies":[{"name":"wp","href":"https:\/\/api.w.org\/{rel}","templated":true}]}}