{"id":12758,"date":"2022-05-30T13:01:51","date_gmt":"2022-05-30T11:01:51","guid":{"rendered":"https:\/\/serveiseducatius.xtec.cat\/eixample\/?p=12758"},"modified":"2023-06-26T13:34:56","modified_gmt":"2023-06-26T11:34:56","slug":"8-de-juny-fira-dentitats-apsc","status":"publish","type":"post","link":"https:\/\/serveiseducatius.xtec.cat\/eixample\/portada\/8-de-juny-fira-dentitats-apsc\/","title":{"rendered":"8 de juny &#8211; Fira d&#8217;entitats APSC"},"content":{"rendered":"<div class=\"gmail_default\">\n<p><b>Els CRP\u00a0<span class=\"il\">de<\/span>\u00a0la ciutat\u00a0<span class=\"il\">de<\/span>\u00a0Barcelona tornem a organitzar una nova edici\u00f3\u00a0<span class=\"il\">de<\/span>\u00a0la Fira d&#8217;Entitats. Hi esteu convidades i convidats!<\/b><\/p>\n<\/div>\n<div class=\"gmail_default\">A la fira d\u2019entitats APSC no es compra ni es ven res. Per\u00f2 s\u00ed que \u00e9s un lloc\u00a0<span class=\"il\">de<\/span>\u00a0trobada: d&#8217;idees,\u00a0<span class=\"il\">de<\/span>\u00a0necessitats, d&#8217;oportunitats per al canvi&#8230;<\/div>\n<div><\/div>\n<p><strong>DATA:<\/strong>\u00a08 de juny de 2022<br \/>\n<strong>HORARI:<\/strong>\u00a017 a 19 hores<br \/>\n<strong>LLOC:<\/strong>\u00a0Institut Escola Eixample<br \/>\nC\/ de Val\u00e8ncia, 252<br \/>\nBarcelona<\/p>\n<p>En una primera part, diferents entitats presentaran als centres participants els projectes que tenen programats de cara el curs vinent. En la segona part, hi haur\u00e0 un temps on centres i entitats podreu tenir una conversa directa.<\/p>\n<p><strong>Si vols venir, t\u2019has d\u2019inscriure aqu\u00ed: <a href=\"https:\/\/drive.google.com\/file\/d\/1SDmIf-ZNdVOHvP0RzRxnppKZCgZVKyAn\/view?usp=sharing\">FIRA ENTITATS<\/a><\/strong><\/p>\n<p>&nbsp;<\/p>\n","protected":false},"excerpt":{"rendered":"<p>Els CRP\u00a0de\u00a0la ciutat\u00a0de\u00a0Barcelona tornem a organitzar una nova edici\u00f3\u00a0de\u00a0la Fira d&#8217;Entitats. Hi esteu convidades i convidats!<\/p>\n<p>A la fira d\u2019entitats APSC no es compra ni es ven res. Per\u00f2 s\u00ed que \u00e9s un lloc\u00a0de\u00a0trobada: d&#8217;idees,\u00a0de\u00a0necessitats, d&#8217;oportunitats per al canvi&#8230;<\/p>\n<p>DATA:\u00a08 de juny de 2022<br \/>\nHORARI:\u00a017 a 19 hores<br \/>\nLLOC:\u00a0Institut&hellip;  <a href=\"https:\/\/serveiseducatius.xtec.cat\/eixample\/portada\/8-de-juny-fira-dentitats-apsc\/\" title=\"Read 8 de juny &#8211; Fira d&#8217;entitats APSC\">Llegeix m\u00e9s\u00bb<\/a><\/p>\n","protected":false},"author":4,"featured_media":12761,"comment_status":"open","ping_status":"closed","sticky":false,"template":"","format":"standard","meta":{"_bbp_topic_count":0,"_bbp_reply_count":0,"_bbp_total_topic_count":0,"_bbp_total_reply_count":0,"_bbp_voice_count":0,"_bbp_anonymous_reply_count":0,"_bbp_topic_count_hidden":0,"_bbp_reply_count_hidden":0,"_bbp_forum_subforum_count":0,"footnotes":""},"categories":[433,29],"tags":[],"class_list":["post-12758","post","type-post","status-publish","format-standard","has-post-thumbnail","hentry","category-aps","category-portada"],"post_mailing_queue_ids":[],"_links":{"self":[{"href":"https:\/\/serveiseducatius.xtec.cat\/eixample\/wp-json\/wp\/v2\/posts\/12758","targetHints":{"allow":["GET"]}}],"collection":[{"href":"https:\/\/serveiseducatius.xtec.cat\/eixample\/wp-json\/wp\/v2\/posts"}],"about":[{"href":"https:\/\/serveiseducatius.xtec.cat\/eixample\/wp-json\/wp\/v2\/types\/post"}],"author":[{"embeddable":true,"href":"https:\/\/serveiseducatius.xtec.cat\/eixample\/wp-json\/wp\/v2\/users\/4"}],"replies":[{"embeddable":true,"href":"https:\/\/serveiseducatius.xtec.cat\/eixample\/wp-json\/wp\/v2\/comments?post=12758"}],"version-history":[{"count":3,"href":"https:\/\/serveiseducatius.xtec.cat\/eixample\/wp-json\/wp\/v2\/posts\/12758\/revisions"}],"predecessor-version":[{"id":13265,"href":"https:\/\/serveiseducatius.xtec.cat\/eixample\/wp-json\/wp\/v2\/posts\/12758\/revisions\/13265"}],"wp:featuredmedia":[{"embeddable":true,"href":"https:\/\/serveiseducatius.xtec.cat\/eixample\/wp-json\/wp\/v2\/media\/12761"}],"wp:attachment":[{"href":"https:\/\/serveiseducatius.xtec.cat\/eixample\/wp-json\/wp\/v2\/media?parent=12758"}],"wp:term":[{"taxonomy":"category","embeddable":true,"href":"https:\/\/serveiseducatius.xtec.cat\/eixample\/wp-json\/wp\/v2\/categories?post=12758"},{"taxonomy":"post_tag","embeddable":true,"href":"https:\/\/serveiseducatius.xtec.cat\/eixample\/wp-json\/wp\/v2\/tags?post=12758"}],"curies":[{"name":"wp","href":"https:\/\/api.w.org\/{rel}","templated":true}]}}