{"id":12746,"date":"2022-05-20T12:14:57","date_gmt":"2022-05-20T10:14:57","guid":{"rendered":"https:\/\/serveiseducatius.xtec.cat\/eixample\/?p=12746"},"modified":"2023-04-17T10:00:48","modified_gmt":"2023-04-17T08:00:48","slug":"sessio-27-xarxes-per-al-canvi","status":"publish","type":"post","link":"https:\/\/serveiseducatius.xtec.cat\/eixample\/portada\/sessio-27-xarxes-per-al-canvi\/","title":{"rendered":"Sessi\u00f3 27 \u2013 Xarxes per al Canvi"},"content":{"rendered":"<p>Aquest mes de maig, les 3 les Xarxes per al Canvi de l\u2019Eixample ens hem retrobat a la sessi\u00f3 27 i hem reflexionat sobre la mentalitat que requereix una escola com a organitzaci\u00f3 flexible. A m\u00e9s a m\u00e9s, hem compartit experi\u00e8ncies, estrat\u00e8gies i dificultats.<\/p>\n<blockquote class=\"twitter-tweet\">\n<p dir=\"ltr\" lang=\"ca\">Avui <a href=\"https:\/\/twitter.com\/hashtag\/sessi%C3%B327?src=hash&amp;ref_src=twsrc%5Etfw\">#sessi\u00f327<\/a> de la <a href=\"https:\/\/twitter.com\/hashtag\/XxcanviEixample1?src=hash&amp;ref_src=twsrc%5Etfw\">#XxcanviEixample1<\/a> a <a href=\"https:\/\/twitter.com\/EscolaFortPienc?ref_src=twsrc%5Etfw\">@EscolaFortPienc<\/a>. Moments per compartir experi\u00e8ncies i reflexionar sobre l&#8217;escola com a organitzaci\u00f3 flexible. <a href=\"https:\/\/twitter.com\/hashtag\/transformaci%C3%B3educativa?src=hash&amp;ref_src=twsrc%5Etfw\">#transformaci\u00f3educativa<\/a> <a href=\"https:\/\/twitter.com\/hashtag\/xarxesperalcanvi?src=hash&amp;ref_src=twsrc%5Etfw\">#xarxesperalcanvi<\/a> <a href=\"https:\/\/twitter.com\/consorciedubcn?ref_src=twsrc%5Etfw\">@consorciedubcn<\/a> <a href=\"https:\/\/t.co\/OLQ1CzUvD7\">pic.twitter.com\/OLQ1CzUvD7<\/a><\/p>\n<p>\u2014 CRP Eixample (@CrpEixample) <a href=\"https:\/\/twitter.com\/CrpEixample\/status\/1524772729634893825?ref_src=twsrc%5Etfw\">May 12, 2022<\/a><\/p><\/blockquote>\n<p><script async src=\"https:\/\/platform.twitter.com\/widgets.js\" charset=\"utf-8\"><\/script><\/p>\n<blockquote class=\"twitter-tweet\">\n<p dir=\"ltr\" lang=\"ca\">Avui l&#8217;<a href=\"https:\/\/twitter.com\/EscolaAldana?ref_src=twsrc%5Etfw\">@EscolaAldana<\/a> ens ha acollit per a realitzar la <a href=\"https:\/\/twitter.com\/hashtag\/sessi%C3%B327?src=hash&amp;ref_src=twsrc%5Etfw\">#sessi\u00f327<\/a> de la <a href=\"https:\/\/twitter.com\/hashtag\/XxcanviEixample2?src=hash&amp;ref_src=twsrc%5Etfw\">#XxcanviEixample2<\/a>. Hem reflexionat sobre l&#8217;escola com a organitzaci\u00f3 flexible i hem compartit experi\u00e8ncies entre centres. <a href=\"https:\/\/twitter.com\/hashtag\/transformaci%C3%B3educativa?src=hash&amp;ref_src=twsrc%5Etfw\">#transformaci\u00f3educativa<\/a> <a href=\"https:\/\/twitter.com\/hashtag\/xarxesperalcanvi?src=hash&amp;ref_src=twsrc%5Etfw\">#xarxesperalcanvi<\/a> <a href=\"https:\/\/twitter.com\/consorciedubcn?ref_src=twsrc%5Etfw\">@consorciedubcn<\/a> <a href=\"https:\/\/t.co\/gonPEEsoJ2\">pic.twitter.com\/gonPEEsoJ2<\/a><\/p>\n<p>\u2014 CRP Eixample (@CrpEixample) <a href=\"https:\/\/twitter.com\/CrpEixample\/status\/1522237687423455234?ref_src=twsrc%5Etfw\">May 5, 2022<\/a><\/p><\/blockquote>\n<p><script async src=\"https:\/\/platform.twitter.com\/widgets.js\" charset=\"utf-8\"><\/script><\/p>\n<blockquote class=\"twitter-tweet\">\n<p dir=\"ltr\" lang=\"ca\">Quina \u00e9s la mentalitat que requereix l\u2019escola flexible que apren i avan\u00e7a ? Ultima sessi\u00f3 del curs! Compartim coneixement experiencies i dificultats pero seguim endavant, tenim un Prop\u00f2sit clar! <a href=\"https:\/\/twitter.com\/consorciedubcn?ref_src=twsrc%5Etfw\">@consorciedubcn<\/a> <a href=\"https:\/\/twitter.com\/hashtag\/XarxesperalCanvi?src=hash&amp;ref_src=twsrc%5Etfw\">#XarxesperalCanvi<\/a> <a href=\"https:\/\/twitter.com\/hashtag\/Eixample3?src=hash&amp;ref_src=twsrc%5Etfw\">#Eixample3<\/a> <a href=\"https:\/\/t.co\/F1LwnOiQs0\">pic.twitter.com\/F1LwnOiQs0<\/a><\/p>\n<p>\u2014 CRP Eixample (@CrpEixample) <a href=\"https:\/\/twitter.com\/CrpEixample\/status\/1527230318100488192?ref_src=twsrc%5Etfw\">May 19, 2022<\/a><\/p><\/blockquote>\n<p><script async src=\"https:\/\/platform.twitter.com\/widgets.js\" charset=\"utf-8\"><\/script><\/p>\n","protected":false},"excerpt":{"rendered":"<p>Aquest mes de maig, les 3 les Xarxes per al Canvi de l\u2019Eixample ens hem retrobat a la sessi\u00f3 27 i hem reflexionat sobre la mentalitat que requereix una escola com a organitzaci\u00f3 flexible. A m\u00e9s a m\u00e9s, hem compartit experi\u00e8ncies, estrat\u00e8gies i dificultats.<\/p>\n<p>Avui <a&hellip;  <a href=\"https:\/\/serveiseducatius.xtec.cat\/eixample\/portada\/sessio-27-xarxes-per-al-canvi\/\" title=\"Read Sessi\u00f3 27 \u2013 Xarxes per al Canvi\">Llegeix m\u00e9s\u00bb<\/a><\/p>\n","protected":false},"author":4,"featured_media":12348,"comment_status":"open","ping_status":"closed","sticky":false,"template":"","format":"standard","meta":{"_bbp_topic_count":0,"_bbp_reply_count":0,"_bbp_total_topic_count":0,"_bbp_total_reply_count":0,"_bbp_voice_count":0,"_bbp_anonymous_reply_count":0,"_bbp_topic_count_hidden":0,"_bbp_reply_count_hidden":0,"_bbp_forum_subforum_count":0,"footnotes":""},"categories":[29,361],"tags":[],"class_list":["post-12746","post","type-post","status-publish","format-standard","has-post-thumbnail","hentry","category-portada","category-xxc"],"post_mailing_queue_ids":[],"_links":{"self":[{"href":"https:\/\/serveiseducatius.xtec.cat\/eixample\/wp-json\/wp\/v2\/posts\/12746","targetHints":{"allow":["GET"]}}],"collection":[{"href":"https:\/\/serveiseducatius.xtec.cat\/eixample\/wp-json\/wp\/v2\/posts"}],"about":[{"href":"https:\/\/serveiseducatius.xtec.cat\/eixample\/wp-json\/wp\/v2\/types\/post"}],"author":[{"embeddable":true,"href":"https:\/\/serveiseducatius.xtec.cat\/eixample\/wp-json\/wp\/v2\/users\/4"}],"replies":[{"embeddable":true,"href":"https:\/\/serveiseducatius.xtec.cat\/eixample\/wp-json\/wp\/v2\/comments?post=12746"}],"version-history":[{"count":2,"href":"https:\/\/serveiseducatius.xtec.cat\/eixample\/wp-json\/wp\/v2\/posts\/12746\/revisions"}],"predecessor-version":[{"id":13126,"href":"https:\/\/serveiseducatius.xtec.cat\/eixample\/wp-json\/wp\/v2\/posts\/12746\/revisions\/13126"}],"wp:featuredmedia":[{"embeddable":true,"href":"https:\/\/serveiseducatius.xtec.cat\/eixample\/wp-json\/wp\/v2\/media\/12348"}],"wp:attachment":[{"href":"https:\/\/serveiseducatius.xtec.cat\/eixample\/wp-json\/wp\/v2\/media?parent=12746"}],"wp:term":[{"taxonomy":"category","embeddable":true,"href":"https:\/\/serveiseducatius.xtec.cat\/eixample\/wp-json\/wp\/v2\/categories?post=12746"},{"taxonomy":"post_tag","embeddable":true,"href":"https:\/\/serveiseducatius.xtec.cat\/eixample\/wp-json\/wp\/v2\/tags?post=12746"}],"curies":[{"name":"wp","href":"https:\/\/api.w.org\/{rel}","templated":true}]}}