{"id":12652,"date":"2022-05-02T11:56:23","date_gmt":"2022-05-02T09:56:23","guid":{"rendered":"https:\/\/serveiseducatius.xtec.cat\/eixample\/?p=12652"},"modified":"2022-07-14T13:21:00","modified_gmt":"2022-07-14T11:21:00","slug":"pla-de-formacio-de-zona-22-23","status":"publish","type":"post","link":"https:\/\/serveiseducatius.xtec.cat\/eixample\/general\/pla-de-formacio-de-zona-22-23\/","title":{"rendered":"Pla de formaci\u00f3 de zona 22-23"},"content":{"rendered":"<h4 style=\"text-align: center;\">DETECCI\u00d3 DE NECESSITATS<strong> FORMATIVES CURS 2022-2023<\/strong>. PFZ CRP EIXAMPLE<\/h4>\n<h6 style=\"text-align: justify;\">NOVETAT curs 2022-2023: des de la Convocat\u00f2ria Unificada de Programes, a partir del dia 2 de maig es publicar\u00e0 un nou apartat de Capacitaci\u00f3 per al professorat, on les direccions dels centres podeu consultar i \u201cdemanar\u201d la formaci\u00f3 que des del Departament i CEB ofereixen responent a l\u00ednies priorit\u00e0ries com: Pla d\u2019Educaci\u00f3 Digital de Catalunya, els usos ling\u00fc\u00edstics, el nou curr\u00edculum\u2026<\/h6>\n<p><strong>La formaci\u00f3 queda estructurada de la seg\u00fcent manera:<\/strong><\/p>\n<div style=\"width: 100%;\">\n<div style=\"position: relative; padding-bottom: 56.25%; padding-top: 0; height: 0;\"><iframe loading=\"lazy\" style=\"position: absolute; top: 0; left: 0; width: 100%; height: 100%;\" src=\"https:\/\/view.genial.ly\/6268ef204b52b000113dbc8c\" width=\"1200\" height=\"675\" frameborder=\"0\" scrolling=\"yes\" allowfullscreen=\"allowfullscreen\"><\/iframe><\/div>\n<\/div>\n<p>&nbsp;<\/p>\n<hr \/>\n<h4>Maig 2022<\/h4>\n<div class=\"entry-content\">\n<p>Abans d\u2019omplir aquests q\u00fcestionaris es recomana tenir preparades totes les respostes i haver consultat el document sobre la formaci\u00f3 permanent del professorat. Ens basem en l&#8217;esborrany publicat:\u00a0 <a href=\"https:\/\/docs.google.com\/document\/d\/1S5suoZaghM1FL37o80lYBrJjJIlIr-MxB-ZF00Cpbbk\/edit\"><em>Criteris, instruccions i orientacions curs 2022-2023<\/em><\/a><\/p>\n<h6>Formularis actius del<strong> 2 de maig fins al 23 de maig de 2022.<\/strong><\/h6>\n<table style=\"width: 100%; height: 568px;\">\n<tbody>\n<tr style=\"height: 225px;\">\n<td style=\"width: 30.4636%; height: 225px;\">\n<h4 style=\"text-align: center;\"><strong>Sol\u00b7licitud\u00a0<\/strong><strong>de FORMACI\u00d3 EN CENTRE<\/strong><\/h4>\n<p><img loading=\"lazy\" decoding=\"async\" class=\"aligncenter wp-image-1822\" src=\"http:\/\/serveiseducatius.xtec.cat\/altpenedes\/wp-content\/uploads\/usu763\/2015\/11\/form_taronja-150x150.jpg\" alt=\"form_taronja\" width=\"100\" height=\"99\" \/><\/p>\n<p style=\"text-align: center;\"><a href=\"https:\/\/forms.gle\/4i3q3jVVdNk4Sz6j7\">Acc\u00e9s FORMULARI<\/a><\/p>\n<\/td>\n<td style=\"width: 33.5265%; height: 225px;\">\n<h4 style=\"text-align: center;\"><strong>Sondeig\u00a0<\/strong><strong>de participaci\u00f3 en les modalitats <\/strong><strong>de FORMACI\u00d3 PER A CENTRE<\/strong><\/h4>\n<p style=\"text-align: center;\"><img loading=\"lazy\" decoding=\"async\" class=\"aligncenter wp-image-1823\" src=\"http:\/\/serveiseducatius.xtec.cat\/altpenedes\/wp-content\/uploads\/usu763\/2015\/11\/form_verd-150x150.jpg\" sizes=\"auto, (max-width: 100px) 100vw, 100px\" srcset=\"https:\/\/serveiseducatius.xtec.cat\/altpenedes\/wp-content\/uploads\/usu763\/2015\/11\/form_verd-150x150.jpg 150w, https:\/\/serveiseducatius.xtec.cat\/altpenedes\/wp-content\/uploads\/usu763\/2015\/11\/form_verd-300x298.jpg 300w, https:\/\/serveiseducatius.xtec.cat\/altpenedes\/wp-content\/uploads\/usu763\/2015\/11\/form_verd.jpg 321w\" alt=\"form_verd\" width=\"100\" height=\"99\" \/><a href=\"https:\/\/forms.gle\/442uxninbYLr9XNk6\">Acc\u00e9s FORMULARI<\/a><\/p>\n<\/td>\n<td style=\"width: 35.2649%; height: 225px;\">\n<h4 style=\"text-align: center;\"><strong>Proposta de FORMACI\u00d3\u00a0<\/strong><strong>INDIVIDUAL<\/strong><\/h4>\n<h4><strong><img loading=\"lazy\" decoding=\"async\" class=\"aligncenter wp-image-1821\" src=\"https:\/\/serveiseducatius.xtec.cat\/altpenedes\/wp-content\/uploads\/usu763\/2015\/11\/form_groc-300x298.jpg\" sizes=\"auto, (max-width: 108px) 100vw, 108px\" srcset=\"https:\/\/serveiseducatius.xtec.cat\/altpenedes\/wp-content\/uploads\/usu763\/2015\/11\/form_groc-300x298.jpg 300w, https:\/\/serveiseducatius.xtec.cat\/altpenedes\/wp-content\/uploads\/usu763\/2015\/11\/form_groc-150x150.jpg 150w, https:\/\/serveiseducatius.xtec.cat\/altpenedes\/wp-content\/uploads\/usu763\/2015\/11\/form_groc.jpg 321w\" alt=\"\" width=\"108\" height=\"107\" \/><\/strong><\/h4>\n<p style=\"text-align: center;\"><a href=\"https:\/\/forms.gle\/sNKBZaMQ6rxw7gFB7\">Acc\u00e9s FORMULARI<\/a><\/p>\n<\/td>\n<\/tr>\n<tr style=\"height: 33px;\">\n<td style=\"width: 99.255%; text-align: center; height: 33px;\" colspan=\"3\">MODALITATS DE PARTICIPACI\u00d3<\/td>\n<\/tr>\n<tr style=\"height: 214px;\">\n<td style=\"width: 30.4636%; height: 214px;\">\n<ul>\n<li>Assessorament<\/li>\n<li>Formaci\u00f3 interna de centre (<strong>FIC<\/strong>)<\/li>\n<li>Taller a centre<\/li>\n<li>Visita formativa a centre \u2013\u00a0<em>Material per a organitzar i gestionar la proposta formativa de\u00a0<a href=\"http:\/\/ateneu.xtec.cat\/wikiform\/wikiexport\/materials\/vfac\/index\" target=\"_blank\" rel=\"noopener noreferrer\"><span class=\"c32 c27 c44\">Visita a centre<\/span><\/a><\/em><\/li>\n<\/ul>\n<\/td>\n<td style=\"width: 33.5265%; height: 214px;\">\n<ul>\n<li>Seminaris de coordinaci\u00f3<\/li>\n<li>Curs \/ seminari d\u2019equips de centre<\/li>\n<li>Taller d\u2019equips de centre<\/li>\n<\/ul>\n<\/td>\n<td style=\"width: 35.2649%; height: 214px;\">\n<ul>\n<li>Taller<\/li>\n<li>Curs<\/li>\n<li>Seminari<\/li>\n<li>Grup de treball<\/li>\n<li>Confer\u00e8ncia, taula rodona, trobada pedag\u00f2gica, intercanvi d\u2019experi\u00e8ncies, jornades (m\u00ednim 5 hores) i cicles de confer\u00e8ncies<\/li>\n<\/ul>\n<\/td>\n<\/tr>\n<\/tbody>\n<\/table>\n<\/div>\n<p><em>Calendari: del<strong>\u00a02 de maig fins al 23 de maig de 2022\u00a0<\/strong>podeu omplir la demanda o demandes concretes de formaci\u00f3 els centres educatius de L&#8217;Eixample: escoles bressol, escoles d\u2019educaci\u00f3 infantil i prim\u00e0ria, instituts-escoles, centres de secund\u00e0ria.<\/em><\/p>\n<p>Per resoldre qualsevol dubte sobre la formaci\u00f3 podeu contactar a trav\u00e9s de l&#8217;adre\u00e7a de correu electr\u00f2nic del CRP (a8901111@xtec.cat).<\/p>\n","protected":false},"excerpt":{"rendered":"<p>DETECCI\u00d3 DE NECESSITATS FORMATIVES CURS 2022-2023. PFZ CRP EIXAMPLE<br \/>\nNOVETAT curs 2022-2023: des de la Convocat\u00f2ria Unificada de Programes, a partir del dia 2 de maig es publicar\u00e0 un nou apartat de Capacitaci\u00f3 per al professorat, on les direccions dels centres podeu consultar i \u201cdemanar\u201d la&hellip;  <a href=\"https:\/\/serveiseducatius.xtec.cat\/eixample\/general\/pla-de-formacio-de-zona-22-23\/\" title=\"Read Pla de formaci\u00f3 de zona 22-23\">Llegeix m\u00e9s\u00bb<\/a><\/p>\n","protected":false},"author":4,"featured_media":9458,"comment_status":"closed","ping_status":"closed","sticky":false,"template":"","format":"standard","meta":{"_bbp_topic_count":0,"_bbp_reply_count":0,"_bbp_total_topic_count":0,"_bbp_total_reply_count":0,"_bbp_voice_count":0,"_bbp_anonymous_reply_count":0,"_bbp_topic_count_hidden":0,"_bbp_reply_count_hidden":0,"_bbp_forum_subforum_count":0,"footnotes":""},"categories":[154,1,153,29],"tags":[],"class_list":["post-12652","post","type-post","status-publish","format-standard","has-post-thumbnail","hentry","category-formacio","category-general","category-pfz","category-portada"],"post_mailing_queue_ids":[],"_links":{"self":[{"href":"https:\/\/serveiseducatius.xtec.cat\/eixample\/wp-json\/wp\/v2\/posts\/12652","targetHints":{"allow":["GET"]}}],"collection":[{"href":"https:\/\/serveiseducatius.xtec.cat\/eixample\/wp-json\/wp\/v2\/posts"}],"about":[{"href":"https:\/\/serveiseducatius.xtec.cat\/eixample\/wp-json\/wp\/v2\/types\/post"}],"author":[{"embeddable":true,"href":"https:\/\/serveiseducatius.xtec.cat\/eixample\/wp-json\/wp\/v2\/users\/4"}],"replies":[{"embeddable":true,"href":"https:\/\/serveiseducatius.xtec.cat\/eixample\/wp-json\/wp\/v2\/comments?post=12652"}],"version-history":[{"count":3,"href":"https:\/\/serveiseducatius.xtec.cat\/eixample\/wp-json\/wp\/v2\/posts\/12652\/revisions"}],"predecessor-version":[{"id":12733,"href":"https:\/\/serveiseducatius.xtec.cat\/eixample\/wp-json\/wp\/v2\/posts\/12652\/revisions\/12733"}],"wp:featuredmedia":[{"embeddable":true,"href":"https:\/\/serveiseducatius.xtec.cat\/eixample\/wp-json\/wp\/v2\/media\/9458"}],"wp:attachment":[{"href":"https:\/\/serveiseducatius.xtec.cat\/eixample\/wp-json\/wp\/v2\/media?parent=12652"}],"wp:term":[{"taxonomy":"category","embeddable":true,"href":"https:\/\/serveiseducatius.xtec.cat\/eixample\/wp-json\/wp\/v2\/categories?post=12652"},{"taxonomy":"post_tag","embeddable":true,"href":"https:\/\/serveiseducatius.xtec.cat\/eixample\/wp-json\/wp\/v2\/tags?post=12652"}],"curies":[{"name":"wp","href":"https:\/\/api.w.org\/{rel}","templated":true}]}}