{"id":12644,"date":"2022-04-27T22:07:39","date_gmt":"2022-04-27T20:07:39","guid":{"rendered":"https:\/\/serveiseducatius.xtec.cat\/eixample\/?p=12644"},"modified":"2022-05-17T09:32:31","modified_gmt":"2022-05-17T07:32:31","slug":"primer-dia-de-la-mobilitat-a-goteborg-debat-a-la-seu-de-goteborgs-grundskoleforvaltning","status":"publish","type":"post","link":"https:\/\/serveiseducatius.xtec.cat\/eixample\/portada\/primer-dia-de-la-mobilitat-a-goteborg-debat-a-la-seu-de-goteborgs-grundskoleforvaltning\/","title":{"rendered":"Primer dia de la mobilitat a G\u00f6teborg: Debat a la seu de G\u00f6teborgs Grundskolef\u00f6rvaltning"},"content":{"rendered":"<p><span style=\"font-weight: 400;\">Avui, dimecres 27 d\u2019abril de 2022, ens hem reunit a la seu de G\u00f6teborgs Grundskolef\u00f6rvaltning (Su\u00e8cia) per a con\u00e8ixer l\u2019organitzaci\u00f3 educativa d\u2019aquesta ciutat i el treball que realitzen sobre perspectiva de g\u00e8nere.<\/span><\/p>\n<p><span style=\"font-weight: 400;\">Respecte a aquest darrer aspecte, punt central del nostre projecte Erasmus+ Coedu, ens han explicat diverses idees que volem compartir:<\/span><\/p>\n<ul>\n<li style=\"font-weight: 400;\" aria-level=\"1\"><span style=\"font-weight: 400;\">A nivell estatal, hi ha vigent una <\/span><span style=\"font-weight: 400;\">llei sobre la no-discriminaci\u00f3 en tots els \u00e0mbits i que tamb\u00e9 es desenvolupa a nivell educatiu.<\/span><\/li>\n<li style=\"font-weight: 400;\" aria-level=\"1\"><span style=\"font-weight: 400;\">Anualment, cada centre ha d\u2019elaborar un pla per prevenir i actuar davant d\u2019una situaci\u00f3 de discriminaci\u00f3.\u00a0\u00a0\u00a0<\/span><\/li>\n<li style=\"font-weight: 400;\" aria-level=\"1\"><span style=\"font-weight: 400;\">Des fa 11 anys, en el seu curr\u00edculum hi consta la rellev\u00e0ncia de treballar la perspectiva de g\u00e8nere.\u00a0\u00a0<\/span><\/li>\n<li style=\"font-weight: 400;\" aria-level=\"1\"><span style=\"font-weight: 400;\">Des de l\u2019administraci\u00f3 educativa, elaboren materials per als centres i es troben disponibles en una p\u00e0gina web. A m\u00e9s a m\u00e9s, intenten fer difusi\u00f3 de bones pr\u00e0ctiques.<\/span><\/li>\n<li style=\"font-weight: 400;\" aria-level=\"1\"><span style=\"font-weight: 400;\">Cada any hi ha escoles que treballen amb organitzacions externes en projectes com: el projecte M\u00c4N (contra la masculinitat t\u00f2xica) i el projecte West Pride (identitat i orientaci\u00f3 sexual).<\/span><\/li>\n<\/ul>\n<p><span style=\"font-weight: 400;\">Dem\u00e0 comencem les activitats de job-shadowing. Vi sis imorgon!<\/span><\/p>\n<p><a href=\"https:\/\/serveiseducatius.xtec.cat\/eixample\/wp-content\/uploads\/usu1171\/2022\/04\/1651086638339.jpg\"><img loading=\"lazy\" decoding=\"async\" class=\"aligncenter size-full wp-image-12650\" src=\"https:\/\/serveiseducatius.xtec.cat\/eixample\/wp-content\/uploads\/usu1171\/2022\/04\/1651086638339.jpg\" alt=\"\" width=\"500\" height=\"282\" srcset=\"https:\/\/serveiseducatius.xtec.cat\/eixample\/wp-content\/uploads\/usu1171\/2022\/04\/1651086638339.jpg 500w, https:\/\/serveiseducatius.xtec.cat\/eixample\/wp-content\/uploads\/usu1171\/2022\/04\/1651086638339-300x169.jpg 300w\" sizes=\"auto, (max-width: 500px) 100vw, 500px\" \/><\/a><a href=\"https:\/\/serveiseducatius.xtec.cat\/eixample\/wp-content\/uploads\/usu1171\/2022\/04\/1651086638361.jpg\"><img loading=\"lazy\" decoding=\"async\" class=\"aligncenter size-full wp-image-12648\" src=\"https:\/\/serveiseducatius.xtec.cat\/eixample\/wp-content\/uploads\/usu1171\/2022\/04\/1651086638361.jpg\" alt=\"\" width=\"500\" height=\"282\" srcset=\"https:\/\/serveiseducatius.xtec.cat\/eixample\/wp-content\/uploads\/usu1171\/2022\/04\/1651086638361.jpg 500w, https:\/\/serveiseducatius.xtec.cat\/eixample\/wp-content\/uploads\/usu1171\/2022\/04\/1651086638361-300x169.jpg 300w\" sizes=\"auto, (max-width: 500px) 100vw, 500px\" \/><\/a> <a href=\"https:\/\/serveiseducatius.xtec.cat\/eixample\/wp-content\/uploads\/usu1171\/2022\/04\/1651086638336.jpg\"><img loading=\"lazy\" decoding=\"async\" class=\"aligncenter size-full wp-image-12647\" src=\"https:\/\/serveiseducatius.xtec.cat\/eixample\/wp-content\/uploads\/usu1171\/2022\/04\/1651086638336.jpg\" alt=\"\" width=\"500\" height=\"282\" srcset=\"https:\/\/serveiseducatius.xtec.cat\/eixample\/wp-content\/uploads\/usu1171\/2022\/04\/1651086638336.jpg 500w, https:\/\/serveiseducatius.xtec.cat\/eixample\/wp-content\/uploads\/usu1171\/2022\/04\/1651086638336-300x169.jpg 300w\" sizes=\"auto, (max-width: 500px) 100vw, 500px\" \/><\/a><a href=\"https:\/\/serveiseducatius.xtec.cat\/eixample\/wp-content\/uploads\/usu1171\/2022\/04\/IMG_8147-scaled.jpg\"><img loading=\"lazy\" decoding=\"async\" class=\"aligncenter wp-image-12645\" src=\"https:\/\/serveiseducatius.xtec.cat\/eixample\/wp-content\/uploads\/usu1171\/2022\/04\/IMG_8147-scaled.jpg\" alt=\"\" width=\"501\" height=\"334\" srcset=\"https:\/\/serveiseducatius.xtec.cat\/eixample\/wp-content\/uploads\/usu1171\/2022\/04\/IMG_8147-scaled.jpg 2560w, https:\/\/serveiseducatius.xtec.cat\/eixample\/wp-content\/uploads\/usu1171\/2022\/04\/IMG_8147-300x200.jpg 300w, https:\/\/serveiseducatius.xtec.cat\/eixample\/wp-content\/uploads\/usu1171\/2022\/04\/IMG_8147-1024x683.jpg 1024w, https:\/\/serveiseducatius.xtec.cat\/eixample\/wp-content\/uploads\/usu1171\/2022\/04\/IMG_8147-768x512.jpg 768w, https:\/\/serveiseducatius.xtec.cat\/eixample\/wp-content\/uploads\/usu1171\/2022\/04\/IMG_8147-1536x1024.jpg 1536w, https:\/\/serveiseducatius.xtec.cat\/eixample\/wp-content\/uploads\/usu1171\/2022\/04\/IMG_8147-2048x1365.jpg 2048w\" sizes=\"auto, (max-width: 501px) 100vw, 501px\" \/><\/a><a href=\"https:\/\/serveiseducatius.xtec.cat\/eixample\/wp-content\/uploads\/usu1171\/2022\/04\/IMG_8174.jpg\"><img loading=\"lazy\" decoding=\"async\" class=\"aligncenter size-full wp-image-12649\" src=\"https:\/\/serveiseducatius.xtec.cat\/eixample\/wp-content\/uploads\/usu1171\/2022\/04\/IMG_8174.jpg\" alt=\"\" width=\"432\" height=\"288\" srcset=\"https:\/\/serveiseducatius.xtec.cat\/eixample\/wp-content\/uploads\/usu1171\/2022\/04\/IMG_8174.jpg 432w, https:\/\/serveiseducatius.xtec.cat\/eixample\/wp-content\/uploads\/usu1171\/2022\/04\/IMG_8174-300x200.jpg 300w\" sizes=\"auto, (max-width: 432px) 100vw, 432px\" \/><\/a><\/p>\n","protected":false},"excerpt":{"rendered":"<p>Avui, dimecres 27 d\u2019abril de 2022, ens hem reunit a la seu de G\u00f6teborgs Grundskolef\u00f6rvaltning (Su\u00e8cia) per a con\u00e8ixer l\u2019organitzaci\u00f3 educativa d\u2019aquesta ciutat i el treball que realitzen sobre perspectiva de g\u00e8nere.<br \/>\nRespecte a aquest darrer aspecte, punt central del nostre projecte Erasmus+ Coedu, ens han&hellip;  <a href=\"https:\/\/serveiseducatius.xtec.cat\/eixample\/portada\/primer-dia-de-la-mobilitat-a-goteborg-debat-a-la-seu-de-goteborgs-grundskoleforvaltning\/\" title=\"Read Primer dia de la mobilitat a G\u00f6teborg: Debat a la seu de G\u00f6teborgs Grundskolef\u00f6rvaltning\">Llegeix m\u00e9s\u00bb<\/a><\/p>\n","protected":false},"author":4,"featured_media":11980,"comment_status":"open","ping_status":"closed","sticky":false,"template":"","format":"standard","meta":{"_bbp_topic_count":0,"_bbp_reply_count":0,"_bbp_total_topic_count":0,"_bbp_total_reply_count":0,"_bbp_voice_count":0,"_bbp_anonymous_reply_count":0,"_bbp_topic_count_hidden":0,"_bbp_reply_count_hidden":0,"_bbp_forum_subforum_count":0,"footnotes":""},"categories":[354,29],"tags":[],"class_list":["post-12644","post","type-post","status-publish","format-standard","has-post-thumbnail","hentry","category-erasmus-coedu","category-portada"],"post_mailing_queue_ids":[],"_links":{"self":[{"href":"https:\/\/serveiseducatius.xtec.cat\/eixample\/wp-json\/wp\/v2\/posts\/12644","targetHints":{"allow":["GET"]}}],"collection":[{"href":"https:\/\/serveiseducatius.xtec.cat\/eixample\/wp-json\/wp\/v2\/posts"}],"about":[{"href":"https:\/\/serveiseducatius.xtec.cat\/eixample\/wp-json\/wp\/v2\/types\/post"}],"author":[{"embeddable":true,"href":"https:\/\/serveiseducatius.xtec.cat\/eixample\/wp-json\/wp\/v2\/users\/4"}],"replies":[{"embeddable":true,"href":"https:\/\/serveiseducatius.xtec.cat\/eixample\/wp-json\/wp\/v2\/comments?post=12644"}],"version-history":[{"count":2,"href":"https:\/\/serveiseducatius.xtec.cat\/eixample\/wp-json\/wp\/v2\/posts\/12644\/revisions"}],"predecessor-version":[{"id":12651,"href":"https:\/\/serveiseducatius.xtec.cat\/eixample\/wp-json\/wp\/v2\/posts\/12644\/revisions\/12651"}],"wp:featuredmedia":[{"embeddable":true,"href":"https:\/\/serveiseducatius.xtec.cat\/eixample\/wp-json\/wp\/v2\/media\/11980"}],"wp:attachment":[{"href":"https:\/\/serveiseducatius.xtec.cat\/eixample\/wp-json\/wp\/v2\/media?parent=12644"}],"wp:term":[{"taxonomy":"category","embeddable":true,"href":"https:\/\/serveiseducatius.xtec.cat\/eixample\/wp-json\/wp\/v2\/categories?post=12644"},{"taxonomy":"post_tag","embeddable":true,"href":"https:\/\/serveiseducatius.xtec.cat\/eixample\/wp-json\/wp\/v2\/tags?post=12644"}],"curies":[{"name":"wp","href":"https:\/\/api.w.org\/{rel}","templated":true}]}}