{"id":12577,"date":"2022-03-16T17:02:21","date_gmt":"2022-03-16T16:02:21","guid":{"rendered":"https:\/\/serveiseducatius.xtec.cat\/eixample\/?p=12577"},"modified":"2022-03-16T17:02:21","modified_gmt":"2022-03-16T16:02:21","slug":"els-trastorns-de-conducta-alimentaria-que-cal-tenir-en-compte-des-del-centre-educatiu","status":"publish","type":"post","link":"https:\/\/serveiseducatius.xtec.cat\/eixample\/portada\/els-trastorns-de-conducta-alimentaria-que-cal-tenir-en-compte-des-del-centre-educatiu\/","title":{"rendered":"Els trastorns de conducta aliment\u00e0ria: qu\u00e8 cal tenir en compte des del centre educatiu?"},"content":{"rendered":"<p>Clicant <a href=\"http:\/\/Arran de la pand\u00e8mia hi ha hagut un increment de trastorns de conducta aliment\u00e0ria i davant d\u2019aquesta realitat, hem creat aquesta c\u00e0psula de la m\u00e0 de la Sara Bujalance, directora i psic\u00f2loga de l\u2019Associaci\u00f3 Contra l\u2019Anor\u00e8xia i la Bul\u00edmia, i de la Laura Fern\u00e1ndez, psic\u00f2loga i coordinadora del Servei d\u2019Atenci\u00f3 a la persona, per sensibilitzar i informar de com detectar i prevenir aquests trastorns en els nostres centres educatius.\">AQU<\/a>\u00cd podeu visualitzar una webinar que us pot resultar \u00fatil per treballar aquest tema amb els joves<\/p>\n","protected":false},"excerpt":{"rendered":"<p>Arran de la pand\u00e8mia hi ha hagut un increment de trastorns de conducta aliment\u00e0ria i davant d\u2019aquesta realitat, hem creat aquesta c\u00e0psula de la m\u00e0 de la Sara Bujalance, directora i psic\u00f2loga de l\u2019Associaci\u00f3 Contra l\u2019Anor\u00e8xia i la Bul\u00edmia, i de la Laura Fern\u00e1ndez, psic\u00f2loga i coordinadora del Servei d\u2019Atenci\u00f3 a la persona, per sensibilitzar i informar de com detectar i prevenir aquests trastorns en els nostres centres educatius.<\/p>\n<p>&hellip;  <a href=\"https:\/\/serveiseducatius.xtec.cat\/eixample\/portada\/els-trastorns-de-conducta-alimentaria-que-cal-tenir-en-compte-des-del-centre-educatiu\/\" title=\"Read Els trastorns de conducta aliment\u00e0ria: qu\u00e8 cal tenir en compte des del centre educatiu?\">Llegeix m\u00e9s\u00bb<\/a><\/p>\n","protected":false},"author":5,"featured_media":0,"comment_status":"open","ping_status":"closed","sticky":false,"template":"","format":"standard","meta":{"_bbp_topic_count":0,"_bbp_reply_count":0,"_bbp_total_topic_count":0,"_bbp_total_reply_count":0,"_bbp_voice_count":0,"_bbp_anonymous_reply_count":0,"_bbp_topic_count_hidden":0,"_bbp_reply_count_hidden":0,"_bbp_forum_subforum_count":0,"footnotes":""},"categories":[67,29],"tags":[],"class_list":["post-12577","post","type-post","status-publish","format-standard","hentry","category-eap","category-portada"],"post_mailing_queue_ids":[],"_links":{"self":[{"href":"https:\/\/serveiseducatius.xtec.cat\/eixample\/wp-json\/wp\/v2\/posts\/12577","targetHints":{"allow":["GET"]}}],"collection":[{"href":"https:\/\/serveiseducatius.xtec.cat\/eixample\/wp-json\/wp\/v2\/posts"}],"about":[{"href":"https:\/\/serveiseducatius.xtec.cat\/eixample\/wp-json\/wp\/v2\/types\/post"}],"author":[{"embeddable":true,"href":"https:\/\/serveiseducatius.xtec.cat\/eixample\/wp-json\/wp\/v2\/users\/5"}],"replies":[{"embeddable":true,"href":"https:\/\/serveiseducatius.xtec.cat\/eixample\/wp-json\/wp\/v2\/comments?post=12577"}],"version-history":[{"count":2,"href":"https:\/\/serveiseducatius.xtec.cat\/eixample\/wp-json\/wp\/v2\/posts\/12577\/revisions"}],"predecessor-version":[{"id":12579,"href":"https:\/\/serveiseducatius.xtec.cat\/eixample\/wp-json\/wp\/v2\/posts\/12577\/revisions\/12579"}],"wp:attachment":[{"href":"https:\/\/serveiseducatius.xtec.cat\/eixample\/wp-json\/wp\/v2\/media?parent=12577"}],"wp:term":[{"taxonomy":"category","embeddable":true,"href":"https:\/\/serveiseducatius.xtec.cat\/eixample\/wp-json\/wp\/v2\/categories?post=12577"},{"taxonomy":"post_tag","embeddable":true,"href":"https:\/\/serveiseducatius.xtec.cat\/eixample\/wp-json\/wp\/v2\/tags?post=12577"}],"curies":[{"name":"wp","href":"https:\/\/api.w.org\/{rel}","templated":true}]}}