{"id":12537,"date":"2022-03-04T10:02:07","date_gmt":"2022-03-04T09:02:07","guid":{"rendered":"https:\/\/serveiseducatius.xtec.cat\/eixample\/?p=12537"},"modified":"2022-04-01T12:33:46","modified_gmt":"2022-04-01T10:33:46","slug":"03-de-marc-subxarxa-de-coordinacio-digital-de-centre","status":"publish","type":"post","link":"https:\/\/serveiseducatius.xtec.cat\/eixample\/portada\/03-de-marc-subxarxa-de-coordinacio-digital-de-centre\/","title":{"rendered":"03 de mar\u00e7 \u2013 Subxarxa de Compet\u00e8ncia Digital Docent"},"content":{"rendered":"<p>Ahir es va celebrar la tercera sessi\u00f3 de la Subxarxa de Compet\u00e8ncia Digital Docent. Vam continuar treballant sobre <a href=\"https:\/\/projectes.xtec.cat\/xtcd\/competencia-digital-docent\/sessions-2021-22\/sessio-3-area-3-ensenyament-i-aprenentatge\/\" target=\"_blank\" rel=\"noopener\" data-saferedirecturl=\"https:\/\/www.google.com\/url?q=https:\/\/projectes.xtec.cat\/xtcd\/competencia-digital-docent\/sessions-2021-22\/sessio-3-area-3-ensenyament-i-aprenentatge\/&amp;source=gmail&amp;ust=1646466828348000&amp;usg=AOvVaw2MQy89lVfbNY5YkAZO5ya-\">l\u2019\u00c0rea 3<\/a>, entorn de com les tecnologies digitals poden enfortir i millorar les estrat\u00e8gies d&#8217;ensenyament i aprenentatge de moltes maneres diferents. Sempre destacant, el paper dels docents com a mentors i guies per a l&#8217;alumnat en els seus esfor\u00e7os per aconseguir un aprenentatge cada cop m\u00e9s aut\u00f2nom.<\/p>\n<p>En la segona part de la sessi\u00f3 s&#8217;han compartit les <a href=\"http:\/\/xtec.gencat.cat\/web\/.content\/centres\/centres-educatius-en-linia\/Orientacions-per-a-la-personalitzacio-entorn-virtual-aprenentatge.pdf\" target=\"_blank\" rel=\"noopener\" data-saferedirecturl=\"https:\/\/www.google.com\/url?q=http:\/\/xtec.gencat.cat\/web\/.content\/centres\/centres-educatius-en-linia\/Orientacions-per-a-la-personalitzacio-entorn-virtual-aprenentatge.pdf&amp;source=gmail&amp;ust=1646466828348000&amp;usg=AOvVaw3zS0lnZ0ZqIfRCqgngydME\">orientacions<\/a> per a la personalitzaci\u00f3 d\u2019un entorn virtual d\u2019aprenentatge i com aquests, ens poden ajudar a promoure l\u2019aprenentatge del nostre alumnat.<\/p>\n","protected":false},"excerpt":{"rendered":"<p>Ahir es va celebrar la tercera sessi\u00f3 de la Subxarxa de Compet\u00e8ncia Digital Docent. Vam continuar treballant sobre <a href=\"https:\/\/projectes.xtec.cat\/xtcd\/competencia-digital-docent\/sessions-2021-22\/sessio-3-area-3-ensenyament-i-aprenentatge\/\" target=\"_blank\" rel=\"noopener\" data-saferedirecturl=\"https:\/\/www.google.com\/url?q=https:\/\/projectes.xtec.cat\/xtcd\/competencia-digital-docent\/sessions-2021-22\/sessio-3-area-3-ensenyament-i-aprenentatge\/&amp;source=gmail&amp;ust=1646466828348000&amp;usg=AOvVaw2MQy89lVfbNY5YkAZO5ya-\">l\u2019\u00c0rea 3<\/a>, entorn de com les tecnologies digitals poden enfortir i millorar les estrat\u00e8gies d&#8217;ensenyament i aprenentatge de moltes maneres diferents. Sempre destacant,&hellip;  <a href=\"https:\/\/serveiseducatius.xtec.cat\/eixample\/portada\/03-de-marc-subxarxa-de-coordinacio-digital-de-centre\/\" title=\"Read 03 de mar\u00e7 \u2013 Subxarxa de Compet\u00e8ncia Digital Docent\">Llegeix m\u00e9s\u00bb<\/a><\/p>\n","protected":false},"author":4,"featured_media":12182,"comment_status":"closed","ping_status":"closed","sticky":false,"template":"","format":"standard","meta":{"_bbp_topic_count":0,"_bbp_reply_count":0,"_bbp_total_topic_count":0,"_bbp_total_reply_count":0,"_bbp_voice_count":0,"_bbp_anonymous_reply_count":0,"_bbp_topic_count_hidden":0,"_bbp_reply_count_hidden":0,"_bbp_forum_subforum_count":0,"footnotes":""},"categories":[332,29],"tags":[],"class_list":["post-12537","post","type-post","status-publish","format-standard","has-post-thumbnail","hentry","category-cd","category-portada"],"post_mailing_queue_ids":[],"_links":{"self":[{"href":"https:\/\/serveiseducatius.xtec.cat\/eixample\/wp-json\/wp\/v2\/posts\/12537","targetHints":{"allow":["GET"]}}],"collection":[{"href":"https:\/\/serveiseducatius.xtec.cat\/eixample\/wp-json\/wp\/v2\/posts"}],"about":[{"href":"https:\/\/serveiseducatius.xtec.cat\/eixample\/wp-json\/wp\/v2\/types\/post"}],"author":[{"embeddable":true,"href":"https:\/\/serveiseducatius.xtec.cat\/eixample\/wp-json\/wp\/v2\/users\/4"}],"replies":[{"embeddable":true,"href":"https:\/\/serveiseducatius.xtec.cat\/eixample\/wp-json\/wp\/v2\/comments?post=12537"}],"version-history":[{"count":3,"href":"https:\/\/serveiseducatius.xtec.cat\/eixample\/wp-json\/wp\/v2\/posts\/12537\/revisions"}],"predecessor-version":[{"id":12600,"href":"https:\/\/serveiseducatius.xtec.cat\/eixample\/wp-json\/wp\/v2\/posts\/12537\/revisions\/12600"}],"wp:featuredmedia":[{"embeddable":true,"href":"https:\/\/serveiseducatius.xtec.cat\/eixample\/wp-json\/wp\/v2\/media\/12182"}],"wp:attachment":[{"href":"https:\/\/serveiseducatius.xtec.cat\/eixample\/wp-json\/wp\/v2\/media?parent=12537"}],"wp:term":[{"taxonomy":"category","embeddable":true,"href":"https:\/\/serveiseducatius.xtec.cat\/eixample\/wp-json\/wp\/v2\/categories?post=12537"},{"taxonomy":"post_tag","embeddable":true,"href":"https:\/\/serveiseducatius.xtec.cat\/eixample\/wp-json\/wp\/v2\/tags?post=12537"}],"curies":[{"name":"wp","href":"https:\/\/api.w.org\/{rel}","templated":true}]}}