{"id":12475,"date":"2022-02-18T15:10:54","date_gmt":"2022-02-18T14:10:54","guid":{"rendered":"https:\/\/serveiseducatius.xtec.cat\/eixample\/?p=12475"},"modified":"2022-02-18T15:37:11","modified_gmt":"2022-02-18T14:37:11","slug":"dia-de-la-nena-i-la-dona-en-la-ciencia-a-lescola-gaia","status":"publish","type":"post","link":"https:\/\/serveiseducatius.xtec.cat\/eixample\/escola-gaia\/dia-de-la-nena-i-la-dona-en-la-ciencia-a-lescola-gaia\/","title":{"rendered":"DIA DE LA NENA I LA DONA EN LA CI\u00c8NCIA A L&#8217;ESCOLA GAIA"},"content":{"rendered":"<p>&nbsp;<\/p>\n<p><a href=\"https:\/\/www.youtube.com\/watch?v=Fx0ztzf-2V0&amp;amp;feature=youtu.be\" target=\"_blank\" rel=\"noopener\"><img loading=\"lazy\" decoding=\"async\" class=\"wp-image-5542 alignright\" src=\"https:\/\/www.escolagaia.cat\/wp-content\/uploads\/2022\/02\/DIA-NENAIDONA-CIENCIA-296x300.jpeg\" alt=\"\" width=\"463\" height=\"470\" \/><\/a><\/p>\n<p><b>L\u2019escletxa<\/b>\u00a0<b>de g\u00e8nere<\/b>\u00a0en els sectors de la\u00a0<b>ci\u00e8ncia<\/b>, la\u00a0<b>tecnologia<\/b>, l\u2019<b>enginyeria<\/b>\u00a0i les\u00a0<b>matem\u00e0tiques<\/b>\u00a0(STEM) persisteix des de fa anys a tot el m\u00f3n. Tot i que la participaci\u00f3 de les dones a les carreres de grau superior est\u00e0 augmentant, encara es troben insuficientment representades en aquests camps.<\/p>\n<p>Amb l\u2019objectiu d<b>\u2018aconseguir l\u2019acc\u00e9s i la participaci\u00f3 plena i equitativa en la ci\u00e8ncia per a les dones i les nenes<\/b>, i a m\u00e9s per a assolir la igualtat de g\u00e8nere i l\u2019empoderament de les dones i les nenes, l\u2019Assemblea General de les Nacions Unides va proclamar l\u201911 de febrer el Dia Internacional de la Dona i la Nena en la Ci\u00e8ncia.<\/p>\n<p><strong>Visibilitzar les dones a la ci\u00e8ncia \u00e9s clau per normalitzar-ho<\/strong>\u00a0i fer que totes aquelles nenes que es plantegen fer una carrera cient\u00edfica ho facin sense prejudicis.<strong>\u00a0<\/strong><\/p>\n<p>Des de l&#8217;escola amb el <strong>Grup Mixt de Gaia en Igualtat<\/strong>, format per professors de l&#8217;escola i fam\u00edlies, organitzem cada curs la jornada de la nena i la dona en la ci\u00e8ncia.<\/p>\n<p>Per a commemorar aquest dia i visibilitzar les dones cient\u00edfiques, promovem<b> una activitat on les dones; mares, tietes i \u00e0vies, relacionades amb el m\u00f3n de la ci\u00e8ncia, exposin les seves contribucions en forma de propostes i els infants de l&#8217;escola puguin gaudir-les<\/b>\u00a0descobrint la ci\u00e8ncia en femen\u00ed.<\/p>\n<p>Us compartim aquest <a href=\"https:\/\/www.youtube.com\/watch?v=Fx0ztzf-2V0&amp;amp;feature=youtu.be\" target=\"_blank\" rel=\"noopener\">v\u00eddeo<\/a><\/p>\n<p><a href=\"https:\/\/serveiseducatius.xtec.cat\/eixample\/wp-content\/uploads\/usu1171\/2022\/02\/3.jpg\"><img loading=\"lazy\" decoding=\"async\" class=\"alignnone wp-image-12478\" src=\"https:\/\/serveiseducatius.xtec.cat\/eixample\/wp-content\/uploads\/usu1171\/2022\/02\/3-1024x825.jpg\" alt=\"\" width=\"624\" height=\"503\" srcset=\"https:\/\/serveiseducatius.xtec.cat\/eixample\/wp-content\/uploads\/usu1171\/2022\/02\/3-1024x825.jpg 1024w, https:\/\/serveiseducatius.xtec.cat\/eixample\/wp-content\/uploads\/usu1171\/2022\/02\/3-300x242.jpg 300w, https:\/\/serveiseducatius.xtec.cat\/eixample\/wp-content\/uploads\/usu1171\/2022\/02\/3-768x619.jpg 768w, https:\/\/serveiseducatius.xtec.cat\/eixample\/wp-content\/uploads\/usu1171\/2022\/02\/3-1536x1238.jpg 1536w, https:\/\/serveiseducatius.xtec.cat\/eixample\/wp-content\/uploads\/usu1171\/2022\/02\/3.jpg 1753w\" sizes=\"auto, (max-width: 624px) 100vw, 624px\" \/><\/a> <a href=\"https:\/\/serveiseducatius.xtec.cat\/eixample\/wp-content\/uploads\/usu1171\/2022\/02\/2-scaled.jpg\"><img loading=\"lazy\" decoding=\"async\" class=\"alignnone wp-image-12477\" src=\"https:\/\/serveiseducatius.xtec.cat\/eixample\/wp-content\/uploads\/usu1171\/2022\/02\/2-1024x592.jpg\" alt=\"\" width=\"626\" height=\"362\" srcset=\"https:\/\/serveiseducatius.xtec.cat\/eixample\/wp-content\/uploads\/usu1171\/2022\/02\/2-1024x592.jpg 1024w, https:\/\/serveiseducatius.xtec.cat\/eixample\/wp-content\/uploads\/usu1171\/2022\/02\/2-300x173.jpg 300w, https:\/\/serveiseducatius.xtec.cat\/eixample\/wp-content\/uploads\/usu1171\/2022\/02\/2-768x444.jpg 768w, https:\/\/serveiseducatius.xtec.cat\/eixample\/wp-content\/uploads\/usu1171\/2022\/02\/2-1536x888.jpg 1536w, https:\/\/serveiseducatius.xtec.cat\/eixample\/wp-content\/uploads\/usu1171\/2022\/02\/2-2048x1183.jpg 2048w\" sizes=\"auto, (max-width: 626px) 100vw, 626px\" \/><\/a> <a href=\"https:\/\/serveiseducatius.xtec.cat\/eixample\/wp-content\/uploads\/usu1171\/2022\/02\/Ciencia-3-scaled.jpg\"><img loading=\"lazy\" decoding=\"async\" class=\"alignnone wp-image-12476\" src=\"https:\/\/serveiseducatius.xtec.cat\/eixample\/wp-content\/uploads\/usu1171\/2022\/02\/Ciencia-3-855x1024.jpg\" alt=\"\" width=\"627\" height=\"751\" srcset=\"https:\/\/serveiseducatius.xtec.cat\/eixample\/wp-content\/uploads\/usu1171\/2022\/02\/Ciencia-3-855x1024.jpg 855w, https:\/\/serveiseducatius.xtec.cat\/eixample\/wp-content\/uploads\/usu1171\/2022\/02\/Ciencia-3-251x300.jpg 251w, https:\/\/serveiseducatius.xtec.cat\/eixample\/wp-content\/uploads\/usu1171\/2022\/02\/Ciencia-3-768x920.jpg 768w, https:\/\/serveiseducatius.xtec.cat\/eixample\/wp-content\/uploads\/usu1171\/2022\/02\/Ciencia-3-1283x1536.jpg 1283w, https:\/\/serveiseducatius.xtec.cat\/eixample\/wp-content\/uploads\/usu1171\/2022\/02\/Ciencia-3-1710x2048.jpg 1710w\" sizes=\"auto, (max-width: 627px) 100vw, 627px\" \/><\/a><\/p>\n","protected":false},"excerpt":{"rendered":"<p>&nbsp;<br \/>\n<a href=\"https:\/\/www.youtube.com\/watch?v=Fx0ztzf-2V0&amp;amp;feature=youtu.be\" target=\"_blank\" rel=\"noopener\"><\/a><br \/>\nL\u2019escletxa\u00a0de g\u00e8nere\u00a0en els sectors de la\u00a0ci\u00e8ncia, la\u00a0tecnologia, l\u2019enginyeria\u00a0i les\u00a0matem\u00e0tiques\u00a0(STEM) persisteix des de fa anys a tot el m\u00f3n. Tot i que la participaci\u00f3 de les dones a les carreres de grau superior est\u00e0 augmentant, encara es troben insuficientment representades en aquests camps.<br \/>\nAmb&hellip;  <a href=\"https:\/\/serveiseducatius.xtec.cat\/eixample\/escola-gaia\/dia-de-la-nena-i-la-dona-en-la-ciencia-a-lescola-gaia\/\" title=\"Read DIA DE LA NENA I LA DONA EN LA CI\u00c8NCIA A L&#8217;ESCOLA GAIA\">Llegeix m\u00e9s\u00bb<\/a><\/p>\n","protected":false},"author":80,"featured_media":0,"comment_status":"open","ping_status":"closed","sticky":false,"template":"","format":"standard","meta":{"_bbp_topic_count":0,"_bbp_reply_count":0,"_bbp_total_topic_count":0,"_bbp_total_reply_count":0,"_bbp_voice_count":0,"_bbp_anonymous_reply_count":0,"_bbp_topic_count_hidden":0,"_bbp_reply_count_hidden":0,"_bbp_forum_subforum_count":0,"footnotes":""},"categories":[358],"tags":[],"class_list":["post-12475","post","type-post","status-publish","format-standard","hentry","category-escola-gaia"],"post_mailing_queue_ids":[],"_links":{"self":[{"href":"https:\/\/serveiseducatius.xtec.cat\/eixample\/wp-json\/wp\/v2\/posts\/12475","targetHints":{"allow":["GET"]}}],"collection":[{"href":"https:\/\/serveiseducatius.xtec.cat\/eixample\/wp-json\/wp\/v2\/posts"}],"about":[{"href":"https:\/\/serveiseducatius.xtec.cat\/eixample\/wp-json\/wp\/v2\/types\/post"}],"author":[{"embeddable":true,"href":"https:\/\/serveiseducatius.xtec.cat\/eixample\/wp-json\/wp\/v2\/users\/80"}],"replies":[{"embeddable":true,"href":"https:\/\/serveiseducatius.xtec.cat\/eixample\/wp-json\/wp\/v2\/comments?post=12475"}],"version-history":[{"count":3,"href":"https:\/\/serveiseducatius.xtec.cat\/eixample\/wp-json\/wp\/v2\/posts\/12475\/revisions"}],"predecessor-version":[{"id":12484,"href":"https:\/\/serveiseducatius.xtec.cat\/eixample\/wp-json\/wp\/v2\/posts\/12475\/revisions\/12484"}],"wp:attachment":[{"href":"https:\/\/serveiseducatius.xtec.cat\/eixample\/wp-json\/wp\/v2\/media?parent=12475"}],"wp:term":[{"taxonomy":"category","embeddable":true,"href":"https:\/\/serveiseducatius.xtec.cat\/eixample\/wp-json\/wp\/v2\/categories?post=12475"},{"taxonomy":"post_tag","embeddable":true,"href":"https:\/\/serveiseducatius.xtec.cat\/eixample\/wp-json\/wp\/v2\/tags?post=12475"}],"curies":[{"name":"wp","href":"https:\/\/api.w.org\/{rel}","templated":true}]}}