{"id":12435,"date":"2025-01-22T15:00:22","date_gmt":"2025-01-22T14:00:22","guid":{"rendered":"https:\/\/serveiseducatius.xtec.cat\/eixample\/?p=12435"},"modified":"2025-04-24T09:58:15","modified_gmt":"2025-04-24T07:58:15","slug":"proves-davaluacio-de-4t-deso-2025","status":"publish","type":"post","link":"https:\/\/serveiseducatius.xtec.cat\/eixample\/general\/proves-davaluacio-de-4t-deso-2025\/","title":{"rendered":"Proves d&#8217;avaluaci\u00f3 de 4t d&#8217;ESO 2025"},"content":{"rendered":"<p><a href=\"https:\/\/serveiseducatius.xtec.cat\/eixample\/wp-content\/uploads\/usu1171\/2022\/01\/Giny-web-4t-ESO.png\"><img loading=\"lazy\" decoding=\"async\" class=\"wp-image-13075 alignleft\" src=\"https:\/\/serveiseducatius.xtec.cat\/eixample\/wp-content\/uploads\/usu1171\/2022\/01\/Giny-web-4t-ESO.png\" alt=\"\" width=\"391\" height=\"109\" \/><\/a><\/p>\n<p>&nbsp;<\/p>\n<p>&nbsp;<\/p>\n<p>&nbsp;<\/p>\n<p><strong>10 i 11 d&#8217;abril de 2025<\/strong><\/p>\n<p><span style=\"color: #ff6600;\"><em>*Anirem actualitzant la informaci\u00f3<\/em><\/span><\/p>\n<p><strong>Sessions informatives i de formaci\u00f3<\/strong><\/p>\n<ul>\n<li><span style=\"text-decoration: underline;\">Direccions de centres i persones aplicadores: <\/span>26 de mar\u00e7 de 2025 a les 15h (en l\u00ednia)<\/li>\n<li><span style=\"text-decoration: underline;\">Persones correctores: <\/span>29 d&#8217;abril de 2025 a les 15h (en l\u00ednia)<\/li>\n<\/ul>\n<p><strong>Documents sessi\u00f3 26 de mar\u00e7 (Aplicaci\u00f3 de les proves)<\/strong><\/p>\n<ul>\n<li><a href=\"https:\/\/drive.google.com\/file\/d\/19eDpkq4FMKhGZXM2nt2rb2pnPQ2ettAe\/view?usp=sharing\">Presentaci\u00f3 &#8220;Instruccions per a l&#8217;aplicaci\u00f3 de les Avaluacions de final d&#8217;etapa&#8221;<\/a><\/li>\n<li><a href=\"https:\/\/drive.google.com\/file\/d\/1x3PeNquDLND7U_Uhit2G8XM5bA7whs4o\/view?usp=sharing\">Presentaci\u00f3 &#8220;Lliurament de proves&#8221;\u00a0<\/a><\/li>\n<li><a href=\"https:\/\/drive.google.com\/file\/d\/1F-DcVZaFnGuCXC1ln4rVAC8eeLBthtrr\/view?usp=drive_link\">Infografia &#8220;Lliurament de proves&#8221;<\/a><\/li>\n<\/ul>\n<p><strong>Documents sessi\u00f3 29 d&#8217;abril (Correcci\u00f3 de les proves)<\/strong><\/p>\n<ul>\n<li><a href=\"http:\/\/consaval.cat\/correctorsA4S\/\">Instruccions<\/a><\/li>\n<li><a href=\"http:\/\/csda.gencat.cat\/ca\/arees-actuacio\/avaluacions-consell\/avaluacio-quart-eso\/2025\/proves\/\">Criteris de correcci\u00f3<\/a><\/li>\n<li><a href=\"https:\/\/aplicacions.gestioeducativa.gencat.cat\/ords\/pls\/apex\/f?p=2011002:1:511343851342805::::P1_PAG_ORIGEN:INICI&amp;cs=1t0_u4Dd3HsV6h-lBNNYr2FNFqBk\">Acc\u00e9s a l&#8217;aplicatiu<\/a><\/li>\n<\/ul>\n<p><strong style=\"font-family: inherit; font-size: 1em;\">Altres:<\/strong><\/p>\n<ul>\n<li><a href=\"https:\/\/espai.educacio.gencat.cat\/Alumnes\/Avaluacions-censals\/Avaluacio-4rt-ESO\/Prova-quart-ESO\/Pagines\/default.aspx\">Portal de centre: Acc\u00e9s a l&#8217;aplicaci\u00f3 de gesti\u00f3<\/a><\/li>\n<li><a href=\"https:\/\/drive.google.com\/file\/d\/10V44v2nagxUVckqgQH4GXnb3HB-QND80\/view?usp=sharing\">Guia d&#8217;aplicaci\u00f3<\/a><\/li>\n<li><a href=\"https:\/\/dogc.gencat.cat\/ca\/document-del-dogc\/?documentId=1004468\">Resoluci\u00f3 EDF\/82\/2025, de 15 de gener, per la qual s&#8217;aproven les directrius per a la realitzaci\u00f3 de la prova d&#8217;avaluaci\u00f3 de quart curs de l&#8217;educaci\u00f3 secund\u00e0ria obligat\u00f2ria i es convoca la prova per al curs 2024-2025<\/a><\/li>\n<li><a style=\"font-family: inherit; font-size: 1em;\" href=\"http:\/\/csda.gencat.cat\/ca\/arees-actuacio\/avaluacions-consell\/avaluacio-quart-eso\/\">Proves d&#8217;altres cursos escolars<\/a><\/li>\n<\/ul>\n","protected":false},"excerpt":{"rendered":"<p><a href=\"https:\/\/serveiseducatius.xtec.cat\/eixample\/wp-content\/uploads\/usu1171\/2022\/01\/Giny-web-4t-ESO.png\"><\/a><br \/>\n&nbsp;<br \/>\n&nbsp;<br \/>\n&nbsp;<br \/>\n10 i 11 d&#8217;abril de 2025<br \/>\n*Anirem actualitzant la informaci\u00f3<br \/>\nSessions informatives i de formaci\u00f3<\/p>\n<ul>\n<li>Direccions de centres i persones aplicadores: 26 de mar\u00e7 de 2025 a les 15h (en l\u00ednia)<\/li>\n<li>Persones correctores: 29 d&#8217;abril de 2025 a les 15h (en l\u00ednia)<\/li>\n<\/ul>\n<p>Documents sessi\u00f3 26 de mar\u00e7 (Aplicaci\u00f3 de&hellip;  <a href=\"https:\/\/serveiseducatius.xtec.cat\/eixample\/general\/proves-davaluacio-de-4t-deso-2025\/\" title=\"Read Proves d&#8217;avaluaci\u00f3 de 4t d&#8217;ESO 2025\">Llegeix m\u00e9s\u00bb<\/a><\/p>\n","protected":false},"author":4,"featured_media":13075,"comment_status":"closed","ping_status":"closed","sticky":false,"template":"","format":"standard","meta":{"_bbp_topic_count":0,"_bbp_reply_count":0,"_bbp_total_topic_count":0,"_bbp_total_reply_count":0,"_bbp_voice_count":0,"_bbp_anonymous_reply_count":0,"_bbp_topic_count_hidden":0,"_bbp_reply_count_hidden":0,"_bbp_forum_subforum_count":0,"footnotes":""},"categories":[1],"tags":[],"class_list":["post-12435","post","type-post","status-publish","format-standard","has-post-thumbnail","hentry","category-general"],"post_mailing_queue_ids":[],"_links":{"self":[{"href":"https:\/\/serveiseducatius.xtec.cat\/eixample\/wp-json\/wp\/v2\/posts\/12435","targetHints":{"allow":["GET"]}}],"collection":[{"href":"https:\/\/serveiseducatius.xtec.cat\/eixample\/wp-json\/wp\/v2\/posts"}],"about":[{"href":"https:\/\/serveiseducatius.xtec.cat\/eixample\/wp-json\/wp\/v2\/types\/post"}],"author":[{"embeddable":true,"href":"https:\/\/serveiseducatius.xtec.cat\/eixample\/wp-json\/wp\/v2\/users\/4"}],"replies":[{"embeddable":true,"href":"https:\/\/serveiseducatius.xtec.cat\/eixample\/wp-json\/wp\/v2\/comments?post=12435"}],"version-history":[{"count":6,"href":"https:\/\/serveiseducatius.xtec.cat\/eixample\/wp-json\/wp\/v2\/posts\/12435\/revisions"}],"predecessor-version":[{"id":13706,"href":"https:\/\/serveiseducatius.xtec.cat\/eixample\/wp-json\/wp\/v2\/posts\/12435\/revisions\/13706"}],"wp:featuredmedia":[{"embeddable":true,"href":"https:\/\/serveiseducatius.xtec.cat\/eixample\/wp-json\/wp\/v2\/media\/13075"}],"wp:attachment":[{"href":"https:\/\/serveiseducatius.xtec.cat\/eixample\/wp-json\/wp\/v2\/media?parent=12435"}],"wp:term":[{"taxonomy":"category","embeddable":true,"href":"https:\/\/serveiseducatius.xtec.cat\/eixample\/wp-json\/wp\/v2\/categories?post=12435"},{"taxonomy":"post_tag","embeddable":true,"href":"https:\/\/serveiseducatius.xtec.cat\/eixample\/wp-json\/wp\/v2\/tags?post=12435"}],"curies":[{"name":"wp","href":"https:\/\/api.w.org\/{rel}","templated":true}]}}