{"id":11958,"date":"2021-04-30T08:09:52","date_gmt":"2021-04-30T06:09:52","guid":{"rendered":"http:\/\/serveiseducatius.xtec.cat\/eixample\/?p=11958"},"modified":"2022-01-19T13:18:22","modified_gmt":"2022-01-19T12:18:22","slug":"pla-de-formacio-de-zona-2021-2022","status":"publish","type":"post","link":"https:\/\/serveiseducatius.xtec.cat\/eixample\/general\/pla-de-formacio-de-zona-2021-2022\/","title":{"rendered":"Pla de Formaci\u00f3 de Zona 2021-2022"},"content":{"rendered":"<p><a href=\"https:\/\/serveiseducatius.xtec.cat\/eixample\/general\/pla-de-formacio-de-zona-2021-2022\/\"><span style=\"color: #ff0000;\"><strong>IMPORTANT<\/strong>:<\/span><\/a><strong> En aquests moments segueix vigent la instrucci\u00f3 de la Secretaria d\u2019Administraci\u00f3 i Funci\u00f3 P\u00fablica<\/strong>\u00a0(Instrucci\u00f3 6\/2020, de 30 de juny, sobre mesures organitzatives, de prevenci\u00f3 i seguretat aplicables en l\u2019etapa de la represa al personal de l\u2019Administraci\u00f3 de la Generalitat de Catalunya amb motiu del coronavirus SARS-CoV-2) que estableix que <strong>la formaci\u00f3\u00a0s\u2019ha de portar a terme de forma virtual.<\/strong>\u00a0Per aquest motiu, les propostes formatives s\u2019han de seguir planificant en format virtual i les activitats de formaci\u00f3 no es poden portar a terme presencialment. En previsi\u00f3 d\u2019un canvi de la situaci\u00f3 sanit\u00e0ria i la publicaci\u00f3 de noves instruccions que ho permetin, les activitats planificades es podran ajustar a modalitats i formats presencials.<\/p>\n<p>Per altra banda, ja podeu consultar el calendari del PFZ del curs 2021-2022 <strong><a href=\"https:\/\/serveiseducatius.xtec.cat\/eixample\/formacio\/calendari-pfz\/\">CLICANT AQU\u00cd\u00a0<\/a><\/strong><\/p>\n<div class=\"entry-content\">\n<table>\n<tbody>\n<tr>\n<td>\n<h4 style=\"text-align: center;\"><strong>Sol\u00b7licitud\u00a0<\/strong><strong>de FORMACI\u00d3 EN CENTRE<\/strong><\/h4>\n<p><img loading=\"lazy\" decoding=\"async\" class=\"aligncenter wp-image-1822\" src=\"http:\/\/serveiseducatius.xtec.cat\/altpenedes\/wp-content\/uploads\/usu763\/2015\/11\/form_taronja-150x150.jpg\" alt=\"form_taronja\" width=\"100\" height=\"99\" \/><\/p>\n<p style=\"text-align: center;\"><a href=\"https:\/\/docs.google.com\/forms\/d\/1IIJpPlgGQAiN29_bEkHjGqyfZ4AIpBVPGWUPoWFCJg4\/edit\">Acc\u00e9s FORMULARI<\/a><\/p>\n<\/td>\n<td>\n<h4 style=\"text-align: center;\"><strong>Sondeig\u00a0<\/strong><strong>de participaci\u00f3 a\u00a0les modalitats\u00a0<\/strong><strong>de FORMACI\u00d3 PER A CENTRE<\/strong><\/h4>\n<p style=\"text-align: center;\"><img loading=\"lazy\" decoding=\"async\" class=\"aligncenter wp-image-1823\" src=\"http:\/\/serveiseducatius.xtec.cat\/altpenedes\/wp-content\/uploads\/usu763\/2015\/11\/form_verd-150x150.jpg\" sizes=\"auto, (max-width: 100px) 100vw, 100px\" srcset=\"https:\/\/serveiseducatius.xtec.cat\/altpenedes\/wp-content\/uploads\/usu763\/2015\/11\/form_verd-150x150.jpg 150w, https:\/\/serveiseducatius.xtec.cat\/altpenedes\/wp-content\/uploads\/usu763\/2015\/11\/form_verd-300x298.jpg 300w, https:\/\/serveiseducatius.xtec.cat\/altpenedes\/wp-content\/uploads\/usu763\/2015\/11\/form_verd.jpg 321w\" alt=\"form_verd\" width=\"100\" height=\"99\" \/><a href=\"https:\/\/forms.gle\/Yey1gYuYV1QdJv8W9\">Acc\u00e9s FORMULARI<\/a><\/p>\n<\/td>\n<td>\n<h4 style=\"text-align: center;\"><strong>Proposta de FORMACI\u00d3\u00a0<\/strong><strong>INDIVIDUAL<\/strong><\/h4>\n<h4><strong><img loading=\"lazy\" decoding=\"async\" class=\"aligncenter wp-image-1821\" src=\"https:\/\/serveiseducatius.xtec.cat\/altpenedes\/wp-content\/uploads\/usu763\/2015\/11\/form_groc-300x298.jpg\" sizes=\"auto, (max-width: 108px) 100vw, 108px\" srcset=\"https:\/\/serveiseducatius.xtec.cat\/altpenedes\/wp-content\/uploads\/usu763\/2015\/11\/form_groc-300x298.jpg 300w, https:\/\/serveiseducatius.xtec.cat\/altpenedes\/wp-content\/uploads\/usu763\/2015\/11\/form_groc-150x150.jpg 150w, https:\/\/serveiseducatius.xtec.cat\/altpenedes\/wp-content\/uploads\/usu763\/2015\/11\/form_groc.jpg 321w\" alt=\"\" width=\"108\" height=\"107\" \/><\/strong><\/h4>\n<p style=\"text-align: center;\"><a href=\"https:\/\/forms.gle\/TcYtdoc8jWpvDHmk7\">Acc\u00e9s FORMULARI<\/a><\/p>\n<\/td>\n<\/tr>\n<tr>\n<td style=\"text-align: center;\" colspan=\"3\">Comproveu les caracter\u00edstiques de cada modalitat formativa a les p\u00e0gines corresponents:<\/td>\n<\/tr>\n<tr>\n<td>Les p\u00e0gines 41, 42, 43, 44, 45 i 46 dels <a href=\"https:\/\/docs.google.com\/document\/d\/1mX_Rt3OKIMI_hzgOxMaTvZYO-BhdZXRcNPVc5B0kDoE\/edit?usp=sharing\">Criteris, instruccions i orientacions 2021-2022<\/a>\u00a0(Apartat 10.1 Modalitats de formaci\u00f3 en centre)<\/td>\n<td>Les p\u00e0gines 47, 48 i 49 del document <a href=\"https:\/\/docs.google.com\/document\/d\/1mX_Rt3OKIMI_hzgOxMaTvZYO-BhdZXRcNPVc5B0kDoE\/edit?usp=sharing\">Criteris, instruccions i orientacions curs 2020-2021\u00a0<\/a>(Apartat 10.2 Modalitats de formaci\u00f3 per a centres)<\/td>\n<td>Les p\u00e0gines 50, 51, 52, 53, 54, 55 i 56 dels <a href=\"https:\/\/docs.google.com\/document\/d\/1mX_Rt3OKIMI_hzgOxMaTvZYO-BhdZXRcNPVc5B0kDoE\/edit?usp=sharing\">Criteris, instruccions i orientacions 2021-2021<\/a>\u00a0(Apartat 10.3 Modalitats de formaci\u00f3 individual)<\/td>\n<\/tr>\n<tr>\n<td>\n<ul>\n<li>Assessorament<\/li>\n<li>Formaci\u00f3 interna de centre (<strong>FIC<\/strong>)<\/li>\n<li>Taller a centre<\/li>\n<li>Visita formativa a centre \u2013\u00a0<em>Material per a organitzar i gestionar la proposta formativa de\u00a0<a href=\"http:\/\/ateneu.xtec.cat\/wikiform\/wikiexport\/materials\/vfac\/index\" target=\"_blank\" rel=\"noopener noreferrer\"><span class=\"c32 c27 c44\">Visita a centre<\/span><\/a><\/em><\/li>\n<\/ul>\n<\/td>\n<td>\n<ul>\n<li>Seminaris de coordinaci\u00f3<\/li>\n<li>Curs \/ seminari d\u2019equips de centre<\/li>\n<li>Taller d\u2019equips de centre<\/li>\n<\/ul>\n<\/td>\n<td>\n<ul>\n<li>Taller<\/li>\n<li>Curs<\/li>\n<li>Seminari<\/li>\n<li>Grup de treball<\/li>\n<li>Confer\u00e8ncia, taula rodona, trobada pedag\u00f2gica, intercanvi d\u2019experi\u00e8ncies, jornades (m\u00ednim 5 hores) i cicles de confer\u00e8ncies<\/li>\n<li>Estada formativa a l&#8217;empresa<\/li>\n<li>Estada formativa a l&#8217;estranger<\/li>\n<\/ul>\n<\/td>\n<\/tr>\n<\/tbody>\n<\/table>\n<\/div>\n","protected":false},"excerpt":{"rendered":"<p><a href=\"https:\/\/serveiseducatius.xtec.cat\/eixample\/general\/pla-de-formacio-de-zona-2021-2022\/\">IMPORTANT:<\/a> En aquests moments segueix vigent la instrucci\u00f3 de la Secretaria d\u2019Administraci\u00f3 i Funci\u00f3 P\u00fablica\u00a0(Instrucci\u00f3 6\/2020, de 30 de juny, sobre mesures organitzatives, de prevenci\u00f3 i seguretat aplicables en l\u2019etapa de la represa al personal de l\u2019Administraci\u00f3 de la Generalitat de Catalunya amb motiu&hellip;  <a href=\"https:\/\/serveiseducatius.xtec.cat\/eixample\/general\/pla-de-formacio-de-zona-2021-2022\/\" title=\"Read Pla de Formaci\u00f3 de Zona 2021-2022\">Llegeix m\u00e9s\u00bb<\/a><\/p>\n","protected":false},"author":4,"featured_media":9458,"comment_status":"open","ping_status":"closed","sticky":false,"template":"","format":"standard","meta":{"_bbp_topic_count":0,"_bbp_reply_count":0,"_bbp_total_topic_count":0,"_bbp_total_reply_count":0,"_bbp_voice_count":0,"_bbp_anonymous_reply_count":0,"_bbp_topic_count_hidden":0,"_bbp_reply_count_hidden":0,"_bbp_forum_subforum_count":0,"footnotes":""},"categories":[65,154,1,153,29],"tags":[],"class_list":["post-11958","post","type-post","status-publish","format-standard","has-post-thumbnail","hentry","category-crp","category-formacio","category-general","category-pfz","category-portada"],"post_mailing_queue_ids":[],"_links":{"self":[{"href":"https:\/\/serveiseducatius.xtec.cat\/eixample\/wp-json\/wp\/v2\/posts\/11958","targetHints":{"allow":["GET"]}}],"collection":[{"href":"https:\/\/serveiseducatius.xtec.cat\/eixample\/wp-json\/wp\/v2\/posts"}],"about":[{"href":"https:\/\/serveiseducatius.xtec.cat\/eixample\/wp-json\/wp\/v2\/types\/post"}],"author":[{"embeddable":true,"href":"https:\/\/serveiseducatius.xtec.cat\/eixample\/wp-json\/wp\/v2\/users\/4"}],"replies":[{"embeddable":true,"href":"https:\/\/serveiseducatius.xtec.cat\/eixample\/wp-json\/wp\/v2\/comments?post=11958"}],"version-history":[{"count":4,"href":"https:\/\/serveiseducatius.xtec.cat\/eixample\/wp-json\/wp\/v2\/posts\/11958\/revisions"}],"predecessor-version":[{"id":12406,"href":"https:\/\/serveiseducatius.xtec.cat\/eixample\/wp-json\/wp\/v2\/posts\/11958\/revisions\/12406"}],"wp:featuredmedia":[{"embeddable":true,"href":"https:\/\/serveiseducatius.xtec.cat\/eixample\/wp-json\/wp\/v2\/media\/9458"}],"wp:attachment":[{"href":"https:\/\/serveiseducatius.xtec.cat\/eixample\/wp-json\/wp\/v2\/media?parent=11958"}],"wp:term":[{"taxonomy":"category","embeddable":true,"href":"https:\/\/serveiseducatius.xtec.cat\/eixample\/wp-json\/wp\/v2\/categories?post=11958"},{"taxonomy":"post_tag","embeddable":true,"href":"https:\/\/serveiseducatius.xtec.cat\/eixample\/wp-json\/wp\/v2\/tags?post=11958"}],"curies":[{"name":"wp","href":"https:\/\/api.w.org\/{rel}","templated":true}]}}