{"id":11882,"date":"2021-01-14T12:42:15","date_gmt":"2021-01-14T11:42:15","guid":{"rendered":"http:\/\/serveiseducatius.xtec.cat\/eixample\/?p=11882"},"modified":"2021-05-13T16:11:17","modified_gmt":"2021-05-13T14:11:17","slug":"i-si-einstein-hagues-sigut-dona","status":"publish","type":"post","link":"https:\/\/serveiseducatius.xtec.cat\/eixample\/portada\/i-si-einstein-hagues-sigut-dona\/","title":{"rendered":"I si Einstein hagu\u00e9s sigut dona?"},"content":{"rendered":"<p>Qu\u00e8 hagu\u00e9s passat si Einstein hagu\u00e9s estat una dona, o Galileu, o Schr\u00f6dinger? Molt probablement, el que hagu\u00e9s passat \u00e9s que els seus m\u00e8rits o descobriments se&#8217;ls hagu\u00e9s emportat un home, com per exemple el seu marit. <\/p>\n<p>Amb aquest v\u00eddeo us convidem a la reflexi\u00f3, i us pot servir com a catalitzador per generar debat a l&#8217;aula.<\/p>\n<p><iframe loading=\"lazy\" src=\"https:\/\/www.youtube.com\/embed\/Fx0ztzf-2V0\" width=\"560\" height=\"315\" frameborder=\"0\"><\/iframe><\/p>\n","protected":false},"excerpt":{"rendered":"<p>Qu\u00e8 hagu\u00e9s passat si Einstein hagu\u00e9s estat una dona, o Galileu, o Schr\u00f6dinger? Molt probablement, el que hagu\u00e9s passat \u00e9s que els seus m\u00e8rits o descobriments se&#8217;ls hagu\u00e9s emportat un home, com per exemple el seu marit.<br \/>\nAmb aquest v\u00eddeo us convidem a la reflexi\u00f3,&hellip;  <a href=\"https:\/\/serveiseducatius.xtec.cat\/eixample\/portada\/i-si-einstein-hagues-sigut-dona\/\" title=\"Read I si Einstein hagu\u00e9s sigut dona?\">Llegeix m\u00e9s\u00bb<\/a><\/p>\n","protected":false},"author":4,"featured_media":11883,"comment_status":"open","ping_status":"closed","sticky":false,"template":"","format":"standard","meta":{"_bbp_topic_count":0,"_bbp_reply_count":0,"_bbp_total_topic_count":0,"_bbp_total_reply_count":0,"_bbp_voice_count":0,"_bbp_anonymous_reply_count":0,"_bbp_topic_count_hidden":0,"_bbp_reply_count_hidden":0,"_bbp_forum_subforum_count":0,"footnotes":""},"categories":[65,354,29],"tags":[],"class_list":["post-11882","post","type-post","status-publish","format-standard","has-post-thumbnail","hentry","category-crp","category-erasmus-coedu","category-portada"],"post_mailing_queue_ids":[],"_links":{"self":[{"href":"https:\/\/serveiseducatius.xtec.cat\/eixample\/wp-json\/wp\/v2\/posts\/11882","targetHints":{"allow":["GET"]}}],"collection":[{"href":"https:\/\/serveiseducatius.xtec.cat\/eixample\/wp-json\/wp\/v2\/posts"}],"about":[{"href":"https:\/\/serveiseducatius.xtec.cat\/eixample\/wp-json\/wp\/v2\/types\/post"}],"author":[{"embeddable":true,"href":"https:\/\/serveiseducatius.xtec.cat\/eixample\/wp-json\/wp\/v2\/users\/4"}],"replies":[{"embeddable":true,"href":"https:\/\/serveiseducatius.xtec.cat\/eixample\/wp-json\/wp\/v2\/comments?post=11882"}],"version-history":[{"count":2,"href":"https:\/\/serveiseducatius.xtec.cat\/eixample\/wp-json\/wp\/v2\/posts\/11882\/revisions"}],"predecessor-version":[{"id":11885,"href":"https:\/\/serveiseducatius.xtec.cat\/eixample\/wp-json\/wp\/v2\/posts\/11882\/revisions\/11885"}],"wp:featuredmedia":[{"embeddable":true,"href":"https:\/\/serveiseducatius.xtec.cat\/eixample\/wp-json\/wp\/v2\/media\/11883"}],"wp:attachment":[{"href":"https:\/\/serveiseducatius.xtec.cat\/eixample\/wp-json\/wp\/v2\/media?parent=11882"}],"wp:term":[{"taxonomy":"category","embeddable":true,"href":"https:\/\/serveiseducatius.xtec.cat\/eixample\/wp-json\/wp\/v2\/categories?post=11882"},{"taxonomy":"post_tag","embeddable":true,"href":"https:\/\/serveiseducatius.xtec.cat\/eixample\/wp-json\/wp\/v2\/tags?post=11882"}],"curies":[{"name":"wp","href":"https:\/\/api.w.org\/{rel}","templated":true}]}}