{"id":11567,"date":"2020-05-14T14:26:25","date_gmt":"2020-05-14T12:26:25","guid":{"rendered":"http:\/\/serveiseducatius.xtec.cat\/eixample\/?p=11567"},"modified":"2020-05-22T16:38:22","modified_gmt":"2020-05-22T14:38:22","slug":"obert-el-periode-de-preinscripcio-escolar-2020-21","status":"publish","type":"post","link":"https:\/\/serveiseducatius.xtec.cat\/eixample\/general\/obert-el-periode-de-preinscripcio-escolar-2020-21\/","title":{"rendered":"Obert el per\u00edode de preinscripci\u00f3 escolar 2020-21"},"content":{"rendered":"<p>Ja s&#8217;ha obert el per\u00edode de <strong>preinscripci\u00f3 a Catalunya per al curs escolar 2020-2021<\/strong> <a href=\"https:\/\/www.edubcn.cat\/ca\/alumnat_i_familia\/informacio_general_matriculacio\/preinscripcio#\/3\"><strong>als ensenyaments de segon cicle d\u2019educaci\u00f3 infantil, educaci\u00f3 prim\u00e0ria i educaci\u00f3 secund\u00e0ria obligat\u00f2ria<\/strong><\/a>. Es fa de forma<strong> telem\u00e0tica del 13 al 22 de maig<\/strong> per\u00f2 tamb\u00e9 hi ha l\u2019opci\u00f3 de forma <strong>presencial<\/strong>, per aquelles fam\u00edlies que no tinguin mitjans per fer-ho d\u2019una altra manera, <strong>entre el 19 i el 22 de maig<\/strong>.<\/p>\n<p><a href=\"https:\/\/www.edubcn.cat\/ca\/alumnat_i_familia\/informacio_general_matriculacio\/preinscripcio#\/3\"><img loading=\"lazy\" decoding=\"async\" class=\"size-full wp-image-11568 alignleft\" src=\"https:\/\/serveiseducatius.xtec.cat\/eixample\/wp-content\/uploads\/usu1171\/2020\/05\/noti_CEB_Banner_Preinscripcions_746x376.jpg\" alt=\"\" width=\"1000\" height=\"600\" srcset=\"https:\/\/serveiseducatius.xtec.cat\/eixample\/wp-content\/uploads\/usu1171\/2020\/05\/noti_CEB_Banner_Preinscripcions_746x376.jpg 1000w, https:\/\/serveiseducatius.xtec.cat\/eixample\/wp-content\/uploads\/usu1171\/2020\/05\/noti_CEB_Banner_Preinscripcions_746x376-300x180.jpg 300w, https:\/\/serveiseducatius.xtec.cat\/eixample\/wp-content\/uploads\/usu1171\/2020\/05\/noti_CEB_Banner_Preinscripcions_746x376-768x461.jpg 768w\" sizes=\"auto, (max-width: 1000px) 100vw, 1000px\" \/><\/a><\/p>\n","protected":false},"excerpt":{"rendered":"<p>Ja s&#8217;ha obert el per\u00edode de preinscripci\u00f3 a Catalunya per al curs escolar 2020-2021 <a href=\"https:\/\/www.edubcn.cat\/ca\/alumnat_i_familia\/informacio_general_matriculacio\/preinscripcio#\/3\">als ensenyaments de segon cicle d\u2019educaci\u00f3 infantil, educaci\u00f3 prim\u00e0ria i educaci\u00f3 secund\u00e0ria obligat\u00f2ria<\/a>. Es fa de forma telem\u00e0tica del 13 al 22 de maig per\u00f2 tamb\u00e9 hi ha l\u2019opci\u00f3 de&hellip;  <a href=\"https:\/\/serveiseducatius.xtec.cat\/eixample\/general\/obert-el-periode-de-preinscripcio-escolar-2020-21\/\" title=\"Read Obert el per\u00edode de preinscripci\u00f3 escolar 2020-21\">Llegeix m\u00e9s\u00bb<\/a><\/p>\n","protected":false},"author":4,"featured_media":11568,"comment_status":"closed","ping_status":"closed","sticky":false,"template":"","format":"standard","meta":{"_bbp_topic_count":0,"_bbp_reply_count":0,"_bbp_total_topic_count":0,"_bbp_total_reply_count":0,"_bbp_voice_count":0,"_bbp_anonymous_reply_count":0,"_bbp_topic_count_hidden":0,"_bbp_reply_count_hidden":0,"_bbp_forum_subforum_count":0,"footnotes":""},"categories":[1,29],"tags":[],"class_list":["post-11567","post","type-post","status-publish","format-standard","has-post-thumbnail","hentry","category-general","category-portada"],"post_mailing_queue_ids":[],"_links":{"self":[{"href":"https:\/\/serveiseducatius.xtec.cat\/eixample\/wp-json\/wp\/v2\/posts\/11567","targetHints":{"allow":["GET"]}}],"collection":[{"href":"https:\/\/serveiseducatius.xtec.cat\/eixample\/wp-json\/wp\/v2\/posts"}],"about":[{"href":"https:\/\/serveiseducatius.xtec.cat\/eixample\/wp-json\/wp\/v2\/types\/post"}],"author":[{"embeddable":true,"href":"https:\/\/serveiseducatius.xtec.cat\/eixample\/wp-json\/wp\/v2\/users\/4"}],"replies":[{"embeddable":true,"href":"https:\/\/serveiseducatius.xtec.cat\/eixample\/wp-json\/wp\/v2\/comments?post=11567"}],"version-history":[{"count":2,"href":"https:\/\/serveiseducatius.xtec.cat\/eixample\/wp-json\/wp\/v2\/posts\/11567\/revisions"}],"predecessor-version":[{"id":11570,"href":"https:\/\/serveiseducatius.xtec.cat\/eixample\/wp-json\/wp\/v2\/posts\/11567\/revisions\/11570"}],"wp:featuredmedia":[{"embeddable":true,"href":"https:\/\/serveiseducatius.xtec.cat\/eixample\/wp-json\/wp\/v2\/media\/11568"}],"wp:attachment":[{"href":"https:\/\/serveiseducatius.xtec.cat\/eixample\/wp-json\/wp\/v2\/media?parent=11567"}],"wp:term":[{"taxonomy":"category","embeddable":true,"href":"https:\/\/serveiseducatius.xtec.cat\/eixample\/wp-json\/wp\/v2\/categories?post=11567"},{"taxonomy":"post_tag","embeddable":true,"href":"https:\/\/serveiseducatius.xtec.cat\/eixample\/wp-json\/wp\/v2\/tags?post=11567"}],"curies":[{"name":"wp","href":"https:\/\/api.w.org\/{rel}","templated":true}]}}