{"id":11175,"date":"2020-02-29T13:44:09","date_gmt":"2020-02-29T12:44:09","guid":{"rendered":"http:\/\/serveiseducatius.xtec.cat\/eixample\/?p=11175"},"modified":"2020-03-04T12:09:00","modified_gmt":"2020-03-04T11:09:00","slug":"dia-internacional-de-les-dones-2020-mnac","status":"publish","type":"post","link":"https:\/\/serveiseducatius.xtec.cat\/eixample\/general\/dia-internacional-de-les-dones-2020-mnac\/","title":{"rendered":"Dia Internacional de les Dones 2020-MNAC"},"content":{"rendered":"<p>El proper diumenge <strong>8 de mar\u00e7 de 2020, <\/strong>de <strong>10 a 15 h<\/strong> i per celebrar el <strong>Dia Internacional de les Dones<\/strong>,<strong> el Museu Nacional d&#8217;Art de Catalunya (MNAC) <\/strong>convida a totes <strong>les nenes, noies i dones <\/strong>que vulguin venir a gaudir de la nostra col\u00b7lecci\u00f3 de <strong>forma gratu\u00efta!<\/strong><\/p>\n<p>Com a servei p\u00fablic i com a instituci\u00f3 cultural de refer\u00e8ncia a Catalunya, el <strong>Museu Nacional<\/strong> t\u00e9 la voluntat de mantenir la m\u00e0xima implicaci\u00f3 amb la societat i, en aquest marc, una de les l\u00ednies que impulsa \u00e9s la lluita contra la discriminaci\u00f3 de la dona en l\u2019\u00e0mbit de la creaci\u00f3 i producci\u00f3 art\u00edstica i intel\u00b7lectual, aix\u00ed com en el gaudiment de la mateixa, tal i com proposa l\u2019article 26 de la Llei d\u2019Igualtat. Amb aquesta voluntat, el museu organitza cada any tot un seguit d\u2019activitats que podeu consultar <a href=\"https:\/\/www.museunacional.cat\/ca\/dones\">AQU\u00cd<\/a>.<\/p>\n","protected":false},"excerpt":{"rendered":"<p>El proper diumenge 8 de mar\u00e7 de 2020, de 10 a 15 h i per celebrar el Dia Internacional de les Dones, el Museu Nacional d&#8217;Art de Catalunya (MNAC) convida a totes les nenes, noies i dones que vulguin venir a gaudir de la nostra&hellip;  <a href=\"https:\/\/serveiseducatius.xtec.cat\/eixample\/general\/dia-internacional-de-les-dones-2020-mnac\/\" title=\"Read Dia Internacional de les Dones 2020-MNAC\">Llegeix m\u00e9s\u00bb<\/a><\/p>\n","protected":false},"author":4,"featured_media":11177,"comment_status":"closed","ping_status":"closed","sticky":false,"template":"","format":"standard","meta":{"_bbp_topic_count":0,"_bbp_reply_count":0,"_bbp_total_topic_count":0,"_bbp_total_reply_count":0,"_bbp_voice_count":0,"_bbp_anonymous_reply_count":0,"_bbp_topic_count_hidden":0,"_bbp_reply_count_hidden":0,"_bbp_forum_subforum_count":0,"footnotes":""},"categories":[315,1],"tags":[],"class_list":["post-11175","post","type-post","status-publish","format-standard","has-post-thumbnail","hentry","category-actualitat-be","category-general"],"post_mailing_queue_ids":[],"_links":{"self":[{"href":"https:\/\/serveiseducatius.xtec.cat\/eixample\/wp-json\/wp\/v2\/posts\/11175","targetHints":{"allow":["GET"]}}],"collection":[{"href":"https:\/\/serveiseducatius.xtec.cat\/eixample\/wp-json\/wp\/v2\/posts"}],"about":[{"href":"https:\/\/serveiseducatius.xtec.cat\/eixample\/wp-json\/wp\/v2\/types\/post"}],"author":[{"embeddable":true,"href":"https:\/\/serveiseducatius.xtec.cat\/eixample\/wp-json\/wp\/v2\/users\/4"}],"replies":[{"embeddable":true,"href":"https:\/\/serveiseducatius.xtec.cat\/eixample\/wp-json\/wp\/v2\/comments?post=11175"}],"version-history":[{"count":1,"href":"https:\/\/serveiseducatius.xtec.cat\/eixample\/wp-json\/wp\/v2\/posts\/11175\/revisions"}],"predecessor-version":[{"id":11176,"href":"https:\/\/serveiseducatius.xtec.cat\/eixample\/wp-json\/wp\/v2\/posts\/11175\/revisions\/11176"}],"wp:featuredmedia":[{"embeddable":true,"href":"https:\/\/serveiseducatius.xtec.cat\/eixample\/wp-json\/wp\/v2\/media\/11177"}],"wp:attachment":[{"href":"https:\/\/serveiseducatius.xtec.cat\/eixample\/wp-json\/wp\/v2\/media?parent=11175"}],"wp:term":[{"taxonomy":"category","embeddable":true,"href":"https:\/\/serveiseducatius.xtec.cat\/eixample\/wp-json\/wp\/v2\/categories?post=11175"},{"taxonomy":"post_tag","embeddable":true,"href":"https:\/\/serveiseducatius.xtec.cat\/eixample\/wp-json\/wp\/v2\/tags?post=11175"}],"curies":[{"name":"wp","href":"https:\/\/api.w.org\/{rel}","templated":true}]}}