{"id":10225,"date":"2019-11-05T12:18:05","date_gmt":"2019-11-05T11:18:05","guid":{"rendered":"http:\/\/serveiseducatius.xtec.cat\/eixample\/?p=10225"},"modified":"2019-12-05T17:05:07","modified_gmt":"2019-12-05T16:05:07","slug":"xxv-concurs-el-gust-per-la-lectura","status":"publish","type":"post","link":"https:\/\/serveiseducatius.xtec.cat\/eixample\/general\/xxv-concurs-el-gust-per-la-lectura\/","title":{"rendered":"XXV Concurs El gust per la lectura"},"content":{"rendered":"<p><span style=\"font-family: inherit; font-size: 1em;\"><a href=\"https:\/\/serveiseducatius.xtec.cat\/eixample\/wp-content\/uploads\/usu1171\/2019\/11\/600_gust_lectura.jpg\"><img loading=\"lazy\" decoding=\"async\" class=\"alignleft wp-image-10636\" src=\"https:\/\/serveiseducatius.xtec.cat\/eixample\/wp-content\/uploads\/usu1171\/2019\/11\/600_gust_lectura.jpg\" alt=\"\" width=\"500\" height=\"300\" srcset=\"https:\/\/serveiseducatius.xtec.cat\/eixample\/wp-content\/uploads\/usu1171\/2019\/11\/600_gust_lectura.jpg 1000w, https:\/\/serveiseducatius.xtec.cat\/eixample\/wp-content\/uploads\/usu1171\/2019\/11\/600_gust_lectura-300x180.jpg 300w, https:\/\/serveiseducatius.xtec.cat\/eixample\/wp-content\/uploads\/usu1171\/2019\/11\/600_gust_lectura-768x461.jpg 768w\" sizes=\"auto, (max-width: 500px) 100vw, 500px\" \/><\/a>S\u2019ha obert el termini d\u2019inscripci\u00f3 a la <\/span><b style=\"font-family: inherit; font-size: 1em;\">25a edici\u00f3 del concurs escolar\u00a0<i>El Gust per la Lectura<\/i><\/b><span style=\"font-family: inherit; font-size: 1em;\">, que organitza el Departament d\u2019Educaci\u00f3, adre\u00e7at a l\u2019alumnat dels nivells educatius no universitaris de Catalunya, del qual us annexem les\u00a0<\/span><b style=\"font-family: inherit; font-size: 1em;\">bases\u00a0<\/b><span style=\"font-family: inherit; font-size: 1em;\">i un\u00a0<\/span><b style=\"font-family: inherit; font-size: 1em;\">tr\u00edptic\u00a0<\/b><span style=\"font-family: inherit; font-size: 1em;\">informatiu.<\/span><\/p>\n<div>\n<div dir=\"ltr\">\n<div dir=\"ltr\">\n<p><i>El Gust per la Lectura<\/i>\u00a0\u00e9s un programa educatiu que ofereix propostes de lectura i recursos did\u00e0ctics adaptats a cada nivell educatiu amb l\u2019objectiu de formar bons lectors.<\/p>\n<p>El concurs ofereix als centres la possibilitat d\u2019aprofitar aquestes propostes i recursos amb una motivaci\u00f3 addicional per a la tasca docent i l\u2019aprenentatge. M\u00e9s de 200 centres i uns 7000 alumnes per curs hi han participat en les darreres edicions.<\/p>\n<p>El concurs preveu dues fases de realitzaci\u00f3:<\/p>\n<p>&#8211;\u00a0\u00a0\u00a0\u00a0\u00a0\u00a0\u00a0\u00a0\u00a0 Inscripci\u00f3:\u00a0<b>del 4 de novembre de 2019 fins al 22 de gener de 2020<\/b><\/p>\n<p>&#8211;\u00a0\u00a0\u00a0\u00a0\u00a0\u00a0\u00a0\u00a0\u00a0 Lliurament dels treballs:\u00a0<b>del 16 de mar\u00e7 al 8 de maig de 2020<\/b><\/p>\n<p>La formalitzaci\u00f3 de la inscripci\u00f3 i el lliurament dels treballs es porta a terme mitjan\u00e7ant el formulari en l\u00ednia del concurs.\u00a0Per informar-vos d\u2019aquests detalls i de les bases de participaci\u00f3, accediu en aquesta adre\u00e7a:<\/p>\n<p><a href=\"http:\/\/xtec.gencat.cat\/ca\/projectes\/lectura\/gustperlalectura\/concurs\/convocatoriaibases\/\" target=\"_blank\" rel=\"noreferrer noopener\" data-saferedirecturl=\"https:\/\/www.google.com\/url?q=http:\/\/xtec.gencat.cat\/ca\/projectes\/lectura\/gustperlalectura\/concurs\/convocatoriaibases\/&amp;source=gmail&amp;ust=1573035137315000&amp;usg=AFQjCNE50Pn8YUKD2ZG-JZsLzMi8Ir_oIg\" data-mt-detrack-inspected=\"true\" data-mt-detrack-attachment-inspected=\"true\">http:\/\/xtec.gencat.cat\/ca\/<wbr \/>projectes\/lectura\/<wbr \/>gustperlalectura\/concurs\/<wbr \/>convocatoriaibases\/<\/a><\/p>\n<p>Esperem que aquesta informaci\u00f3 i les propostes del concurs us resultin \u00fatils en la vostra tasca docent com en cursos anteriors i us encoratgem a continuar el projecte de formar bons lectors per mitj\u00e0 del concurs\u00a0<i>El Gust per la Lectura<\/i>.<\/p>\n<\/div>\n<\/div>\n<\/div>\n","protected":false},"excerpt":{"rendered":"<p><a href=\"https:\/\/serveiseducatius.xtec.cat\/eixample\/wp-content\/uploads\/usu1171\/2019\/11\/600_gust_lectura.jpg\"><\/a>S\u2019ha obert el termini d\u2019inscripci\u00f3 a la 25a edici\u00f3 del concurs escolar\u00a0El Gust per la Lectura, que organitza el Departament d\u2019Educaci\u00f3, adre\u00e7at a l\u2019alumnat dels nivells educatius no universitaris de Catalunya, del qual us annexem les\u00a0bases\u00a0i un\u00a0tr\u00edptic\u00a0informatiu.<\/p>\n<p>El Gust per la Lectura\u00a0\u00e9s un programa educatiu&hellip;  <a href=\"https:\/\/serveiseducatius.xtec.cat\/eixample\/general\/xxv-concurs-el-gust-per-la-lectura\/\" title=\"Read XXV Concurs El gust per la lectura\">Llegeix m\u00e9s\u00bb<\/a><\/p>\n","protected":false},"author":4,"featured_media":10636,"comment_status":"closed","ping_status":"closed","sticky":false,"template":"","format":"standard","meta":{"_bbp_topic_count":0,"_bbp_reply_count":0,"_bbp_total_topic_count":0,"_bbp_total_reply_count":0,"_bbp_voice_count":0,"_bbp_anonymous_reply_count":0,"_bbp_topic_count_hidden":0,"_bbp_reply_count_hidden":0,"_bbp_forum_subforum_count":0,"footnotes":""},"categories":[315,81,1,29],"tags":[],"class_list":["post-10225","post","type-post","status-publish","format-standard","has-post-thumbnail","hentry","category-actualitat-be","category-biblioteca","category-general","category-portada"],"post_mailing_queue_ids":[],"_links":{"self":[{"href":"https:\/\/serveiseducatius.xtec.cat\/eixample\/wp-json\/wp\/v2\/posts\/10225","targetHints":{"allow":["GET"]}}],"collection":[{"href":"https:\/\/serveiseducatius.xtec.cat\/eixample\/wp-json\/wp\/v2\/posts"}],"about":[{"href":"https:\/\/serveiseducatius.xtec.cat\/eixample\/wp-json\/wp\/v2\/types\/post"}],"author":[{"embeddable":true,"href":"https:\/\/serveiseducatius.xtec.cat\/eixample\/wp-json\/wp\/v2\/users\/4"}],"replies":[{"embeddable":true,"href":"https:\/\/serveiseducatius.xtec.cat\/eixample\/wp-json\/wp\/v2\/comments?post=10225"}],"version-history":[{"count":2,"href":"https:\/\/serveiseducatius.xtec.cat\/eixample\/wp-json\/wp\/v2\/posts\/10225\/revisions"}],"predecessor-version":[{"id":10637,"href":"https:\/\/serveiseducatius.xtec.cat\/eixample\/wp-json\/wp\/v2\/posts\/10225\/revisions\/10637"}],"wp:featuredmedia":[{"embeddable":true,"href":"https:\/\/serveiseducatius.xtec.cat\/eixample\/wp-json\/wp\/v2\/media\/10636"}],"wp:attachment":[{"href":"https:\/\/serveiseducatius.xtec.cat\/eixample\/wp-json\/wp\/v2\/media?parent=10225"}],"wp:term":[{"taxonomy":"category","embeddable":true,"href":"https:\/\/serveiseducatius.xtec.cat\/eixample\/wp-json\/wp\/v2\/categories?post=10225"},{"taxonomy":"post_tag","embeddable":true,"href":"https:\/\/serveiseducatius.xtec.cat\/eixample\/wp-json\/wp\/v2\/tags?post=10225"}],"curies":[{"name":"wp","href":"https:\/\/api.w.org\/{rel}","templated":true}]}}