{"id":10190,"date":"2019-10-23T14:20:06","date_gmt":"2019-10-23T12:20:06","guid":{"rendered":"http:\/\/serveiseducatius.xtec.cat\/eixample\/?p=10190"},"modified":"2020-03-01T08:42:34","modified_gmt":"2020-03-01T07:42:34","slug":"lectures-per-parlar-de-politica-llibertat-democracia-i-resolucio-de-conflictes-amb-infants-i-joves","status":"publish","type":"post","link":"https:\/\/serveiseducatius.xtec.cat\/eixample\/general\/lectures-per-parlar-de-politica-llibertat-democracia-i-resolucio-de-conflictes-amb-infants-i-joves\/","title":{"rendered":"Lectures per parlar de pol\u00edtica, llibertat, democr\u00e0cia i resoluci\u00f3 de conflictes"},"content":{"rendered":"<p><a href=\"https:\/\/serveiseducatius.xtec.cat\/eixample\/wp-content\/uploads\/usu1171\/2019\/10\/600_franklibro.jpg\"><img loading=\"lazy\" decoding=\"async\" class=\"alignleft wp-image-10641\" src=\"https:\/\/serveiseducatius.xtec.cat\/eixample\/wp-content\/uploads\/usu1171\/2019\/10\/600_franklibro.jpg\" alt=\"\" width=\"500\" height=\"300\" srcset=\"https:\/\/serveiseducatius.xtec.cat\/eixample\/wp-content\/uploads\/usu1171\/2019\/10\/600_franklibro.jpg 1000w, https:\/\/serveiseducatius.xtec.cat\/eixample\/wp-content\/uploads\/usu1171\/2019\/10\/600_franklibro-300x180.jpg 300w, https:\/\/serveiseducatius.xtec.cat\/eixample\/wp-content\/uploads\/usu1171\/2019\/10\/600_franklibro-768x461.jpg 768w\" sizes=\"auto, (max-width: 500px) 100vw, 500px\" \/><\/a>L\u2019Associaci\u00f3 de mestres Rosa Sensat ha publicat una selecci\u00f3 de llibres per acostar, a l\u2019escola i a l\u2019institut, lectures que aborden conceptes i realitats molt actuals: pol\u00edtica, democr\u00e0cia, eleccions, conflicte, di\u00e0leg, desobedi\u00e8ncia, conviv\u00e8ncia, revolta, pau\u2026<\/p>\n<p>Podeu veure l\u2019\u00faltim article a\u00a0<a href=\"http:\/\/serveiseducatius.xtec.cat\/bdrlectura\/portada\/lectures-per-parlar-de-politica-llibertat-democracia-i-resolucio-de-conflictes\/\" target=\"_blank\" rel=\"noopener noreferrer\" data-saferedirecturl=\"https:\/\/www.google.com\/url?q=http:\/\/serveiseducatius.xtec.cat\/bdrlectura\/portada\/lectures-per-parlar-de-politica-llibertat-democracia-i-resolucio-de-conflictes\/&amp;source=gmail&amp;ust=1571918966139000&amp;usg=AFQjCNHU04l51YypvGbgN_jZ3RvQky_RCg\" data-mt-detrack-inspected=\"true\" data-mt-detrack-attachment-inspected=\"true\">http:\/\/serveiseducatius.xtec.<wbr \/>cat\/bdrlectura\/portada\/<wbr \/>lectures-per-parlar-de-<wbr \/>politica-llibertat-democracia-<wbr \/>i-resolucio-de-conflictes\/<\/a><\/p>\n<p>Heu rebut aquest correu perqu\u00e8 vau demanar que se us notifiqu\u00e9s la publicaci\u00f3 d\u2019articles nous<\/p>\n<p>&nbsp;<\/p>\n","protected":false},"excerpt":{"rendered":"<p><a href=\"https:\/\/serveiseducatius.xtec.cat\/eixample\/wp-content\/uploads\/usu1171\/2019\/10\/600_franklibro.jpg\"><\/a>L\u2019Associaci\u00f3 de mestres Rosa Sensat ha publicat una selecci\u00f3 de llibres per acostar, a l\u2019escola i a l\u2019institut, lectures que aborden conceptes i realitats molt actuals: pol\u00edtica, democr\u00e0cia, eleccions, conflicte, di\u00e0leg, desobedi\u00e8ncia, conviv\u00e8ncia, revolta, pau\u2026<br \/>\nPodeu veure l\u2019\u00faltim article a\u00a0<a href=\"http:\/\/serveiseducatius.xtec.cat\/bdrlectura\/portada\/lectures-per-parlar-de-politica-llibertat-democracia-i-resolucio-de-conflictes\/\" target=\"_blank\" rel=\"noopener noreferrer\" data-saferedirecturl=\"https:\/\/www.google.com\/url?q=http:\/\/serveiseducatius.xtec.cat\/bdrlectura\/portada\/lectures-per-parlar-de-politica-llibertat-democracia-i-resolucio-de-conflictes\/&amp;source=gmail&amp;ust=1571918966139000&amp;usg=AFQjCNHU04l51YypvGbgN_jZ3RvQky_RCg\"&hellip;  <a href=\"https:\/\/serveiseducatius.xtec.cat\/eixample\/general\/lectures-per-parlar-de-politica-llibertat-democracia-i-resolucio-de-conflictes-amb-infants-i-joves\/\" title=\"Read Lectures per parlar de pol\u00edtica, llibertat, democr\u00e0cia i resoluci\u00f3 de conflictes\">Llegeix m\u00e9s\u00bb<\/a><\/p>\n","protected":false},"author":4,"featured_media":10641,"comment_status":"closed","ping_status":"closed","sticky":false,"template":"","format":"standard","meta":{"_bbp_topic_count":0,"_bbp_reply_count":0,"_bbp_total_topic_count":0,"_bbp_total_reply_count":0,"_bbp_voice_count":0,"_bbp_anonymous_reply_count":0,"_bbp_topic_count_hidden":0,"_bbp_reply_count_hidden":0,"_bbp_forum_subforum_count":0,"footnotes":""},"categories":[315,81,65,1,317],"tags":[342,341,340],"class_list":["post-10190","post","type-post","status-publish","format-standard","has-post-thumbnail","hentry","category-actualitat-be","category-biblioteca","category-crp","category-general","category-recomanacions-lij","tag-democracia-i-resolucio-de-conflictes","tag-llibertat","tag-politica"],"post_mailing_queue_ids":[],"_links":{"self":[{"href":"https:\/\/serveiseducatius.xtec.cat\/eixample\/wp-json\/wp\/v2\/posts\/10190","targetHints":{"allow":["GET"]}}],"collection":[{"href":"https:\/\/serveiseducatius.xtec.cat\/eixample\/wp-json\/wp\/v2\/posts"}],"about":[{"href":"https:\/\/serveiseducatius.xtec.cat\/eixample\/wp-json\/wp\/v2\/types\/post"}],"author":[{"embeddable":true,"href":"https:\/\/serveiseducatius.xtec.cat\/eixample\/wp-json\/wp\/v2\/users\/4"}],"replies":[{"embeddable":true,"href":"https:\/\/serveiseducatius.xtec.cat\/eixample\/wp-json\/wp\/v2\/comments?post=10190"}],"version-history":[{"count":3,"href":"https:\/\/serveiseducatius.xtec.cat\/eixample\/wp-json\/wp\/v2\/posts\/10190\/revisions"}],"predecessor-version":[{"id":10643,"href":"https:\/\/serveiseducatius.xtec.cat\/eixample\/wp-json\/wp\/v2\/posts\/10190\/revisions\/10643"}],"wp:featuredmedia":[{"embeddable":true,"href":"https:\/\/serveiseducatius.xtec.cat\/eixample\/wp-json\/wp\/v2\/media\/10641"}],"wp:attachment":[{"href":"https:\/\/serveiseducatius.xtec.cat\/eixample\/wp-json\/wp\/v2\/media?parent=10190"}],"wp:term":[{"taxonomy":"category","embeddable":true,"href":"https:\/\/serveiseducatius.xtec.cat\/eixample\/wp-json\/wp\/v2\/categories?post=10190"},{"taxonomy":"post_tag","embeddable":true,"href":"https:\/\/serveiseducatius.xtec.cat\/eixample\/wp-json\/wp\/v2\/tags?post=10190"}],"curies":[{"name":"wp","href":"https:\/\/api.w.org\/{rel}","templated":true}]}}