{"id":10140,"date":"2019-10-21T17:34:33","date_gmt":"2019-10-21T15:34:33","guid":{"rendered":"http:\/\/serveiseducatius.xtec.cat\/eixample\/?p=10140"},"modified":"2019-12-05T10:05:55","modified_gmt":"2019-12-05T09:05:55","slug":"cicle-dimpuls-a-les-biblioteques-escolars","status":"publish","type":"post","link":"https:\/\/serveiseducatius.xtec.cat\/eixample\/general\/cicle-dimpuls-a-les-biblioteques-escolars\/","title":{"rendered":"Cicle d&#8217;Impuls a les Biblioteques Escolars"},"content":{"rendered":"<div id=\"texnoticia\">\n<p>Dins de l\u2019Any de la Literatura Infantil i Juvenil, el Municipi de Montcada i Reixac dedicar\u00e0 el mes d&#8217;octubre a les Biblioteques Escolars i ha les biblioteques i el CRP del Vall\u00e8s Occidental VI preparat un cicle d\u2019impuls a les biblioteques escolars que tindr\u00e0 forma de curs semipresencial de 35h: 16 presencials i 19h no presencials perqu\u00e8 els assistents puguin preparar el projecte de biblioteca escolar).<\/p>\n<p>\u00c9s un curs incl\u00f2s en el Pla de Formaci\u00f3 Permanent del CRP i, per tant, reconegut pel Departament d\u2019Educaci\u00f3 de la Generalitat de Catalunya.<\/p>\n<p>Al llarg de tot el curs 2019-2020 realitzarem sessions mensuals que permetran abordar diferents tem\u00e0tiques: l\u2019itinerari lector a l\u2019escola, la dinamitzaci\u00f3 de la biblioteca escolar a prim\u00e0ria i a secund\u00e0ria, la lectura a l\u2019institut, les directrius internacionals en aquesta mat\u00e8ria, les compet\u00e8ncia liter\u00e0ries i la tert\u00falia a l\u2019aula, l\u2019elaboraci\u00f3 de projectes engrescadors i potents per a les biblioteques escolars, les novetats liter\u00e0ries del moment&#8230;<\/p>\n<p>Les inscripcions persones interessades es poden inscriure a a tot el cicle o a sessions concretes.<\/p>\n<p><em>Il\u00b7lustraci\u00f3 de Noem\u00ed Villamuza.<\/em><\/p>\n<\/div>\n<p>+Informaci\u00f3:<br \/>\n<em><a href=\"http:\/\/https\/\/anydelaliteraturainfantilijuvenil.montcada.cat\/cicle-be\/\" target=\"_blank\" rel=\"noopener noreferrer\">https:\/\/anydelaliteraturainfantilijuveni &#8230;<\/a><\/em><\/p>\n","protected":false},"excerpt":{"rendered":"<p>Dins de l\u2019Any de la Literatura Infantil i Juvenil, el Municipi de Montcada i Reixac dedicar\u00e0 el mes d&#8217;octubre a les Biblioteques Escolars i ha les biblioteques i el CRP del Vall\u00e8s Occidental VI preparat un cicle d\u2019impuls a les biblioteques escolars que tindr\u00e0 forma&hellip;  <a href=\"https:\/\/serveiseducatius.xtec.cat\/eixample\/general\/cicle-dimpuls-a-les-biblioteques-escolars\/\" title=\"Read Cicle d&#8217;Impuls a les Biblioteques Escolars\">Llegeix m\u00e9s\u00bb<\/a><\/p>\n","protected":false},"author":4,"featured_media":10141,"comment_status":"closed","ping_status":"closed","sticky":false,"template":"","format":"standard","meta":{"_bbp_topic_count":0,"_bbp_reply_count":0,"_bbp_total_topic_count":0,"_bbp_total_reply_count":0,"_bbp_voice_count":0,"_bbp_anonymous_reply_count":0,"_bbp_topic_count_hidden":0,"_bbp_reply_count_hidden":0,"_bbp_forum_subforum_count":0,"footnotes":""},"categories":[315,81,65,1],"tags":[],"class_list":["post-10140","post","type-post","status-publish","format-standard","has-post-thumbnail","hentry","category-actualitat-be","category-biblioteca","category-crp","category-general"],"post_mailing_queue_ids":[],"_links":{"self":[{"href":"https:\/\/serveiseducatius.xtec.cat\/eixample\/wp-json\/wp\/v2\/posts\/10140","targetHints":{"allow":["GET"]}}],"collection":[{"href":"https:\/\/serveiseducatius.xtec.cat\/eixample\/wp-json\/wp\/v2\/posts"}],"about":[{"href":"https:\/\/serveiseducatius.xtec.cat\/eixample\/wp-json\/wp\/v2\/types\/post"}],"author":[{"embeddable":true,"href":"https:\/\/serveiseducatius.xtec.cat\/eixample\/wp-json\/wp\/v2\/users\/4"}],"replies":[{"embeddable":true,"href":"https:\/\/serveiseducatius.xtec.cat\/eixample\/wp-json\/wp\/v2\/comments?post=10140"}],"version-history":[{"count":1,"href":"https:\/\/serveiseducatius.xtec.cat\/eixample\/wp-json\/wp\/v2\/posts\/10140\/revisions"}],"predecessor-version":[{"id":10142,"href":"https:\/\/serveiseducatius.xtec.cat\/eixample\/wp-json\/wp\/v2\/posts\/10140\/revisions\/10142"}],"wp:featuredmedia":[{"embeddable":true,"href":"https:\/\/serveiseducatius.xtec.cat\/eixample\/wp-json\/wp\/v2\/media\/10141"}],"wp:attachment":[{"href":"https:\/\/serveiseducatius.xtec.cat\/eixample\/wp-json\/wp\/v2\/media?parent=10140"}],"wp:term":[{"taxonomy":"category","embeddable":true,"href":"https:\/\/serveiseducatius.xtec.cat\/eixample\/wp-json\/wp\/v2\/categories?post=10140"},{"taxonomy":"post_tag","embeddable":true,"href":"https:\/\/serveiseducatius.xtec.cat\/eixample\/wp-json\/wp\/v2\/tags?post=10140"}],"curies":[{"name":"wp","href":"https:\/\/api.w.org\/{rel}","templated":true}]}}